{"id":132322,"date":"2026-03-21T13:06:23","date_gmt":"2026-03-21T19:06:23","guid":{"rendered":"https:\/\/diariolanoticia.com.mx\/?p=132322"},"modified":"2026-03-21T13:06:23","modified_gmt":"2026-03-21T19:06:23","slug":"por-primera-vez-congreso-de-puebla-firma-convenio-con-la-camara-de-diputados","status":"publish","type":"post","link":"https:\/\/diariolanoticia.com.mx\/?p=132322","title":{"rendered":"Por primera vez, Congreso de Puebla firma convenio con la C\u00e1mara de Diputados"},"content":{"rendered":"\n<figure class=\"wp-block-gallery has-nested-images columns-default is-cropped wp-block-gallery-1 is-layout-flex wp-block-gallery-is-layout-flex\">\n<figure class=\"wp-block-image\"><img loading=\"lazy\" decoding=\"async\" width=\"1024\" height=\"682\" data-id=\"132319\" src=\"https:\/\/diariolanoticia.com.mx\/wp-content\/uploads\/2026\/03\/188300e2-0054-42ac-852f-d20e01a1bb96-1024x682.jpg\" alt=\"\" class=\"wp-image-132319\" srcset=\"https:\/\/diariolanoticia.com.mx\/wp-content\/uploads\/2026\/03\/188300e2-0054-42ac-852f-d20e01a1bb96-1024x682.jpg 1024w, https:\/\/diariolanoticia.com.mx\/wp-content\/uploads\/2026\/03\/188300e2-0054-42ac-852f-d20e01a1bb96-300x200.jpg 300w, https:\/\/diariolanoticia.com.mx\/wp-content\/uploads\/2026\/03\/188300e2-0054-42ac-852f-d20e01a1bb96-768x512.jpg 768w, https:\/\/diariolanoticia.com.mx\/wp-content\/uploads\/2026\/03\/188300e2-0054-42ac-852f-d20e01a1bb96.jpg 1280w\" sizes=\"auto, (max-width: 1024px) 100vw, 1024px\" \/><\/figure>\n\n\n\n<figure class=\"wp-block-image\"><img loading=\"lazy\" decoding=\"async\" width=\"1024\" height=\"682\" data-id=\"132321\" src=\"https:\/\/diariolanoticia.com.mx\/wp-content\/uploads\/2026\/03\/b56fdd45-877a-4703-bbca-732847572b07-1024x682.jpg\" alt=\"\" class=\"wp-image-132321\" srcset=\"https:\/\/diariolanoticia.com.mx\/wp-content\/uploads\/2026\/03\/b56fdd45-877a-4703-bbca-732847572b07-1024x682.jpg 1024w, https:\/\/diariolanoticia.com.mx\/wp-content\/uploads\/2026\/03\/b56fdd45-877a-4703-bbca-732847572b07-300x200.jpg 300w, https:\/\/diariolanoticia.com.mx\/wp-content\/uploads\/2026\/03\/b56fdd45-877a-4703-bbca-732847572b07-768x512.jpg 768w, https:\/\/diariolanoticia.com.mx\/wp-content\/uploads\/2026\/03\/b56fdd45-877a-4703-bbca-732847572b07.jpg 1280w\" sizes=\"auto, (max-width: 1024px) 100vw, 1024px\" \/><\/figure>\n\n\n\n<figure class=\"wp-block-image\"><img loading=\"lazy\" decoding=\"async\" width=\"1024\" height=\"682\" data-id=\"132320\" src=\"https:\/\/diariolanoticia.com.mx\/wp-content\/uploads\/2026\/03\/fb34afa0-bd48-40b2-af86-fe1c0f230db4-1024x682.jpg\" alt=\"\" class=\"wp-image-132320\" srcset=\"https:\/\/diariolanoticia.com.mx\/wp-content\/uploads\/2026\/03\/fb34afa0-bd48-40b2-af86-fe1c0f230db4-1024x682.jpg 1024w, https:\/\/diariolanoticia.com.mx\/wp-content\/uploads\/2026\/03\/fb34afa0-bd48-40b2-af86-fe1c0f230db4-300x200.jpg 300w, https:\/\/diariolanoticia.com.mx\/wp-content\/uploads\/2026\/03\/fb34afa0-bd48-40b2-af86-fe1c0f230db4-768x512.jpg 768w, https:\/\/diariolanoticia.com.mx\/wp-content\/uploads\/2026\/03\/fb34afa0-bd48-40b2-af86-fe1c0f230db4.jpg 1280w\" sizes=\"auto, (max-width: 1024px) 100vw, 1024px\" \/><\/figure>\n<\/figure>\n\n\n\n<p class=\"s12\">Con la presencia de diputadas y diputados locales y federales se llev\u00f3 a cabo la Firma de Convenio de Colaboraci\u00f3n del Congreso del Estado de Puebla con la C\u00e1mara de Diputados del Congreso de la Uni\u00f3n, que tiene el objetivo de fortalecer la capacitaci\u00f3n e intercambio acad\u00e9mico y legislativo, en beneficio de la ciudadan\u00eda.&nbsp;<\/p>\n\n\n\n<p class=\"s12\">En su mensaje de bienvenida, el presidente de la Junta de Gobierno y Coordinaci\u00f3n Pol\u00edtica del Congreso del Estado de Puebla, P\u00e1vel Gaspar Ram\u00edrez, destac\u00f3 que con este convenio se atienden cuestiones de fondo, como fortalecer la funci\u00f3n legislativa para mejorar la t\u00e9cnica jur\u00eddica y profesionalizar las instituciones, as\u00ed como impulsar la investigaci\u00f3n, capacitaci\u00f3n, modernizaci\u00f3n parlamentaria y participaci\u00f3n ciudadana.&nbsp;<\/p>\n\n\n\n<p class=\"s12\">\u201cHoy, al firmar este convenio, yo no veo papel, veo oportunidad, oportunidad de tener un Congreso m\u00e1s fuerte, m\u00e1s preparado y cercano. Que este acto sea testimonio de algo muy claro: Puebla coopera sin renunciar o invadir soberan\u00edas. Puebla aprende sin perder su identidad. Puebla se fortalece para cuidar lo m\u00e1s importante, su gente. Reafirmamos que el camino es servir, escuchar, coordinarnos y hacer del derecho una realidad\u201d, enfatiz\u00f3.&nbsp;<\/p>\n\n\n\n<p class=\"s12\">Durante su mensaje, el presidente de la Junta de Coordinaci\u00f3n Pol\u00edtica de la C\u00e1mara de Diputados del Congreso de la Uni\u00f3n, Ricardo Monreal \u00c1vila, resalt\u00f3 la importancia de la cooperaci\u00f3n con los Estados y, en espec\u00edfico con Puebla, donde por primera vez se firma este convenio, con un sentido federalista.&nbsp;<\/p>\n\n\n\n<p class=\"s12\">\u201cUstedes podr\u00e1n ser parte de nuestro Congreso en todo lo que tenemos y que podemos compartir (\u2026) nuestro acervo cultural, nuestro acervo acad\u00e9mico, nuestra capacitaci\u00f3n permanente y si les interesa alguna diputada o un diputado tomar un curso, una especializaci\u00f3n, un diplomado, lo van a poder hacer sin restricci\u00f3n, con apertura y con toda la disposici\u00f3n que tiene la C\u00e1mara de Diputados Federal\u201d, precis\u00f3.<\/p>\n\n\n\n<p class=\"s12\">En representaci\u00f3n del gobernador Alejandro Armenta, el titular de la Secretar\u00eda de Gobernaci\u00f3n, Samuel Aguilar Pala, expuso que esta firma de convenio har\u00e1 m\u00e1s eficiente el&nbsp;trabajo y los resultados de este Congreso, adem\u00e1s traer\u00e1 buenos resultados para las y los poblanos.&nbsp;<\/p>\n\n\n\n<p class=\"s12\">Por su parte, el coordinador de diputados federales, Juan Antonio Gonz\u00e1lez Hern\u00e1ndez, expuso que esta firma de convenio constituye un compromiso de trabajar de manera coordinada y fortalecer la funci\u00f3n legislativa. Adem\u00e1s, se abre una ruta para el intercambio de experiencias, el desarrollo de programas de capacitaci\u00f3n, investigaci\u00f3n jur\u00eddica, el fortalecimiento de capacidades t\u00e9cnicas, la profesionalizaci\u00f3n del trabajo parlamentario y la construcci\u00f3n de agendas comunes.&nbsp;<\/p>\n\n\n\n<p class=\"s12\">Durante el acto protocolario estuvieron presentes diputadas y diputados federales y locales, as\u00ed como la presidenta del Tribunal Superior de Justicia, Mar\u00eda Belinda Aguilar D\u00edaz, la titular de la&nbsp;Fiscal\u00eda General&nbsp;del Estado,&nbsp;Idamis&nbsp;Pastor Betancourt, integrantes del Gabinete Estatal, presidentas y presidentes municipales.<\/p>\n","protected":false},"excerpt":{"rendered":"<p>Con la presencia de diputadas y diputados locales y federales se llev\u00f3 a cabo la Firma de Convenio de Colaboraci\u00f3n del Congreso del Estado de Puebla con la C\u00e1mara de Diputados del Congreso de la Uni\u00f3n, que tiene el objetivo de fortalecer la capacitaci\u00f3n e intercambio acad\u00e9mico y legislativo, en beneficio de la ciudadan\u00eda.&nbsp; En [&hellip;]<\/p>\n","protected":false},"author":1,"featured_media":132318,"comment_status":"closed","ping_status":"open","sticky":false,"template":"","format":"standard","meta":{"footnotes":""},"categories":[20],"tags":[],"class_list":["post-132322","post","type-post","status-publish","format-standard","has-post-thumbnail","hentry","category-norte-de-puebla"],"blog_post_layout_featured_media_urls":{"thumbnail":["https:\/\/diariolanoticia.com.mx\/wp-content\/uploads\/2026\/03\/c5a10cf6-79d0-4e18-92de-caf777c6e0c0-216x160.jpg",216,160,true],"full":["https:\/\/diariolanoticia.com.mx\/wp-content\/uploads\/2026\/03\/c5a10cf6-79d0-4e18-92de-caf777c6e0c0.jpg",1280,853,false]},"categories_names":{"20":{"name":"Norte de Puebla","link":"https:\/\/diariolanoticia.com.mx\/?cat=20"}},"tags_names":[],"comments_number":"0","wpmagazine_modules_lite_featured_media_urls":{"thumbnail":["https:\/\/diariolanoticia.com.mx\/wp-content\/uploads\/2026\/03\/c5a10cf6-79d0-4e18-92de-caf777c6e0c0-216x160.jpg",216,160,true],"cvmm-medium":["https:\/\/diariolanoticia.com.mx\/wp-content\/uploads\/2026\/03\/c5a10cf6-79d0-4e18-92de-caf777c6e0c0-300x300.jpg",300,300,true],"cvmm-medium-plus":["https:\/\/diariolanoticia.com.mx\/wp-content\/uploads\/2026\/03\/c5a10cf6-79d0-4e18-92de-caf777c6e0c0-305x207.jpg",305,207,true],"cvmm-portrait":["https:\/\/diariolanoticia.com.mx\/wp-content\/uploads\/2026\/03\/c5a10cf6-79d0-4e18-92de-caf777c6e0c0-400x600.jpg",400,600,true],"cvmm-medium-square":["https:\/\/diariolanoticia.com.mx\/wp-content\/uploads\/2026\/03\/c5a10cf6-79d0-4e18-92de-caf777c6e0c0-600x600.jpg",600,600,true],"cvmm-large":["https:\/\/diariolanoticia.com.mx\/wp-content\/uploads\/2026\/03\/c5a10cf6-79d0-4e18-92de-caf777c6e0c0-1024x853.jpg",1024,853,true],"cvmm-small":["https:\/\/diariolanoticia.com.mx\/wp-content\/uploads\/2026\/03\/c5a10cf6-79d0-4e18-92de-caf777c6e0c0-130x95.jpg",130,95,true],"full":["https:\/\/diariolanoticia.com.mx\/wp-content\/uploads\/2026\/03\/c5a10cf6-79d0-4e18-92de-caf777c6e0c0.jpg",1280,853,false]},"_links":{"self":[{"href":"https:\/\/diariolanoticia.com.mx\/index.php?rest_route=\/wp\/v2\/posts\/132322","targetHints":{"allow":["GET"]}}],"collection":[{"href":"https:\/\/diariolanoticia.com.mx\/index.php?rest_route=\/wp\/v2\/posts"}],"about":[{"href":"https:\/\/diariolanoticia.com.mx\/index.php?rest_route=\/wp\/v2\/types\/post"}],"author":[{"embeddable":true,"href":"https:\/\/diariolanoticia.com.mx\/index.php?rest_route=\/wp\/v2\/users\/1"}],"replies":[{"embeddable":true,"href":"https:\/\/diariolanoticia.com.mx\/index.php?rest_route=%2Fwp%2Fv2%2Fcomments&post=132322"}],"version-history":[{"count":1,"href":"https:\/\/diariolanoticia.com.mx\/index.php?rest_route=\/wp\/v2\/posts\/132322\/revisions"}],"predecessor-version":[{"id":132323,"href":"https:\/\/diariolanoticia.com.mx\/index.php?rest_route=\/wp\/v2\/posts\/132322\/revisions\/132323"}],"wp:featuredmedia":[{"embeddable":true,"href":"https:\/\/diariolanoticia.com.mx\/index.php?rest_route=\/wp\/v2\/media\/132318"}],"wp:attachment":[{"href":"https:\/\/diariolanoticia.com.mx\/index.php?rest_route=%2Fwp%2Fv2%2Fmedia&parent=132322"}],"wp:term":[{"taxonomy":"category","embeddable":true,"href":"https:\/\/diariolanoticia.com.mx\/index.php?rest_route=%2Fwp%2Fv2%2Fcategories&post=132322"},{"taxonomy":"post_tag","embeddable":true,"href":"https:\/\/diariolanoticia.com.mx\/index.php?rest_route=%2Fwp%2Fv2%2Ftags&post=132322"}],"curies":[{"name":"wp","href":"https:\/\/api.w.org\/{rel}","templated":true}]}}