{"id":132329,"date":"2026-03-21T13:06:23","date_gmt":"2026-03-21T19:06:23","guid":{"rendered":"https:\/\/diariolanoticia.com.mx\/?p=132329"},"modified":"2026-03-21T13:06:23","modified_gmt":"2026-03-21T19:06:23","slug":"aprueba-congreso-la-universidad-de-la-creacion-del-arte-y-la-cultura","status":"publish","type":"post","link":"https:\/\/diariolanoticia.com.mx\/?p=132329","title":{"rendered":"Aprueba Congreso la \u201cUniversidad de la Creaci\u00f3n del Arte y la Cultura\u201d"},"content":{"rendered":"\n<p class=\"s12\">&#8211; Durante la sesi\u00f3n ordinaria se avalaron dict\u00e1menes en materia de gobernaci\u00f3n, hacienda, desarrollo rural, ciencias, turismo, derechos humanos y juventud<\/p>\n\n\n\n<p class=\"s12\">En sesi\u00f3n p\u00fablica ordinaria, el Congreso del Estado aval\u00f3 el dictamen para crear el Organismo P\u00fablico Descentralizado denominado \u201cUniversidad de la Creaci\u00f3n del Arte y la Cultura\u201d, que tendr\u00e1 como objetivo atender las necesidades educativas de tipo superior en sus distintos niveles y modalidades, as\u00ed como de bachillerato t\u00e9cnico especializado en las bellas artes.&nbsp;<\/p>\n\n\n\n<p class=\"s12\">Esto se realizar\u00e1 mediante la impartici\u00f3n de planes y programas de estudio con pertinencia sociocultural en disciplinas como arquitectura, m\u00fasica, artes pl\u00e1sticas, artes dram\u00e1ticas y danza.<\/p>\n\n\n\n<p class=\"s12\">Por otra parte, las y los diputados de la LXII Legislatura aprobaron el dictamen para reformar y adicionar diversas disposiciones de la Ley que crea el Consejo de Armonizaci\u00f3n Contable para el Estado Libre y Soberano de Puebla, con la finalidad de contribuir a la actualizaci\u00f3n del marco jur\u00eddico en materia de disciplina financiera y contabilidad p\u00fablica, que permita brindar certeza y seguridad jur\u00eddica.<\/p>\n\n\n\n<p class=\"s12\">Tambi\u00e9n se aprob\u00f3 el acuerdo para denominar al Sal\u00f3n de Protocolo de la sede alterna del Congreso del Estado como Sal\u00f3n de Protocolo \u201cElena Garro\u201d, en reconocimiento a una de las mujeres emblem\u00e1ticas de la cultura poblana y de la literatura mexicana, se\u00f1al\u00f3 la diputada Araceli Celestino Rosas.<\/p>\n\n\n\n<p class=\"s12\">En su intervenci\u00f3n, la diputada Laura Guadalupe Vargas&nbsp;Vargas, acompa\u00f1ada de diputadas de la LXII Legislatura, afirm\u00f3 que denominar el Sal\u00f3n de Protocolo con el nombre de Elena Garro representa un acto de justicia hist\u00f3rica y una reivindicaci\u00f3n cultural.<\/p>\n\n\n\n<p class=\"s12\">&nbsp;Para este espacio se plantea la creaci\u00f3n de un acervo feminista que contribuya a la memoria hist\u00f3rica y a la consulta p\u00fablica para las y los poblanos.<\/p>\n\n\n\n<p class=\"s12\">&nbsp;El Pleno aprob\u00f3 tambi\u00e9n el acuerdo para exhortar a la Secretar\u00eda de Agricultura y Desarrollo Rural del Estado a implementar acciones coordinadas con los Ayuntamientos, Concejos Municipales y asociaciones ganaderas de la entidad, con el fin de prevenir y erradicar la brucelosis y la tuberculosis, as\u00ed como contener el gusano barrenador y otros padecimientos bovinos.<\/p>\n\n\n\n<p class=\"s12\">La diputada Laura Guadalupe Vargas&nbsp;Vargas&nbsp;se\u00f1al\u00f3 que, mediante la implementaci\u00f3n de campa\u00f1as de vacunaci\u00f3n, la capacitaci\u00f3n de productores y la habilitaci\u00f3n de m\u00e9dicos veterinarios zootecnistas como inspectores ganaderos en tianguis, mercados y establecimientos, se fortalecer\u00e1 el esquema de trazabilidad, sanidad y movilizaci\u00f3n de la ganader\u00eda poblana, as\u00ed como la protecci\u00f3n de la salud de las y los poblanos.<\/p>\n\n\n\n<p class=\"s12\">Durante la sesi\u00f3n se aval\u00f3 el acuerdo para exhortar a la Secretar\u00eda de Deporte y Juventud y a la Secretar\u00eda de Ciencia, Humanidades, Tecnolog\u00eda e Innovaci\u00f3n a implementar, de manera coordinada, acciones de acompa\u00f1amiento para j\u00f3venes interesados en prepararse en tecnolog\u00edas de la informaci\u00f3n, comunicaci\u00f3n e inteligencia artificial.<\/p>\n\n\n\n<p class=\"s12\">La diputada Ang\u00e9lica Alvarado Ju\u00e1rez se\u00f1al\u00f3 que el acuerdo busca apoyar a la juventud en procesos de inscripci\u00f3n, conectividad, tutor\u00eda, desarrollo de habilidades y vinculaci\u00f3n acad\u00e9mica y laboral; adem\u00e1s de habilitar canales de difusi\u00f3n y comunicaci\u00f3n bajo principios de accesibilidad universal que permitan conocer los programas de apoyo gubernamental de los tres niveles de gobierno.<\/p>\n\n\n\n<p class=\"s12\">Asimismo, el Pleno del Congreso aprob\u00f3 tambi\u00e9n el acuerdo para exhortar a la Secretar\u00eda de Desarrollo Tur\u00edstico a fortalecer, en coordinaci\u00f3n con Ayuntamientos y Concejos Municipales, la difusi\u00f3n de la oferta tur\u00edstica del estado, con el objetivo de incrementar la afluencia de visitantes, activar la econom\u00eda y generar empleos en la entidad.<\/p>\n\n\n\n<p class=\"s12\">En su intervenci\u00f3n, la diputada Modesta Delgado Ju\u00e1rez se\u00f1al\u00f3 que es indispensable implementar estrategias coordinadas de promoci\u00f3n y difusi\u00f3n que posicionen, de manera efectiva, a este sector en los mercados nacionales e internacionales.<\/p>\n\n\n\n<p class=\"s12\">De igual forma, el Congreso aval\u00f3 el acuerdo para exhortar a la Secretar\u00eda de Arte y Cultura y a la Secretar\u00eda de Desarrollo Tur\u00edstico del Estado de Puebla a dise\u00f1ar e implementar un programa denominado \u201cConocer los Municipios de Puebla\u201d, orientado a difundir el patrimonio cultural y natural de los 217 municipios de la entidad.<\/p>\n\n\n\n<p class=\"s12\">Las y los diputados aprobaron adem\u00e1s el acuerdo para exhortar a la Secretar\u00eda de Desarrollo Tur\u00edstico del Estado a elaborar, difundir y promover el cumplimiento de un C\u00f3digo de Conducta Estatal en materia de Turismo, as\u00ed como vigilar su observancia por parte de los prestadores de servicios tur\u00edsticos. La finalidad es garantizar una atenci\u00f3n oportuna que consolide al estado como un destino confiable, variado, seguro y de calidad.<\/p>\n\n\n\n<p class=\"s12\">En la sesi\u00f3n tambi\u00e9n se aval\u00f3 el acuerdo para exhortar a los Ayuntamientos y a los Concejos Municipales del estado a crear o fortalecer el funcionamiento de su Comit\u00e9 para Prevenir y Eliminar la Discriminaci\u00f3n.<\/p>\n\n\n\n<p class=\"s12\">La diputada Cinthya Gabriela Chumacero Rodr\u00edguez se\u00f1al\u00f3 que esta propuesta legislativa busca conocer y atender asuntos relacionados con pr\u00e1cticas discriminatorias, as\u00ed como implementar medidas y pol\u00edticas p\u00fablicas que promuevan el respeto y la igualdad dentro de la administraci\u00f3n p\u00fablica municipal.<\/p>\n\n\n\n<p class=\"s12\">Asimismo, se aprob\u00f3 exhortar a la Secretar\u00eda de Deporte y Juventud del Estado para que, a partir de la convocatoria del Premio Estatal de la Juventud \u201cVicente Su\u00e1rez\u201d 2026, considere la creaci\u00f3n de una categor\u00eda que reconozca el trabajo en favor de la poblaci\u00f3n con discapacidad, priorizando a las personas postulantes que cuenten con alguna condici\u00f3n de discapacidad.<\/p>\n\n\n\n<p class=\"s12\">Como parte del orden del d\u00eda, las y los diputados avalaron exhortar a la Secretar\u00eda de Deporte y Juventud del Estado a que, en coordinaci\u00f3n con los Ayuntamientos y los Concejos Municipales, promueva la difusi\u00f3n y el conocimiento de la Lucha Libre Mexicana, mediante la realizaci\u00f3n de funciones, capacitaciones, entrega de apoyos econ\u00f3micos y rehabilitaci\u00f3n de arenas y gimnasios, con el prop\u00f3sito de garantizar su permanencia y pr\u00e1ctica en espacios seguros y dignos.<\/p>\n\n\n\n<p class=\"s12\">Finalmente, el Pleno del Congreso del Estado aprob\u00f3 el acuerdo para exhortar a los Ayuntamientos y a los Concejos Municipales, con especial \u00e9nfasis en los cincuenta municipios que cuentan con Declaratoria de Alerta de Violencia de G\u00e9nero contra las Mujeres, a realizar adecuaciones en sus Presupuestos de Egresos para el Ejercicio Fiscal 2026, con el objetivo de fortalecer el gasto p\u00fablico con perspectiva de g\u00e9nero y promover el combate a la violencia y la igualdad de oportunidades entre mujeres y hombres.<\/p>\n\n\n\n<p class=\"s12\">En tribuna, el punto de acuerdo fue respaldado por la diputada Norma Estela Pimentel M\u00e9ndez y el diputado Miguel M\u00e1rquez R\u00edos.<\/p>\n","protected":false},"excerpt":{"rendered":"<p>&#8211; Durante la sesi\u00f3n ordinaria se avalaron dict\u00e1menes en materia de gobernaci\u00f3n, hacienda, desarrollo rural, ciencias, turismo, derechos humanos y juventud En sesi\u00f3n p\u00fablica ordinaria, el Congreso del Estado aval\u00f3 el dictamen para crear el Organismo P\u00fablico Descentralizado denominado \u201cUniversidad de la Creaci\u00f3n del Arte y la Cultura\u201d, que tendr\u00e1 como objetivo atender las necesidades [&hellip;]<\/p>\n","protected":false},"author":1,"featured_media":132328,"comment_status":"closed","ping_status":"open","sticky":false,"template":"","format":"standard","meta":{"footnotes":""},"categories":[20],"tags":[],"class_list":["post-132329","post","type-post","status-publish","format-standard","has-post-thumbnail","hentry","category-norte-de-puebla"],"blog_post_layout_featured_media_urls":{"thumbnail":["https:\/\/diariolanoticia.com.mx\/wp-content\/uploads\/2026\/03\/92f7bffa-86a8-44b3-8681-8d7cd90ff40b-216x160.jpg",216,160,true],"full":["https:\/\/diariolanoticia.com.mx\/wp-content\/uploads\/2026\/03\/92f7bffa-86a8-44b3-8681-8d7cd90ff40b.jpg",1500,1000,false]},"categories_names":{"20":{"name":"Norte de Puebla","link":"https:\/\/diariolanoticia.com.mx\/?cat=20"}},"tags_names":[],"comments_number":"0","wpmagazine_modules_lite_featured_media_urls":{"thumbnail":["https:\/\/diariolanoticia.com.mx\/wp-content\/uploads\/2026\/03\/92f7bffa-86a8-44b3-8681-8d7cd90ff40b-216x160.jpg",216,160,true],"cvmm-medium":["https:\/\/diariolanoticia.com.mx\/wp-content\/uploads\/2026\/03\/92f7bffa-86a8-44b3-8681-8d7cd90ff40b-300x300.jpg",300,300,true],"cvmm-medium-plus":["https:\/\/diariolanoticia.com.mx\/wp-content\/uploads\/2026\/03\/92f7bffa-86a8-44b3-8681-8d7cd90ff40b-305x207.jpg",305,207,true],"cvmm-portrait":["https:\/\/diariolanoticia.com.mx\/wp-content\/uploads\/2026\/03\/92f7bffa-86a8-44b3-8681-8d7cd90ff40b-400x600.jpg",400,600,true],"cvmm-medium-square":["https:\/\/diariolanoticia.com.mx\/wp-content\/uploads\/2026\/03\/92f7bffa-86a8-44b3-8681-8d7cd90ff40b-600x600.jpg",600,600,true],"cvmm-large":["https:\/\/diariolanoticia.com.mx\/wp-content\/uploads\/2026\/03\/92f7bffa-86a8-44b3-8681-8d7cd90ff40b-1024x1000.jpg",1024,1000,true],"cvmm-small":["https:\/\/diariolanoticia.com.mx\/wp-content\/uploads\/2026\/03\/92f7bffa-86a8-44b3-8681-8d7cd90ff40b-130x95.jpg",130,95,true],"full":["https:\/\/diariolanoticia.com.mx\/wp-content\/uploads\/2026\/03\/92f7bffa-86a8-44b3-8681-8d7cd90ff40b.jpg",1500,1000,false]},"_links":{"self":[{"href":"https:\/\/diariolanoticia.com.mx\/index.php?rest_route=\/wp\/v2\/posts\/132329","targetHints":{"allow":["GET"]}}],"collection":[{"href":"https:\/\/diariolanoticia.com.mx\/index.php?rest_route=\/wp\/v2\/posts"}],"about":[{"href":"https:\/\/diariolanoticia.com.mx\/index.php?rest_route=\/wp\/v2\/types\/post"}],"author":[{"embeddable":true,"href":"https:\/\/diariolanoticia.com.mx\/index.php?rest_route=\/wp\/v2\/users\/1"}],"replies":[{"embeddable":true,"href":"https:\/\/diariolanoticia.com.mx\/index.php?rest_route=%2Fwp%2Fv2%2Fcomments&post=132329"}],"version-history":[{"count":1,"href":"https:\/\/diariolanoticia.com.mx\/index.php?rest_route=\/wp\/v2\/posts\/132329\/revisions"}],"predecessor-version":[{"id":132330,"href":"https:\/\/diariolanoticia.com.mx\/index.php?rest_route=\/wp\/v2\/posts\/132329\/revisions\/132330"}],"wp:featuredmedia":[{"embeddable":true,"href":"https:\/\/diariolanoticia.com.mx\/index.php?rest_route=\/wp\/v2\/media\/132328"}],"wp:attachment":[{"href":"https:\/\/diariolanoticia.com.mx\/index.php?rest_route=%2Fwp%2Fv2%2Fmedia&parent=132329"}],"wp:term":[{"taxonomy":"category","embeddable":true,"href":"https:\/\/diariolanoticia.com.mx\/index.php?rest_route=%2Fwp%2Fv2%2Fcategories&post=132329"},{"taxonomy":"post_tag","embeddable":true,"href":"https:\/\/diariolanoticia.com.mx\/index.php?rest_route=%2Fwp%2Fv2%2Ftags&post=132329"}],"curies":[{"name":"wp","href":"https:\/\/api.w.org\/{rel}","templated":true}]}}