{"id":132360,"date":"2026-03-21T13:06:24","date_gmt":"2026-03-21T19:06:24","guid":{"rendered":"https:\/\/diariolanoticia.com.mx\/?p=132360"},"modified":"2026-03-21T13:06:24","modified_gmt":"2026-03-21T19:06:24","slug":"destaco-la-lucha-historica-de-las-mujeres","status":"publish","type":"post","link":"https:\/\/diariolanoticia.com.mx\/?p=132360","title":{"rendered":"Destac\u00f3 la lucha hist\u00f3rica de las mujeres"},"content":{"rendered":"\n<figure class=\"wp-block-gallery has-nested-images columns-default is-cropped wp-block-gallery-1 is-layout-flex wp-block-gallery-is-layout-flex\">\n<figure class=\"wp-block-image\"><img loading=\"lazy\" decoding=\"async\" width=\"1024\" height=\"745\" data-id=\"132358\" src=\"https:\/\/diariolanoticia.com.mx\/wp-content\/uploads\/2026\/03\/8afd02a3-216a-42f3-819f-d2ae8b548c1c-1024x745.jpg\" alt=\"\" class=\"wp-image-132358\" srcset=\"https:\/\/diariolanoticia.com.mx\/wp-content\/uploads\/2026\/03\/8afd02a3-216a-42f3-819f-d2ae8b548c1c-1024x745.jpg 1024w, https:\/\/diariolanoticia.com.mx\/wp-content\/uploads\/2026\/03\/8afd02a3-216a-42f3-819f-d2ae8b548c1c-300x218.jpg 300w, https:\/\/diariolanoticia.com.mx\/wp-content\/uploads\/2026\/03\/8afd02a3-216a-42f3-819f-d2ae8b548c1c-768x559.jpg 768w, https:\/\/diariolanoticia.com.mx\/wp-content\/uploads\/2026\/03\/8afd02a3-216a-42f3-819f-d2ae8b548c1c-130x95.jpg 130w, https:\/\/diariolanoticia.com.mx\/wp-content\/uploads\/2026\/03\/8afd02a3-216a-42f3-819f-d2ae8b548c1c.jpg 1500w\" sizes=\"auto, (max-width: 1024px) 100vw, 1024px\" \/><\/figure>\n\n\n\n<figure class=\"wp-block-image\"><img loading=\"lazy\" decoding=\"async\" width=\"1024\" height=\"768\" data-id=\"132359\" src=\"https:\/\/diariolanoticia.com.mx\/wp-content\/uploads\/2026\/03\/52e46c3a-581d-4f40-9152-bd0b416c4d1f-1024x768.jpg\" alt=\"\" class=\"wp-image-132359\" srcset=\"https:\/\/diariolanoticia.com.mx\/wp-content\/uploads\/2026\/03\/52e46c3a-581d-4f40-9152-bd0b416c4d1f-1024x768.jpg 1024w, https:\/\/diariolanoticia.com.mx\/wp-content\/uploads\/2026\/03\/52e46c3a-581d-4f40-9152-bd0b416c4d1f-300x225.jpg 300w, https:\/\/diariolanoticia.com.mx\/wp-content\/uploads\/2026\/03\/52e46c3a-581d-4f40-9152-bd0b416c4d1f-768x576.jpg 768w, https:\/\/diariolanoticia.com.mx\/wp-content\/uploads\/2026\/03\/52e46c3a-581d-4f40-9152-bd0b416c4d1f-136x102.jpg 136w, https:\/\/diariolanoticia.com.mx\/wp-content\/uploads\/2026\/03\/52e46c3a-581d-4f40-9152-bd0b416c4d1f.jpg 1500w\" sizes=\"auto, (max-width: 1024px) 100vw, 1024px\" \/><\/figure>\n<\/figure>\n\n\n\n<ul class=\"wp-block-list\"><\/ul>\n\n\n\n<p>En el marco de la conmemoraci\u00f3n del D\u00eda Internacional de la Mujer, la secretaria de Bienestar, Laura Artemisa Garc\u00eda Ch\u00e1vez, acudi\u00f3 como invitada a un encuentro con estudiantes del Colegio Nacional de Educaci\u00f3n Profesional T\u00e9cnica (CONALEP), plantel Puebla II, con el prop\u00f3sito de promover entre las juventudes una reflexi\u00f3n sobre la igualdad de derechos y el respeto entre mujeres y hombres.<\/p>\n\n\n\n<p>Durante el di\u00e1logo con la comunidad estudiantil, Laura Artemisa Garc\u00eda record\u00f3 que esta fecha surge de la lucha de mujeres trabajadoras que alzaron la voz para exigir condiciones laborales justas y el reconocimiento de sus derechos.<\/p>\n\n\n\n<p>\u201cFueron trabajadoras quienes salieron a reclamar mejores condiciones. A partir de all\u00ed hemos tenido que seguir luchando y seguro sus mam\u00e1s, su familia y ustedes mismas siguen abri\u00e9ndose camino sin que tengan que estigmatizarnos\u201d, expres\u00f3.<\/p>\n\n\n\n<p>Asimismo, destac\u00f3 la importancia de que las nuevas generaciones promuevan la sororidad, el respeto e igualdad como principios que permitan construir una sociedad m\u00e1s justa y libre de violencia.<\/p>\n\n\n\n<p>Laura Artemisa Garc\u00eda Ch\u00e1vez tambi\u00e9n subray\u00f3 el momento hist\u00f3rico que vive el pa\u00eds con el liderazgo de la presidenta de M\u00e9xico, Claudia Sheinbaum, cuya llegada a la Presidencia representa un referente para ni\u00f1as, j\u00f3venes y mujeres.<\/p>\n\n\n\n<p>Estas acciones forman parte del compromiso del Gobierno del Estado de Puebla, encabezado por el gobernador Alejandro Armenta Mier, para impulsar la igualdad sustantiva y promover entre las juventudes una cultura de respeto, inclusi\u00f3n y oportunidades para todas y todos.<\/p>\n","protected":false},"excerpt":{"rendered":"<p>En el marco de la conmemoraci\u00f3n del D\u00eda Internacional de la Mujer, la secretaria de Bienestar, Laura Artemisa Garc\u00eda Ch\u00e1vez, acudi\u00f3 como invitada a un encuentro con estudiantes del Colegio Nacional de Educaci\u00f3n Profesional T\u00e9cnica (CONALEP), plantel Puebla II, con el prop\u00f3sito de promover entre las juventudes una reflexi\u00f3n sobre la igualdad de derechos y [&hellip;]<\/p>\n","protected":false},"author":1,"featured_media":132357,"comment_status":"closed","ping_status":"open","sticky":false,"template":"","format":"standard","meta":{"footnotes":""},"categories":[20],"tags":[],"class_list":["post-132360","post","type-post","status-publish","format-standard","has-post-thumbnail","hentry","category-norte-de-puebla"],"blog_post_layout_featured_media_urls":{"thumbnail":["https:\/\/diariolanoticia.com.mx\/wp-content\/uploads\/2026\/03\/post-1-1-216x160.jpg",216,160,true],"full":["https:\/\/diariolanoticia.com.mx\/wp-content\/uploads\/2026\/03\/post-1-1.jpg",1080,600,false]},"categories_names":{"20":{"name":"Norte de Puebla","link":"https:\/\/diariolanoticia.com.mx\/?cat=20"}},"tags_names":[],"comments_number":"0","wpmagazine_modules_lite_featured_media_urls":{"thumbnail":["https:\/\/diariolanoticia.com.mx\/wp-content\/uploads\/2026\/03\/post-1-1-216x160.jpg",216,160,true],"cvmm-medium":["https:\/\/diariolanoticia.com.mx\/wp-content\/uploads\/2026\/03\/post-1-1-300x300.jpg",300,300,true],"cvmm-medium-plus":["https:\/\/diariolanoticia.com.mx\/wp-content\/uploads\/2026\/03\/post-1-1-305x207.jpg",305,207,true],"cvmm-portrait":["https:\/\/diariolanoticia.com.mx\/wp-content\/uploads\/2026\/03\/post-1-1-400x600.jpg",400,600,true],"cvmm-medium-square":["https:\/\/diariolanoticia.com.mx\/wp-content\/uploads\/2026\/03\/post-1-1-600x600.jpg",600,600,true],"cvmm-large":["https:\/\/diariolanoticia.com.mx\/wp-content\/uploads\/2026\/03\/post-1-1-1024x600.jpg",1024,600,true],"cvmm-small":["https:\/\/diariolanoticia.com.mx\/wp-content\/uploads\/2026\/03\/post-1-1-130x95.jpg",130,95,true],"full":["https:\/\/diariolanoticia.com.mx\/wp-content\/uploads\/2026\/03\/post-1-1.jpg",1080,600,false]},"_links":{"self":[{"href":"https:\/\/diariolanoticia.com.mx\/index.php?rest_route=\/wp\/v2\/posts\/132360","targetHints":{"allow":["GET"]}}],"collection":[{"href":"https:\/\/diariolanoticia.com.mx\/index.php?rest_route=\/wp\/v2\/posts"}],"about":[{"href":"https:\/\/diariolanoticia.com.mx\/index.php?rest_route=\/wp\/v2\/types\/post"}],"author":[{"embeddable":true,"href":"https:\/\/diariolanoticia.com.mx\/index.php?rest_route=\/wp\/v2\/users\/1"}],"replies":[{"embeddable":true,"href":"https:\/\/diariolanoticia.com.mx\/index.php?rest_route=%2Fwp%2Fv2%2Fcomments&post=132360"}],"version-history":[{"count":1,"href":"https:\/\/diariolanoticia.com.mx\/index.php?rest_route=\/wp\/v2\/posts\/132360\/revisions"}],"predecessor-version":[{"id":132361,"href":"https:\/\/diariolanoticia.com.mx\/index.php?rest_route=\/wp\/v2\/posts\/132360\/revisions\/132361"}],"wp:featuredmedia":[{"embeddable":true,"href":"https:\/\/diariolanoticia.com.mx\/index.php?rest_route=\/wp\/v2\/media\/132357"}],"wp:attachment":[{"href":"https:\/\/diariolanoticia.com.mx\/index.php?rest_route=%2Fwp%2Fv2%2Fmedia&parent=132360"}],"wp:term":[{"taxonomy":"category","embeddable":true,"href":"https:\/\/diariolanoticia.com.mx\/index.php?rest_route=%2Fwp%2Fv2%2Fcategories&post=132360"},{"taxonomy":"post_tag","embeddable":true,"href":"https:\/\/diariolanoticia.com.mx\/index.php?rest_route=%2Fwp%2Fv2%2Ftags&post=132360"}],"curies":[{"name":"wp","href":"https:\/\/api.w.org\/{rel}","templated":true}]}}