{"id":132372,"date":"2026-03-21T13:06:24","date_gmt":"2026-03-21T19:06:24","guid":{"rendered":"https:\/\/diariolanoticia.com.mx\/?p=132372"},"modified":"2026-03-21T13:06:24","modified_gmt":"2026-03-21T19:06:24","slug":"llamo-a-fortalecer-sororidad-igualdad-sustantiva-y-liderazgo-femenino-en-la-vida-publica","status":"publish","type":"post","link":"https:\/\/diariolanoticia.com.mx\/?p=132372","title":{"rendered":"Llam\u00f3 a fortalecer sororidad, igualdad sustantiva y liderazgo femenino en la vida p\u00fablica"},"content":{"rendered":"\n<figure class=\"wp-block-gallery has-nested-images columns-default is-cropped wp-block-gallery-1 is-layout-flex wp-block-gallery-is-layout-flex\">\n<figure class=\"wp-block-image\"><img loading=\"lazy\" decoding=\"async\" width=\"1024\" height=\"768\" data-id=\"132369\" src=\"https:\/\/diariolanoticia.com.mx\/wp-content\/uploads\/2026\/03\/1e175510-15b6-475d-8da2-c2513aed95ea-1024x768.jpg\" alt=\"\" class=\"wp-image-132369\" srcset=\"https:\/\/diariolanoticia.com.mx\/wp-content\/uploads\/2026\/03\/1e175510-15b6-475d-8da2-c2513aed95ea-1024x768.jpg 1024w, https:\/\/diariolanoticia.com.mx\/wp-content\/uploads\/2026\/03\/1e175510-15b6-475d-8da2-c2513aed95ea-300x225.jpg 300w, https:\/\/diariolanoticia.com.mx\/wp-content\/uploads\/2026\/03\/1e175510-15b6-475d-8da2-c2513aed95ea-768x576.jpg 768w, https:\/\/diariolanoticia.com.mx\/wp-content\/uploads\/2026\/03\/1e175510-15b6-475d-8da2-c2513aed95ea-136x102.jpg 136w, https:\/\/diariolanoticia.com.mx\/wp-content\/uploads\/2026\/03\/1e175510-15b6-475d-8da2-c2513aed95ea.jpg 1280w\" sizes=\"auto, (max-width: 1024px) 100vw, 1024px\" \/><\/figure>\n\n\n\n<figure class=\"wp-block-image\"><img loading=\"lazy\" decoding=\"async\" width=\"1024\" height=\"768\" data-id=\"132371\" src=\"https:\/\/diariolanoticia.com.mx\/wp-content\/uploads\/2026\/03\/0b4049cb-3a41-485e-bed1-48629b351471-1024x768.jpg\" alt=\"\" class=\"wp-image-132371\" srcset=\"https:\/\/diariolanoticia.com.mx\/wp-content\/uploads\/2026\/03\/0b4049cb-3a41-485e-bed1-48629b351471-1024x768.jpg 1024w, https:\/\/diariolanoticia.com.mx\/wp-content\/uploads\/2026\/03\/0b4049cb-3a41-485e-bed1-48629b351471-300x225.jpg 300w, https:\/\/diariolanoticia.com.mx\/wp-content\/uploads\/2026\/03\/0b4049cb-3a41-485e-bed1-48629b351471-768x576.jpg 768w, https:\/\/diariolanoticia.com.mx\/wp-content\/uploads\/2026\/03\/0b4049cb-3a41-485e-bed1-48629b351471-136x102.jpg 136w, https:\/\/diariolanoticia.com.mx\/wp-content\/uploads\/2026\/03\/0b4049cb-3a41-485e-bed1-48629b351471.jpg 1280w\" sizes=\"auto, (max-width: 1024px) 100vw, 1024px\" \/><\/figure>\n\n\n\n<figure class=\"wp-block-image\"><img loading=\"lazy\" decoding=\"async\" width=\"1024\" height=\"768\" data-id=\"132370\" src=\"https:\/\/diariolanoticia.com.mx\/wp-content\/uploads\/2026\/03\/b5637cbd-c575-413c-a598-5826713baf57-1024x768.jpg\" alt=\"\" class=\"wp-image-132370\" srcset=\"https:\/\/diariolanoticia.com.mx\/wp-content\/uploads\/2026\/03\/b5637cbd-c575-413c-a598-5826713baf57-1024x768.jpg 1024w, https:\/\/diariolanoticia.com.mx\/wp-content\/uploads\/2026\/03\/b5637cbd-c575-413c-a598-5826713baf57-300x225.jpg 300w, https:\/\/diariolanoticia.com.mx\/wp-content\/uploads\/2026\/03\/b5637cbd-c575-413c-a598-5826713baf57-768x576.jpg 768w, https:\/\/diariolanoticia.com.mx\/wp-content\/uploads\/2026\/03\/b5637cbd-c575-413c-a598-5826713baf57-136x102.jpg 136w, https:\/\/diariolanoticia.com.mx\/wp-content\/uploads\/2026\/03\/b5637cbd-c575-413c-a598-5826713baf57.jpg 1280w\" sizes=\"auto, (max-width: 1024px) 100vw, 1024px\" \/><\/figure>\n<\/figure>\n\n\n\n<p>\u201cVisibilic\u00e9monos, caminemos juntas. No necesitan hacer pol\u00edticas p\u00fablicas para nosotras, tenemos que participar en esa construcci\u00f3n de pol\u00edticas p\u00fablicas para las mujeres. No puede un hombre pensar en las pol\u00edticas p\u00fablicas que necesita una mujer, porque no lo viven. Porque no pueden hacerse las cosas para las mujeres si no participamos y tomamos nosotras las decisiones\u201d, expres\u00f3 la secretaria de Bienestar, Laura Artemisa Garc\u00eda Ch\u00e1vez, al encabezar la conferencia \u201cMujer: \u00bfAd\u00f3nde te llevar\u00e1n tus alas hoy?\u201d, en el marco de la conmemoraci\u00f3n del 8M.<\/p>\n\n\n\n<p>Ante asistentes reunidas para reflexionar sobre los retos y avances de las mujeres en la sociedad, la secretaria de Bienestar afirm\u00f3 que la igualdad requiere la voz y la participaci\u00f3n de las mujeres en los procesos de decisi\u00f3n.<\/p>\n\n\n\n<p>Laura Artemisa Garc\u00eda subray\u00f3 que la lucha por los derechos de las mujeres contin\u00faa vigente y exige acciones firmes para garantizar igualdad sustantiva, justicia y seguridad.<\/p>\n\n\n\n<p>\u201cLas mujeres necesitamos seguridad, que la sociedad voltee a ver verdaderamente las circunstancias que seguimos viviendo todos los d\u00edas. Y se los dice una mujer que se sigue enfrentando al hecho de que a\u00fan hay quienes piensan que nos tienen que dar permiso para hacer las cosas\u201d, afirm\u00f3.<\/p>\n\n\n\n<p>Durante su intervenci\u00f3n, Laura Artemisa Garc\u00eda resalt\u00f3 el momento hist\u00f3rico que vive M\u00e9xico con la llegada de una mujer a la Presidencia de la Rep\u00fablica, al reconocer el liderazgo de Claudia Sheinbaum \u201clas mujeres nos debemos sentir muy fortalecidas y orgullosas con nuestra Comandanta Suprema de las Fuerzas Armadas, eso significa que una mujer est\u00e1 al frente del Ej\u00e9rcito, de la Marina, de todas quienes cuidan de nuestro pa\u00eds. \u00a1Qu\u00e9 poderoso es este momento que vivimos todas nosotras!\u201d, se\u00f1al\u00f3.<\/p>\n\n\n\n<p>Asimismo, destac\u00f3 el papel fundamental que desempe\u00f1an las mujeres en el desarrollo de las familias y de la sociedad, al sostener que su liderazgo y capacidad de organizaci\u00f3n sostienen el tejido social \u201cporque ser una mujer es ver familia, responsabilidades, casa, cuidado y seguridad. Eso es lo que damos las mujeres. Cuidamos, amamos, organizamos y administramos honestamente lo que tenemos en el hogar para que alcance para todos\u201d, indic\u00f3.<\/p>\n\n\n\n<p>La titular de Bienestar tambi\u00e9n enfatiz\u00f3 que las mujeres representan una fuerza esencial para el desarrollo del pa\u00eds y del estado. Finalmente, hizo un llamado a fortalecer la sororidad para construir una sociedad m\u00e1s justa \u201cY quiero decirles que yo les creo. Nos creemos las mujeres. Sean sororas, porque si a una mujer le va mal, nos empieza a ir mal a todas\u201d, concluy\u00f3.<\/p>\n\n\n\n<p>La secretaria reiter\u00f3 que el Gobierno del Estado, encabezado por el gobernador Alejandro Armenta Mier, impulsa pol\u00edticas p\u00fablicas que fortalecen el bienestar, la seguridad y las oportunidades para las mujeres poblanas, en consonancia con la visi\u00f3n de igualdad que promueve la presidenta de M\u00e9xico, Claudia Sheinbaum.<\/p>\n\n\n\n<p>En el evento tambi\u00e9n participaron la subsecretaria de Opciones Productivas, Patricia Ortiz Moreno; la subdirectora de la Coordinaci\u00f3n General de Delegaciones y Participaci\u00f3n, Ver\u00f3nica Lucero Rojas y la titular del \u00d3rgano Interno de Control, Exi Heliette Morales Padilla.<\/p>\n","protected":false},"excerpt":{"rendered":"<p>\u201cVisibilic\u00e9monos, caminemos juntas. No necesitan hacer pol\u00edticas p\u00fablicas para nosotras, tenemos que participar en esa construcci\u00f3n de pol\u00edticas p\u00fablicas para las mujeres. No puede un hombre pensar en las pol\u00edticas p\u00fablicas que necesita una mujer, porque no lo viven. Porque no pueden hacerse las cosas para las mujeres si no participamos y tomamos nosotras las [&hellip;]<\/p>\n","protected":false},"author":1,"featured_media":132368,"comment_status":"closed","ping_status":"open","sticky":false,"template":"","format":"standard","meta":{"footnotes":""},"categories":[20],"tags":[],"class_list":["post-132372","post","type-post","status-publish","format-standard","has-post-thumbnail","hentry","category-norte-de-puebla"],"blog_post_layout_featured_media_urls":{"thumbnail":["https:\/\/diariolanoticia.com.mx\/wp-content\/uploads\/2026\/03\/post-7-216x160.jpg",216,160,true],"full":["https:\/\/diariolanoticia.com.mx\/wp-content\/uploads\/2026\/03\/post-7.jpg",1080,600,false]},"categories_names":{"20":{"name":"Norte de Puebla","link":"https:\/\/diariolanoticia.com.mx\/?cat=20"}},"tags_names":[],"comments_number":"0","wpmagazine_modules_lite_featured_media_urls":{"thumbnail":["https:\/\/diariolanoticia.com.mx\/wp-content\/uploads\/2026\/03\/post-7-216x160.jpg",216,160,true],"cvmm-medium":["https:\/\/diariolanoticia.com.mx\/wp-content\/uploads\/2026\/03\/post-7-300x300.jpg",300,300,true],"cvmm-medium-plus":["https:\/\/diariolanoticia.com.mx\/wp-content\/uploads\/2026\/03\/post-7-305x207.jpg",305,207,true],"cvmm-portrait":["https:\/\/diariolanoticia.com.mx\/wp-content\/uploads\/2026\/03\/post-7-400x600.jpg",400,600,true],"cvmm-medium-square":["https:\/\/diariolanoticia.com.mx\/wp-content\/uploads\/2026\/03\/post-7-600x600.jpg",600,600,true],"cvmm-large":["https:\/\/diariolanoticia.com.mx\/wp-content\/uploads\/2026\/03\/post-7-1024x600.jpg",1024,600,true],"cvmm-small":["https:\/\/diariolanoticia.com.mx\/wp-content\/uploads\/2026\/03\/post-7-130x95.jpg",130,95,true],"full":["https:\/\/diariolanoticia.com.mx\/wp-content\/uploads\/2026\/03\/post-7.jpg",1080,600,false]},"_links":{"self":[{"href":"https:\/\/diariolanoticia.com.mx\/index.php?rest_route=\/wp\/v2\/posts\/132372","targetHints":{"allow":["GET"]}}],"collection":[{"href":"https:\/\/diariolanoticia.com.mx\/index.php?rest_route=\/wp\/v2\/posts"}],"about":[{"href":"https:\/\/diariolanoticia.com.mx\/index.php?rest_route=\/wp\/v2\/types\/post"}],"author":[{"embeddable":true,"href":"https:\/\/diariolanoticia.com.mx\/index.php?rest_route=\/wp\/v2\/users\/1"}],"replies":[{"embeddable":true,"href":"https:\/\/diariolanoticia.com.mx\/index.php?rest_route=%2Fwp%2Fv2%2Fcomments&post=132372"}],"version-history":[{"count":1,"href":"https:\/\/diariolanoticia.com.mx\/index.php?rest_route=\/wp\/v2\/posts\/132372\/revisions"}],"predecessor-version":[{"id":132373,"href":"https:\/\/diariolanoticia.com.mx\/index.php?rest_route=\/wp\/v2\/posts\/132372\/revisions\/132373"}],"wp:featuredmedia":[{"embeddable":true,"href":"https:\/\/diariolanoticia.com.mx\/index.php?rest_route=\/wp\/v2\/media\/132368"}],"wp:attachment":[{"href":"https:\/\/diariolanoticia.com.mx\/index.php?rest_route=%2Fwp%2Fv2%2Fmedia&parent=132372"}],"wp:term":[{"taxonomy":"category","embeddable":true,"href":"https:\/\/diariolanoticia.com.mx\/index.php?rest_route=%2Fwp%2Fv2%2Fcategories&post=132372"},{"taxonomy":"post_tag","embeddable":true,"href":"https:\/\/diariolanoticia.com.mx\/index.php?rest_route=%2Fwp%2Fv2%2Ftags&post=132372"}],"curies":[{"name":"wp","href":"https:\/\/api.w.org\/{rel}","templated":true}]}}