{"id":132374,"date":"2026-03-21T13:06:24","date_gmt":"2026-03-21T19:06:24","guid":{"rendered":"https:\/\/diariolanoticia.com.mx\/?p=132374"},"modified":"2026-03-21T13:06:24","modified_gmt":"2026-03-21T19:06:24","slug":"ciisder-uatx-firmo-carta-de-intencion-con-diversas-instancias-para-impulsar-trabajos-sobre-migracion","status":"publish","type":"post","link":"https:\/\/diariolanoticia.com.mx\/?p=132374","title":{"rendered":"CIISDER-UATx firm\u00f3 carta de intenci\u00f3n con diversas instancias para impulsar trabajos sobre migraci\u00f3n"},"content":{"rendered":"\n<p>\u00fc&nbsp;&nbsp;Promover\u00e1n el desarrollo de las l\u00edneas de investigaci\u00f3n y proyectos a nivel regional, nacional e internacional<\/p>\n\n\n\n<p>Con el prop\u00f3sito de fortalecer el trabajo conjunto de docencia, investigaci\u00f3n, extensi\u00f3n y difusi\u00f3n sobre el tema de la migraci\u00f3n como fen\u00f3meno socio-demogr\u00e1fico, pol\u00edtico, econ\u00f3mico, cultural y de derechos humanos, el Centro de Investigaciones Interdisciplinarias Sobre Desarrollo Regional de la Universidad Aut\u00f3noma de Tlaxcala (CIISDER-UATx) firm\u00f3 una carta de colaboraci\u00f3n institucional con las siguientes instancias: Enlace Binacional de Apoyo a Migrantes, Universidad Aut\u00f3noma de Zacatecas (UAZ), Asociaci\u00f3n Mexicana de Geopol\u00edtica y Estrategia, C.A., Procesos Psicosociales Cultura y Cognici\u00f3n, Estudios de Poder, Agresi\u00f3n, Conflicto y Violencia, A.C., An\u00e1lisis Regional Sociopol\u00edtico y Juventud, Educaci\u00f3n, Innovaci\u00f3n, violencia y Migraci\u00f3n.<\/p>\n\n\n\n<p>Las instituciones firmantes acordaron promover el desarrollo de las l\u00edneas de investigaci\u00f3n y docencia entre cuerpos acad\u00e9micos y grupos colegiados y fomentar la colaboraci\u00f3n entre los grupos de investigaci\u00f3n para el desarrollo de proyectos a nivel regional, nacional e internacional, los cuales podr\u00e1n ser financiados mediante concurso ante organismos p\u00fablicos o privadas que permitan fortalecer la estructura y equipo de apoyo de las instituciones.<\/p>\n\n\n\n<p>De igual forma, se promover\u00e1 la formaci\u00f3n interdisciplinaria a trav\u00e9s de la participaci\u00f3n conjunta en la asesor\u00eda y direcci\u00f3n de tesis, organizaci\u00f3n de conferencias, seminarios, diplomados, foros y coloquios entre otros espacios que fomenten el desarrollo del conocimiento cient\u00edfico y de apoyo a la poblaci\u00f3n migrante.<\/p>\n\n\n\n<p>Esta alianza tambi\u00e9n busca promover la participaci\u00f3n de personal acad\u00e9mico y de estudiantes para la realizaci\u00f3n de estancias acad\u00e9micas y de investigaci\u00f3n para el fortalecimiento de sus grupos de investigaci\u00f3n y cuerpos acad\u00e9micos, y realizar actividades conjuntas en consultor\u00eda y asesor\u00eda a organismos de los sectores p\u00fablico y privado en materia de migraci\u00f3n cuando sea solicitado.<\/p>\n\n\n\n<p>Por \u00faltimo, promover el trabajo cient\u00edfico conjunto que derive en la publicaci\u00f3n de los productos obtenidos, ponencias, art\u00edculos, libros, y establecer programas de intercambio de informaci\u00f3n, documentaci\u00f3n, publicaciones y material audiovisual de \u00edndole acad\u00e9mica que produzcan las partes involucradas.&nbsp;<\/p>\n","protected":false},"excerpt":{"rendered":"<p>\u00fc&nbsp;&nbsp;Promover\u00e1n el desarrollo de las l\u00edneas de investigaci\u00f3n y proyectos a nivel regional, nacional e internacional Con el prop\u00f3sito de fortalecer el trabajo conjunto de docencia, investigaci\u00f3n, extensi\u00f3n y difusi\u00f3n sobre el tema de la migraci\u00f3n como fen\u00f3meno socio-demogr\u00e1fico, pol\u00edtico, econ\u00f3mico, cultural y de derechos humanos, el Centro de Investigaciones Interdisciplinarias Sobre Desarrollo Regional de [&hellip;]<\/p>\n","protected":false},"author":1,"featured_media":132375,"comment_status":"open","ping_status":"open","sticky":false,"template":"","format":"standard","meta":{"footnotes":""},"categories":[10],"tags":[],"class_list":["post-132374","post","type-post","status-publish","format-standard","has-post-thumbnail","hentry","category-educacion"],"blog_post_layout_featured_media_urls":{"thumbnail":["https:\/\/diariolanoticia.com.mx\/wp-content\/uploads\/2026\/03\/23-CIISDER-UATx-firmo-carta-de-intencion-con-diversas-216x160.jpeg",216,160,true],"full":["https:\/\/diariolanoticia.com.mx\/wp-content\/uploads\/2026\/03\/23-CIISDER-UATx-firmo-carta-de-intencion-con-diversas.jpeg",1600,1066,false]},"categories_names":{"10":{"name":"Educaci\u00f3n","link":"https:\/\/diariolanoticia.com.mx\/?cat=10"}},"tags_names":[],"comments_number":"0","wpmagazine_modules_lite_featured_media_urls":{"thumbnail":["https:\/\/diariolanoticia.com.mx\/wp-content\/uploads\/2026\/03\/23-CIISDER-UATx-firmo-carta-de-intencion-con-diversas-216x160.jpeg",216,160,true],"cvmm-medium":["https:\/\/diariolanoticia.com.mx\/wp-content\/uploads\/2026\/03\/23-CIISDER-UATx-firmo-carta-de-intencion-con-diversas-300x300.jpeg",300,300,true],"cvmm-medium-plus":["https:\/\/diariolanoticia.com.mx\/wp-content\/uploads\/2026\/03\/23-CIISDER-UATx-firmo-carta-de-intencion-con-diversas-305x207.jpeg",305,207,true],"cvmm-portrait":["https:\/\/diariolanoticia.com.mx\/wp-content\/uploads\/2026\/03\/23-CIISDER-UATx-firmo-carta-de-intencion-con-diversas-400x600.jpeg",400,600,true],"cvmm-medium-square":["https:\/\/diariolanoticia.com.mx\/wp-content\/uploads\/2026\/03\/23-CIISDER-UATx-firmo-carta-de-intencion-con-diversas-600x600.jpeg",600,600,true],"cvmm-large":["https:\/\/diariolanoticia.com.mx\/wp-content\/uploads\/2026\/03\/23-CIISDER-UATx-firmo-carta-de-intencion-con-diversas-1024x1024.jpeg",1024,1024,true],"cvmm-small":["https:\/\/diariolanoticia.com.mx\/wp-content\/uploads\/2026\/03\/23-CIISDER-UATx-firmo-carta-de-intencion-con-diversas-130x95.jpeg",130,95,true],"full":["https:\/\/diariolanoticia.com.mx\/wp-content\/uploads\/2026\/03\/23-CIISDER-UATx-firmo-carta-de-intencion-con-diversas.jpeg",1600,1066,false]},"_links":{"self":[{"href":"https:\/\/diariolanoticia.com.mx\/index.php?rest_route=\/wp\/v2\/posts\/132374","targetHints":{"allow":["GET"]}}],"collection":[{"href":"https:\/\/diariolanoticia.com.mx\/index.php?rest_route=\/wp\/v2\/posts"}],"about":[{"href":"https:\/\/diariolanoticia.com.mx\/index.php?rest_route=\/wp\/v2\/types\/post"}],"author":[{"embeddable":true,"href":"https:\/\/diariolanoticia.com.mx\/index.php?rest_route=\/wp\/v2\/users\/1"}],"replies":[{"embeddable":true,"href":"https:\/\/diariolanoticia.com.mx\/index.php?rest_route=%2Fwp%2Fv2%2Fcomments&post=132374"}],"version-history":[{"count":1,"href":"https:\/\/diariolanoticia.com.mx\/index.php?rest_route=\/wp\/v2\/posts\/132374\/revisions"}],"predecessor-version":[{"id":132376,"href":"https:\/\/diariolanoticia.com.mx\/index.php?rest_route=\/wp\/v2\/posts\/132374\/revisions\/132376"}],"wp:featuredmedia":[{"embeddable":true,"href":"https:\/\/diariolanoticia.com.mx\/index.php?rest_route=\/wp\/v2\/media\/132375"}],"wp:attachment":[{"href":"https:\/\/diariolanoticia.com.mx\/index.php?rest_route=%2Fwp%2Fv2%2Fmedia&parent=132374"}],"wp:term":[{"taxonomy":"category","embeddable":true,"href":"https:\/\/diariolanoticia.com.mx\/index.php?rest_route=%2Fwp%2Fv2%2Fcategories&post=132374"},{"taxonomy":"post_tag","embeddable":true,"href":"https:\/\/diariolanoticia.com.mx\/index.php?rest_route=%2Fwp%2Fv2%2Ftags&post=132374"}],"curies":[{"name":"wp","href":"https:\/\/api.w.org\/{rel}","templated":true}]}}