{"id":132389,"date":"2026-03-21T13:06:24","date_gmt":"2026-03-21T19:06:24","guid":{"rendered":"https:\/\/diariolanoticia.com.mx\/?p=132389"},"modified":"2026-03-21T13:06:24","modified_gmt":"2026-03-21T19:06:24","slug":"lxv-legislatura-aprueba-solicitud-para-realizar-donacion-de-predio-en-san-jose-teacalco-para-construccion-de-centro-escolar","status":"publish","type":"post","link":"https:\/\/diariolanoticia.com.mx\/?p=132389","title":{"rendered":"LXV Legislatura aprueba solicitud para realizar donaci\u00f3n de predio en San Jos\u00e9 Teacalco para construcci\u00f3n de centro escolar"},"content":{"rendered":"\n<p>En el desarrollo de la D\u00e9cima Segunda Sesi\u00f3n Ordinaria, las y los diputados que integran la LXV Legislatura aprobaron el dictamen presentado por la Comisi\u00f3n de Puntos Constitucionales, Gobernaci\u00f3n y Justicia y Asuntos Pol\u00edticos, que preside el diputado Jaciel Gonz\u00e1lez Herrera, relativo a la solicitud remitida por la presidenta Griselda Aguilar Mac\u00edas y el s\u00edndico Ezequiel Sanluis V\u00e1zquez del municipio de San Jos\u00e9 Teacalco para ejercer actos de dominio respecto del predio denominado \u00abChuchizacatl\u00bb y celebrar donaci\u00f3n pura y simple a favor del Gobierno del Estado de Tlaxcala, a fin de ser destinado a la ampliaci\u00f3n de la construcci\u00f3n del Centro Educativo de Bachillerato Estatal (CEBES 05)<\/p>\n\n\n\n<p>En el dictamen aprobado, la Comisi\u00f3n consider\u00f3 que el Ayuntamiento a trav\u00e9s de sus solicitantes, cumplieron con los requisitos previstos en la Ley Municipal y la Ley del Patrimonio P\u00fablico ambas del Estado de Tlaxcala, que permitieron identificar plenamente el inmueble materia de la solicitud y la procedencia de la autorizaci\u00f3n.<\/p>\n\n\n\n<p>Como antecedentes, se expuso que el CEBES 05 presenta limitaciones de infraestructura, sin \u00e1reas suficientes para actividades acad\u00e9micas y deportivas, lo que reduce su matr\u00edcula escolar, en consecuencia, con la donaci\u00f3n de este predio se permitir\u00e1 ampliar la infraestructura educativa en beneficio de estudiantes del municipio y comunidades cercanas.<\/p>\n\n\n\n<p>Tras la aprobaci\u00f3n un\u00e1nime del Dictamen con Proyecto de Decreto, por el que se autoriza al Ayuntamiento de San Jos\u00e9 Teacalco, Tlaxcala, la desincorporaci\u00f3n y ejercer actos de dominio respecto del predio denominado \u00abChuchizacatl\u00bb; se instruy\u00f3 la elaboraci\u00f3n del Decreto y su remisi\u00f3n a la titular del Ejecutivo local, para su tr\u00e1mite correspondiente.<\/p>\n","protected":false},"excerpt":{"rendered":"<p>En el desarrollo de la D\u00e9cima Segunda Sesi\u00f3n Ordinaria, las y los diputados que integran la LXV Legislatura aprobaron el dictamen presentado por la Comisi\u00f3n de Puntos Constitucionales, Gobernaci\u00f3n y Justicia y Asuntos Pol\u00edticos, que preside el diputado Jaciel Gonz\u00e1lez Herrera, relativo a la solicitud remitida por la presidenta Griselda Aguilar Mac\u00edas y el s\u00edndico [&hellip;]<\/p>\n","protected":false},"author":1,"featured_media":132390,"comment_status":"open","ping_status":"open","sticky":false,"template":"","format":"standard","meta":{"footnotes":""},"categories":[22],"tags":[],"class_list":["post-132389","post","type-post","status-publish","format-standard","has-post-thumbnail","hentry","category-congreso"],"blog_post_layout_featured_media_urls":{"thumbnail":["https:\/\/diariolanoticia.com.mx\/wp-content\/uploads\/2026\/03\/a1f4a749-f718-4248-b1e8-ec0132cac787-216x160.jpg",216,160,true],"full":["https:\/\/diariolanoticia.com.mx\/wp-content\/uploads\/2026\/03\/a1f4a749-f718-4248-b1e8-ec0132cac787.jpg",1280,855,false]},"categories_names":{"22":{"name":"Congreso","link":"https:\/\/diariolanoticia.com.mx\/?cat=22"}},"tags_names":[],"comments_number":"0","wpmagazine_modules_lite_featured_media_urls":{"thumbnail":["https:\/\/diariolanoticia.com.mx\/wp-content\/uploads\/2026\/03\/a1f4a749-f718-4248-b1e8-ec0132cac787-216x160.jpg",216,160,true],"cvmm-medium":["https:\/\/diariolanoticia.com.mx\/wp-content\/uploads\/2026\/03\/a1f4a749-f718-4248-b1e8-ec0132cac787-300x300.jpg",300,300,true],"cvmm-medium-plus":["https:\/\/diariolanoticia.com.mx\/wp-content\/uploads\/2026\/03\/a1f4a749-f718-4248-b1e8-ec0132cac787-305x207.jpg",305,207,true],"cvmm-portrait":["https:\/\/diariolanoticia.com.mx\/wp-content\/uploads\/2026\/03\/a1f4a749-f718-4248-b1e8-ec0132cac787-400x600.jpg",400,600,true],"cvmm-medium-square":["https:\/\/diariolanoticia.com.mx\/wp-content\/uploads\/2026\/03\/a1f4a749-f718-4248-b1e8-ec0132cac787-600x600.jpg",600,600,true],"cvmm-large":["https:\/\/diariolanoticia.com.mx\/wp-content\/uploads\/2026\/03\/a1f4a749-f718-4248-b1e8-ec0132cac787-1024x855.jpg",1024,855,true],"cvmm-small":["https:\/\/diariolanoticia.com.mx\/wp-content\/uploads\/2026\/03\/a1f4a749-f718-4248-b1e8-ec0132cac787-130x95.jpg",130,95,true],"full":["https:\/\/diariolanoticia.com.mx\/wp-content\/uploads\/2026\/03\/a1f4a749-f718-4248-b1e8-ec0132cac787.jpg",1280,855,false]},"_links":{"self":[{"href":"https:\/\/diariolanoticia.com.mx\/index.php?rest_route=\/wp\/v2\/posts\/132389","targetHints":{"allow":["GET"]}}],"collection":[{"href":"https:\/\/diariolanoticia.com.mx\/index.php?rest_route=\/wp\/v2\/posts"}],"about":[{"href":"https:\/\/diariolanoticia.com.mx\/index.php?rest_route=\/wp\/v2\/types\/post"}],"author":[{"embeddable":true,"href":"https:\/\/diariolanoticia.com.mx\/index.php?rest_route=\/wp\/v2\/users\/1"}],"replies":[{"embeddable":true,"href":"https:\/\/diariolanoticia.com.mx\/index.php?rest_route=%2Fwp%2Fv2%2Fcomments&post=132389"}],"version-history":[{"count":1,"href":"https:\/\/diariolanoticia.com.mx\/index.php?rest_route=\/wp\/v2\/posts\/132389\/revisions"}],"predecessor-version":[{"id":132391,"href":"https:\/\/diariolanoticia.com.mx\/index.php?rest_route=\/wp\/v2\/posts\/132389\/revisions\/132391"}],"wp:featuredmedia":[{"embeddable":true,"href":"https:\/\/diariolanoticia.com.mx\/index.php?rest_route=\/wp\/v2\/media\/132390"}],"wp:attachment":[{"href":"https:\/\/diariolanoticia.com.mx\/index.php?rest_route=%2Fwp%2Fv2%2Fmedia&parent=132389"}],"wp:term":[{"taxonomy":"category","embeddable":true,"href":"https:\/\/diariolanoticia.com.mx\/index.php?rest_route=%2Fwp%2Fv2%2Fcategories&post=132389"},{"taxonomy":"post_tag","embeddable":true,"href":"https:\/\/diariolanoticia.com.mx\/index.php?rest_route=%2Fwp%2Fv2%2Ftags&post=132389"}],"curies":[{"name":"wp","href":"https:\/\/api.w.org\/{rel}","templated":true}]}}