{"id":132392,"date":"2026-03-21T13:06:24","date_gmt":"2026-03-21T19:06:24","guid":{"rendered":"https:\/\/diariolanoticia.com.mx\/?p=132392"},"modified":"2026-03-21T13:06:24","modified_gmt":"2026-03-21T19:06:24","slug":"lxv-legislatura-conmemoro-el-dia-de-la-bandera-en-el-congreso-del-estado","status":"publish","type":"post","link":"https:\/\/diariolanoticia.com.mx\/?p=132392","title":{"rendered":"LXV Legislatura conmemor\u00f3 el D\u00eda de la Bandera en el Congreso del Estado"},"content":{"rendered":"\n<p>En el Patio Vitral del Congreso del Estado, las y los integrantes de la LXV Legislatura conmemoraron el D\u00eda de la Bandera de M\u00e9xico, en un acto c\u00edvico que honra a uno de los s\u00edmbolos patrios que representan la historia, la soberan\u00eda y la unidad nacional. La ceremonia reafirm\u00f3 el respeto institucional hacia el l\u00e1baro patrio y los valores que encarna para el pueblo mexicano.<\/p>\n\n\n\n<p>Durante su mensaje, el presidente de la Mesa Directiva, diputado David Mart\u00ednez del Razo, expres\u00f3: \u00abHoy nos reunimos para rendir un homenaje a nuestra bandera nacional, s\u00edmbolo de identidad, unidad y compromiso con los valores que dan sentido a nuestra naci\u00f3n. La bandera representa la historia de lucha, el sacrificio y la esperanza del pueblo mexicano; nos recuerda que la construcci\u00f3n de un pa\u00eds m\u00e1s justo, solidario e incluyente es una responsabilidad compartida entre sociedad e instituciones, representa el deber institucional de trabajar con responsabilidad, \u00e9tica y vocaci\u00f3n para el bienestar colectivo\u00bb.<\/p>\n\n\n\n<p>Asimismo, manifest\u00f3 que este homenaje debe renovar el compromiso de quienes integran el Poder Legislativo para trabajar de manera unida, desde sus respectivas funciones y responsabilidades, en favor del bienestar com\u00fan y el progreso de M\u00e9xico y de Tlaxcala.<\/p>\n\n\n\n<p>En el acto c\u00edvico participaron diputadas y diputados, titulares de los \u00f3rganos t\u00e9cnico-administrativos, as\u00ed como personal que labora en el Poder Legislativo, quienes refrendaron su respeto y lealtad a los s\u00edmbolos que dan identidad y fortaleza a la Naci\u00f3n.<\/p>\n\n\n\n<p>El acto cont\u00f3 con la participaci\u00f3n de la Banda de M\u00fasica del Gobierno del Estado y la escolta de la Secretar\u00eda de Seguridad Ciudadana del Estado de Tlaxcala, quienes dieron realce y solemnidad a la ceremonia.<\/p>\n","protected":false},"excerpt":{"rendered":"<p>En el Patio Vitral del Congreso del Estado, las y los integrantes de la LXV Legislatura conmemoraron el D\u00eda de la Bandera de M\u00e9xico, en un acto c\u00edvico que honra a uno de los s\u00edmbolos patrios que representan la historia, la soberan\u00eda y la unidad nacional. La ceremonia reafirm\u00f3 el respeto institucional hacia el l\u00e1baro [&hellip;]<\/p>\n","protected":false},"author":1,"featured_media":132393,"comment_status":"open","ping_status":"open","sticky":false,"template":"","format":"standard","meta":{"footnotes":""},"categories":[22],"tags":[],"class_list":["post-132392","post","type-post","status-publish","format-standard","has-post-thumbnail","hentry","category-congreso"],"blog_post_layout_featured_media_urls":{"thumbnail":["https:\/\/diariolanoticia.com.mx\/wp-content\/uploads\/2026\/03\/e99b4677-bf73-4466-a4f6-9c9f7869e27c-216x160.jpg",216,160,true],"full":["https:\/\/diariolanoticia.com.mx\/wp-content\/uploads\/2026\/03\/e99b4677-bf73-4466-a4f6-9c9f7869e27c.jpg",1280,855,false]},"categories_names":{"22":{"name":"Congreso","link":"https:\/\/diariolanoticia.com.mx\/?cat=22"}},"tags_names":[],"comments_number":"0","wpmagazine_modules_lite_featured_media_urls":{"thumbnail":["https:\/\/diariolanoticia.com.mx\/wp-content\/uploads\/2026\/03\/e99b4677-bf73-4466-a4f6-9c9f7869e27c-216x160.jpg",216,160,true],"cvmm-medium":["https:\/\/diariolanoticia.com.mx\/wp-content\/uploads\/2026\/03\/e99b4677-bf73-4466-a4f6-9c9f7869e27c-300x300.jpg",300,300,true],"cvmm-medium-plus":["https:\/\/diariolanoticia.com.mx\/wp-content\/uploads\/2026\/03\/e99b4677-bf73-4466-a4f6-9c9f7869e27c-305x207.jpg",305,207,true],"cvmm-portrait":["https:\/\/diariolanoticia.com.mx\/wp-content\/uploads\/2026\/03\/e99b4677-bf73-4466-a4f6-9c9f7869e27c-400x600.jpg",400,600,true],"cvmm-medium-square":["https:\/\/diariolanoticia.com.mx\/wp-content\/uploads\/2026\/03\/e99b4677-bf73-4466-a4f6-9c9f7869e27c-600x600.jpg",600,600,true],"cvmm-large":["https:\/\/diariolanoticia.com.mx\/wp-content\/uploads\/2026\/03\/e99b4677-bf73-4466-a4f6-9c9f7869e27c-1024x855.jpg",1024,855,true],"cvmm-small":["https:\/\/diariolanoticia.com.mx\/wp-content\/uploads\/2026\/03\/e99b4677-bf73-4466-a4f6-9c9f7869e27c-130x95.jpg",130,95,true],"full":["https:\/\/diariolanoticia.com.mx\/wp-content\/uploads\/2026\/03\/e99b4677-bf73-4466-a4f6-9c9f7869e27c.jpg",1280,855,false]},"_links":{"self":[{"href":"https:\/\/diariolanoticia.com.mx\/index.php?rest_route=\/wp\/v2\/posts\/132392","targetHints":{"allow":["GET"]}}],"collection":[{"href":"https:\/\/diariolanoticia.com.mx\/index.php?rest_route=\/wp\/v2\/posts"}],"about":[{"href":"https:\/\/diariolanoticia.com.mx\/index.php?rest_route=\/wp\/v2\/types\/post"}],"author":[{"embeddable":true,"href":"https:\/\/diariolanoticia.com.mx\/index.php?rest_route=\/wp\/v2\/users\/1"}],"replies":[{"embeddable":true,"href":"https:\/\/diariolanoticia.com.mx\/index.php?rest_route=%2Fwp%2Fv2%2Fcomments&post=132392"}],"version-history":[{"count":1,"href":"https:\/\/diariolanoticia.com.mx\/index.php?rest_route=\/wp\/v2\/posts\/132392\/revisions"}],"predecessor-version":[{"id":132394,"href":"https:\/\/diariolanoticia.com.mx\/index.php?rest_route=\/wp\/v2\/posts\/132392\/revisions\/132394"}],"wp:featuredmedia":[{"embeddable":true,"href":"https:\/\/diariolanoticia.com.mx\/index.php?rest_route=\/wp\/v2\/media\/132393"}],"wp:attachment":[{"href":"https:\/\/diariolanoticia.com.mx\/index.php?rest_route=%2Fwp%2Fv2%2Fmedia&parent=132392"}],"wp:term":[{"taxonomy":"category","embeddable":true,"href":"https:\/\/diariolanoticia.com.mx\/index.php?rest_route=%2Fwp%2Fv2%2Fcategories&post=132392"},{"taxonomy":"post_tag","embeddable":true,"href":"https:\/\/diariolanoticia.com.mx\/index.php?rest_route=%2Fwp%2Fv2%2Ftags&post=132392"}],"curies":[{"name":"wp","href":"https:\/\/api.w.org\/{rel}","templated":true}]}}