{"id":132407,"date":"2026-03-21T13:06:24","date_gmt":"2026-03-21T19:06:24","guid":{"rendered":"https:\/\/diariolanoticia.com.mx\/?p=132407"},"modified":"2026-03-21T13:06:24","modified_gmt":"2026-03-21T19:06:24","slug":"acompana-laura-yamili-flores-presentacion-de-la-feria-de-nanacamilpa-en-el-congreso","status":"publish","type":"post","link":"https:\/\/diariolanoticia.com.mx\/?p=132407","title":{"rendered":"Acompa\u00f1a Laura Yamili Flores presentaci\u00f3n de la Feria de Nanacamilpa en el Congreso"},"content":{"rendered":"\n<p>En el Patio Vitral del Congreso del Estado se llev\u00f3 a cabo la presentaci\u00f3n oficial de la Feria de Nanacamilpa 2026 en honor a San Jos\u00e9, que se desarrollar\u00e1 del 13 al 20 de marzo. El evento reuni\u00f3 a autoridades legislativas y municipales, as\u00ed como a integrantes del comit\u00e9 organizador, quienes dieron a conocer el programa de actividades culturales, art\u00edsticas y tradicionales que formar\u00e1n parte de esta celebraci\u00f3n.<\/p>\n\n\n\n<p>Durante su intervenci\u00f3n, la diputada Laura Yamili Flores Lozano, integrante de la Comisi\u00f3n de Turismo, reconoci\u00f3 el esfuerzo que realiza el municipio para organizar una feria a la altura de sus tradiciones y para brindar una atenci\u00f3n c\u00e1lida a sus visitantes. Asegur\u00f3 que esta edici\u00f3n ser\u00e1 un \u00e9xito, \u00abporque el pueblo tiene puesto el coraz\u00f3n en un evento que enaltece sus ra\u00edces y fortalece su identidad\u00bb. Por su parte, la diputada Miriam Esmeralda Mart\u00ednez S\u00e1nchez, presidenta de la Comisi\u00f3n de Fomento Artesanal y MiPymes invit\u00f3 a la ciudadan\u00eda a asistir a esta festividad, y destac\u00f3 el orgullo que representa para Nanacamilpa proyectar su cultura y el trabajo de su gente.<\/p>\n\n\n\n<p>En su mensaje, el presidente municipal, Aron Vargas \u00c1ngel, se\u00f1al\u00f3 que la Feria de Nanacamilpa representa historia, cultura, fe y orgullo, y subray\u00f3 que fortalece las ra\u00edces y tradiciones del municipio, posicion\u00e1ndolo como un referente cultural en Tlaxcala. Inform\u00f3 que la feria contar\u00e1 con diversos eventos art\u00edsticos y culturales gratuitos, reafirmando el compromiso de que la cultura y el entretenimiento sean accesibles para todas las familias sin distinci\u00f3n.<\/p>\n\n\n\n<p>Como parte de la presentaci\u00f3n, se realiz\u00f3 una exposici\u00f3n y degustaci\u00f3n de pulque y gastronom\u00eda tradicional del municipio, permitiendo a las y los asistentes conocer y disfrutar una muestra de la riqueza cultural que distingue a Nanacamilpa.<\/p>\n","protected":false},"excerpt":{"rendered":"<p>En el Patio Vitral del Congreso del Estado se llev\u00f3 a cabo la presentaci\u00f3n oficial de la Feria de Nanacamilpa 2026 en honor a San Jos\u00e9, que se desarrollar\u00e1 del 13 al 20 de marzo. El evento reuni\u00f3 a autoridades legislativas y municipales, as\u00ed como a integrantes del comit\u00e9 organizador, quienes dieron a conocer el [&hellip;]<\/p>\n","protected":false},"author":1,"featured_media":132408,"comment_status":"open","ping_status":"open","sticky":false,"template":"","format":"standard","meta":{"footnotes":""},"categories":[22],"tags":[],"class_list":["post-132407","post","type-post","status-publish","format-standard","has-post-thumbnail","hentry","category-congreso"],"blog_post_layout_featured_media_urls":{"thumbnail":["https:\/\/diariolanoticia.com.mx\/wp-content\/uploads\/2026\/03\/00250f3c-1cba-4d00-8713-473f2f8bb4fb-216x160.jpg",216,160,true],"full":["https:\/\/diariolanoticia.com.mx\/wp-content\/uploads\/2026\/03\/00250f3c-1cba-4d00-8713-473f2f8bb4fb.jpg",1280,853,false]},"categories_names":{"22":{"name":"Congreso","link":"https:\/\/diariolanoticia.com.mx\/?cat=22"}},"tags_names":[],"comments_number":"0","wpmagazine_modules_lite_featured_media_urls":{"thumbnail":["https:\/\/diariolanoticia.com.mx\/wp-content\/uploads\/2026\/03\/00250f3c-1cba-4d00-8713-473f2f8bb4fb-216x160.jpg",216,160,true],"cvmm-medium":["https:\/\/diariolanoticia.com.mx\/wp-content\/uploads\/2026\/03\/00250f3c-1cba-4d00-8713-473f2f8bb4fb-300x300.jpg",300,300,true],"cvmm-medium-plus":["https:\/\/diariolanoticia.com.mx\/wp-content\/uploads\/2026\/03\/00250f3c-1cba-4d00-8713-473f2f8bb4fb-305x207.jpg",305,207,true],"cvmm-portrait":["https:\/\/diariolanoticia.com.mx\/wp-content\/uploads\/2026\/03\/00250f3c-1cba-4d00-8713-473f2f8bb4fb-400x600.jpg",400,600,true],"cvmm-medium-square":["https:\/\/diariolanoticia.com.mx\/wp-content\/uploads\/2026\/03\/00250f3c-1cba-4d00-8713-473f2f8bb4fb-600x600.jpg",600,600,true],"cvmm-large":["https:\/\/diariolanoticia.com.mx\/wp-content\/uploads\/2026\/03\/00250f3c-1cba-4d00-8713-473f2f8bb4fb-1024x853.jpg",1024,853,true],"cvmm-small":["https:\/\/diariolanoticia.com.mx\/wp-content\/uploads\/2026\/03\/00250f3c-1cba-4d00-8713-473f2f8bb4fb-130x95.jpg",130,95,true],"full":["https:\/\/diariolanoticia.com.mx\/wp-content\/uploads\/2026\/03\/00250f3c-1cba-4d00-8713-473f2f8bb4fb.jpg",1280,853,false]},"_links":{"self":[{"href":"https:\/\/diariolanoticia.com.mx\/index.php?rest_route=\/wp\/v2\/posts\/132407","targetHints":{"allow":["GET"]}}],"collection":[{"href":"https:\/\/diariolanoticia.com.mx\/index.php?rest_route=\/wp\/v2\/posts"}],"about":[{"href":"https:\/\/diariolanoticia.com.mx\/index.php?rest_route=\/wp\/v2\/types\/post"}],"author":[{"embeddable":true,"href":"https:\/\/diariolanoticia.com.mx\/index.php?rest_route=\/wp\/v2\/users\/1"}],"replies":[{"embeddable":true,"href":"https:\/\/diariolanoticia.com.mx\/index.php?rest_route=%2Fwp%2Fv2%2Fcomments&post=132407"}],"version-history":[{"count":1,"href":"https:\/\/diariolanoticia.com.mx\/index.php?rest_route=\/wp\/v2\/posts\/132407\/revisions"}],"predecessor-version":[{"id":132409,"href":"https:\/\/diariolanoticia.com.mx\/index.php?rest_route=\/wp\/v2\/posts\/132407\/revisions\/132409"}],"wp:featuredmedia":[{"embeddable":true,"href":"https:\/\/diariolanoticia.com.mx\/index.php?rest_route=\/wp\/v2\/media\/132408"}],"wp:attachment":[{"href":"https:\/\/diariolanoticia.com.mx\/index.php?rest_route=%2Fwp%2Fv2%2Fmedia&parent=132407"}],"wp:term":[{"taxonomy":"category","embeddable":true,"href":"https:\/\/diariolanoticia.com.mx\/index.php?rest_route=%2Fwp%2Fv2%2Fcategories&post=132407"},{"taxonomy":"post_tag","embeddable":true,"href":"https:\/\/diariolanoticia.com.mx\/index.php?rest_route=%2Fwp%2Fv2%2Ftags&post=132407"}],"curies":[{"name":"wp","href":"https:\/\/api.w.org\/{rel}","templated":true}]}}