{"id":132423,"date":"2026-03-21T13:06:24","date_gmt":"2026-03-21T19:06:24","guid":{"rendered":"https:\/\/diariolanoticia.com.mx\/?p=132423"},"modified":"2026-03-21T13:06:24","modified_gmt":"2026-03-21T19:06:24","slug":"comision-del-congreso-exhorta-a-que-instancias-publicas-se-adhieran-a-la-hora-del-planeta","status":"publish","type":"post","link":"https:\/\/diariolanoticia.com.mx\/?p=132423","title":{"rendered":"Comisi\u00f3n del Congreso exhorta a que instancias p\u00fablicas se adhieran a \u201cLa hora del planeta\u201d"},"content":{"rendered":"\n<p class=\"s12\">Con el prop\u00f3sito de fomentar la lucha contra los efectos nocivos causados por el cambio clim\u00e1tico, as\u00ed como para concientizar y promover una cultura de responsabilidad, cuidado y respeto del entorno, la Comisi\u00f3n de la Agenda 2030 del Congreso del Estado aprob\u00f3 el proyecto de acuerdo para exhortar a las instancias p\u00fablicas a que se adhieran a \u201cLa hora del planeta\u201d.&nbsp;<\/p>\n\n\n\n<p class=\"s12\">Mediante el exhorto, se solicita a los Poderes Ejecutivo y Judicial, a los Organismos Constitucionalmente Aut\u00f3nomos, as\u00ed como a los Ayuntamientos y Concejos Municipales del Estado, que participen el pr\u00f3ximo 28 de marzo del a\u00f1o en curso en la campa\u00f1a mundial en favor del medio ambiente, apagando durante una hora las luces de sus sedes oficiales y alternas, de 20:30 a 21:30 horas.&nbsp;<\/p>\n\n\n\n<p class=\"s12\">Al hacer uso de la palabra, la diputada Cinthya Gabriela Chumacero Rodr\u00edguez destac\u00f3 los esfuerzos para contar con una ciudadan\u00eda m\u00e1s informada e instituciones comprometidas, que acompa\u00f1en la transici\u00f3n hacia una econom\u00eda circular y acciones de concientizaci\u00f3n que promuevan un desarrollo sustentable.&nbsp;<\/p>\n\n\n\n<p class=\"s12\">Por su parte, el diputado promovente del punto de acuerdo, Jaime Natale Uranga, destac\u00f3 que se trata de una campa\u00f1a noble y de concientizaci\u00f3n, mediante la cual se pretende implementar acciones en favor del ambiente.&nbsp;<\/p>\n\n\n\n<p class=\"s12\">En la sesi\u00f3n de la Comisi\u00f3n estuvieron presentes las diputadas Cinthya Gabriela Chumacero Rodr\u00edguez, Laura Guadalupe Vargas&nbsp;Vargas, Luana Armida Amador Vallejo y&nbsp;Xel&nbsp;Arianna Hern\u00e1ndez Garc\u00eda, as\u00ed como el diputado Jaime Natale Uranga.&nbsp;<\/p>\n\n\n\n<p class=\"s13\">&nbsp;<\/p>\n","protected":false},"excerpt":{"rendered":"<p>Con el prop\u00f3sito de fomentar la lucha contra los efectos nocivos causados por el cambio clim\u00e1tico, as\u00ed como para concientizar y promover una cultura de responsabilidad, cuidado y respeto del entorno, la Comisi\u00f3n de la Agenda 2030 del Congreso del Estado aprob\u00f3 el proyecto de acuerdo para exhortar a las instancias p\u00fablicas a que se [&hellip;]<\/p>\n","protected":false},"author":1,"featured_media":132422,"comment_status":"closed","ping_status":"open","sticky":false,"template":"","format":"standard","meta":{"footnotes":""},"categories":[20],"tags":[],"class_list":["post-132423","post","type-post","status-publish","format-standard","has-post-thumbnail","hentry","category-norte-de-puebla"],"blog_post_layout_featured_media_urls":{"thumbnail":["https:\/\/diariolanoticia.com.mx\/wp-content\/uploads\/2026\/03\/80afa54f-25ac-4aa5-8ed7-cb436fe44a0a-216x160.jpg",216,160,true],"full":["https:\/\/diariolanoticia.com.mx\/wp-content\/uploads\/2026\/03\/80afa54f-25ac-4aa5-8ed7-cb436fe44a0a.jpg",1280,853,false]},"categories_names":{"20":{"name":"Norte de Puebla","link":"https:\/\/diariolanoticia.com.mx\/?cat=20"}},"tags_names":[],"comments_number":"0","wpmagazine_modules_lite_featured_media_urls":{"thumbnail":["https:\/\/diariolanoticia.com.mx\/wp-content\/uploads\/2026\/03\/80afa54f-25ac-4aa5-8ed7-cb436fe44a0a-216x160.jpg",216,160,true],"cvmm-medium":["https:\/\/diariolanoticia.com.mx\/wp-content\/uploads\/2026\/03\/80afa54f-25ac-4aa5-8ed7-cb436fe44a0a-300x300.jpg",300,300,true],"cvmm-medium-plus":["https:\/\/diariolanoticia.com.mx\/wp-content\/uploads\/2026\/03\/80afa54f-25ac-4aa5-8ed7-cb436fe44a0a-305x207.jpg",305,207,true],"cvmm-portrait":["https:\/\/diariolanoticia.com.mx\/wp-content\/uploads\/2026\/03\/80afa54f-25ac-4aa5-8ed7-cb436fe44a0a-400x600.jpg",400,600,true],"cvmm-medium-square":["https:\/\/diariolanoticia.com.mx\/wp-content\/uploads\/2026\/03\/80afa54f-25ac-4aa5-8ed7-cb436fe44a0a-600x600.jpg",600,600,true],"cvmm-large":["https:\/\/diariolanoticia.com.mx\/wp-content\/uploads\/2026\/03\/80afa54f-25ac-4aa5-8ed7-cb436fe44a0a-1024x853.jpg",1024,853,true],"cvmm-small":["https:\/\/diariolanoticia.com.mx\/wp-content\/uploads\/2026\/03\/80afa54f-25ac-4aa5-8ed7-cb436fe44a0a-130x95.jpg",130,95,true],"full":["https:\/\/diariolanoticia.com.mx\/wp-content\/uploads\/2026\/03\/80afa54f-25ac-4aa5-8ed7-cb436fe44a0a.jpg",1280,853,false]},"_links":{"self":[{"href":"https:\/\/diariolanoticia.com.mx\/index.php?rest_route=\/wp\/v2\/posts\/132423","targetHints":{"allow":["GET"]}}],"collection":[{"href":"https:\/\/diariolanoticia.com.mx\/index.php?rest_route=\/wp\/v2\/posts"}],"about":[{"href":"https:\/\/diariolanoticia.com.mx\/index.php?rest_route=\/wp\/v2\/types\/post"}],"author":[{"embeddable":true,"href":"https:\/\/diariolanoticia.com.mx\/index.php?rest_route=\/wp\/v2\/users\/1"}],"replies":[{"embeddable":true,"href":"https:\/\/diariolanoticia.com.mx\/index.php?rest_route=%2Fwp%2Fv2%2Fcomments&post=132423"}],"version-history":[{"count":1,"href":"https:\/\/diariolanoticia.com.mx\/index.php?rest_route=\/wp\/v2\/posts\/132423\/revisions"}],"predecessor-version":[{"id":132424,"href":"https:\/\/diariolanoticia.com.mx\/index.php?rest_route=\/wp\/v2\/posts\/132423\/revisions\/132424"}],"wp:featuredmedia":[{"embeddable":true,"href":"https:\/\/diariolanoticia.com.mx\/index.php?rest_route=\/wp\/v2\/media\/132422"}],"wp:attachment":[{"href":"https:\/\/diariolanoticia.com.mx\/index.php?rest_route=%2Fwp%2Fv2%2Fmedia&parent=132423"}],"wp:term":[{"taxonomy":"category","embeddable":true,"href":"https:\/\/diariolanoticia.com.mx\/index.php?rest_route=%2Fwp%2Fv2%2Fcategories&post=132423"},{"taxonomy":"post_tag","embeddable":true,"href":"https:\/\/diariolanoticia.com.mx\/index.php?rest_route=%2Fwp%2Fv2%2Ftags&post=132423"}],"curies":[{"name":"wp","href":"https:\/\/api.w.org\/{rel}","templated":true}]}}