{"id":132426,"date":"2026-03-21T13:06:24","date_gmt":"2026-03-21T19:06:24","guid":{"rendered":"https:\/\/diariolanoticia.com.mx\/?p=132426"},"modified":"2026-03-21T13:06:24","modified_gmt":"2026-03-21T19:06:24","slug":"asi-lo-anuncio-el-presidente-de-la-jugocopo-pavel-gaspar","status":"publish","type":"post","link":"https:\/\/diariolanoticia.com.mx\/?p=132426","title":{"rendered":"As\u00ed lo anunci\u00f3 el presidente de la JUGOCOPO P\u00e1vel Gaspar"},"content":{"rendered":"\n<p class=\"s12\">&nbsp;El diputado Marcos Castro Mart\u00ednez, del Grupo Legislativo del Partido Acci\u00f3n Nacional (PAN), estar\u00e1 al frente de la Mesa Directiva del Congreso del Estado, inform\u00f3 el presidente de la Junta de Gobierno y Coordinaci\u00f3n Pol\u00edtica (JUGOCOPO), P\u00e1vel Gaspar Ram\u00edrez.&nbsp;<\/p>\n\n\n\n<p class=\"s12\">&nbsp;<\/p>\n\n\n\n<p class=\"s12\">Detall\u00f3 que las y los integrantes de la JUGOCOPO aprobaron el acuerdo para designar a las y los diputados siguientes en la Mesa Directiva:&nbsp;<\/p>\n\n\n\n<p class=\"s12\">&nbsp;<\/p>\n\n\n\n<p>\u2022&nbsp;Presidente: Marcos Castro Mart\u00ednez (Grupo Legislativo del Partido Acci\u00f3n Nacional)&nbsp;<\/p>\n\n\n\n<p>\u2022&nbsp;Vicepresidenta: Elisa Limon Balderrabano (Grupo Legislativo de Morena)&nbsp;<\/p>\n\n\n\n<p>\u2022&nbsp;Vicepresidenta: Kathya S\u00e1nchez Rodr\u00edguez (Grupo Legislativo del Partido Verde Ecologista de M\u00e9xico)&nbsp;<\/p>\n\n\n\n<p>\u2022&nbsp;Secretaria:&nbsp;Xel&nbsp;Arianna Hern\u00e1ndez Garc\u00eda (Grupo Legislativo del Partido del Trabajo)<\/p>\n\n\n\n<p>\u2022&nbsp;Secretario: Roberto Zatar\u00e1in Leal (Grupo Legislativo de Morena)&nbsp;<\/p>\n\n\n\n<p>\u2022&nbsp;Prosecretario: Elpidio D\u00edaz Escobar (Grupo Legislativo del Partido Fuerza por M\u00e9xico)<\/p>\n\n\n\n<p>\u2022&nbsp;Prosecretaria: Leonela Jazm\u00edn Mart\u00ednez Ayala (Grupo Legislativo del Partido Nueva Alianza)<\/p>\n\n\n\n<p class=\"s12\">&nbsp;<\/p>\n\n\n\n<p class=\"s12\">P\u00e1vel Gaspar se\u00f1al\u00f3 que al interior de la JUGOCOPO existe debate, di\u00e1logo y consenso, pues el objetivo es la construcci\u00f3n de acuerdos que permitan generar bienestar y justicia social.<\/p>\n","protected":false},"excerpt":{"rendered":"<p>&nbsp;El diputado Marcos Castro Mart\u00ednez, del Grupo Legislativo del Partido Acci\u00f3n Nacional (PAN), estar\u00e1 al frente de la Mesa Directiva del Congreso del Estado, inform\u00f3 el presidente de la Junta de Gobierno y Coordinaci\u00f3n Pol\u00edtica (JUGOCOPO), P\u00e1vel Gaspar Ram\u00edrez.&nbsp; &nbsp; Detall\u00f3 que las y los integrantes de la JUGOCOPO aprobaron el acuerdo para designar a [&hellip;]<\/p>\n","protected":false},"author":1,"featured_media":132425,"comment_status":"closed","ping_status":"open","sticky":false,"template":"","format":"standard","meta":{"footnotes":""},"categories":[20],"tags":[],"class_list":["post-132426","post","type-post","status-publish","format-standard","has-post-thumbnail","hentry","category-norte-de-puebla"],"blog_post_layout_featured_media_urls":{"thumbnail":["https:\/\/diariolanoticia.com.mx\/wp-content\/uploads\/2026\/03\/post-9-216x160.jpg",216,160,true],"full":["https:\/\/diariolanoticia.com.mx\/wp-content\/uploads\/2026\/03\/post-9.jpg",1080,600,false]},"categories_names":{"20":{"name":"Norte de Puebla","link":"https:\/\/diariolanoticia.com.mx\/?cat=20"}},"tags_names":[],"comments_number":"0","wpmagazine_modules_lite_featured_media_urls":{"thumbnail":["https:\/\/diariolanoticia.com.mx\/wp-content\/uploads\/2026\/03\/post-9-216x160.jpg",216,160,true],"cvmm-medium":["https:\/\/diariolanoticia.com.mx\/wp-content\/uploads\/2026\/03\/post-9-300x300.jpg",300,300,true],"cvmm-medium-plus":["https:\/\/diariolanoticia.com.mx\/wp-content\/uploads\/2026\/03\/post-9-305x207.jpg",305,207,true],"cvmm-portrait":["https:\/\/diariolanoticia.com.mx\/wp-content\/uploads\/2026\/03\/post-9-400x600.jpg",400,600,true],"cvmm-medium-square":["https:\/\/diariolanoticia.com.mx\/wp-content\/uploads\/2026\/03\/post-9-600x600.jpg",600,600,true],"cvmm-large":["https:\/\/diariolanoticia.com.mx\/wp-content\/uploads\/2026\/03\/post-9-1024x600.jpg",1024,600,true],"cvmm-small":["https:\/\/diariolanoticia.com.mx\/wp-content\/uploads\/2026\/03\/post-9-130x95.jpg",130,95,true],"full":["https:\/\/diariolanoticia.com.mx\/wp-content\/uploads\/2026\/03\/post-9.jpg",1080,600,false]},"_links":{"self":[{"href":"https:\/\/diariolanoticia.com.mx\/index.php?rest_route=\/wp\/v2\/posts\/132426","targetHints":{"allow":["GET"]}}],"collection":[{"href":"https:\/\/diariolanoticia.com.mx\/index.php?rest_route=\/wp\/v2\/posts"}],"about":[{"href":"https:\/\/diariolanoticia.com.mx\/index.php?rest_route=\/wp\/v2\/types\/post"}],"author":[{"embeddable":true,"href":"https:\/\/diariolanoticia.com.mx\/index.php?rest_route=\/wp\/v2\/users\/1"}],"replies":[{"embeddable":true,"href":"https:\/\/diariolanoticia.com.mx\/index.php?rest_route=%2Fwp%2Fv2%2Fcomments&post=132426"}],"version-history":[{"count":1,"href":"https:\/\/diariolanoticia.com.mx\/index.php?rest_route=\/wp\/v2\/posts\/132426\/revisions"}],"predecessor-version":[{"id":132427,"href":"https:\/\/diariolanoticia.com.mx\/index.php?rest_route=\/wp\/v2\/posts\/132426\/revisions\/132427"}],"wp:featuredmedia":[{"embeddable":true,"href":"https:\/\/diariolanoticia.com.mx\/index.php?rest_route=\/wp\/v2\/media\/132425"}],"wp:attachment":[{"href":"https:\/\/diariolanoticia.com.mx\/index.php?rest_route=%2Fwp%2Fv2%2Fmedia&parent=132426"}],"wp:term":[{"taxonomy":"category","embeddable":true,"href":"https:\/\/diariolanoticia.com.mx\/index.php?rest_route=%2Fwp%2Fv2%2Fcategories&post=132426"},{"taxonomy":"post_tag","embeddable":true,"href":"https:\/\/diariolanoticia.com.mx\/index.php?rest_route=%2Fwp%2Fv2%2Ftags&post=132426"}],"curies":[{"name":"wp","href":"https:\/\/api.w.org\/{rel}","templated":true}]}}