{"id":132431,"date":"2026-03-21T13:06:24","date_gmt":"2026-03-21T19:06:24","guid":{"rendered":"https:\/\/diariolanoticia.com.mx\/?p=132431"},"modified":"2026-03-21T13:06:24","modified_gmt":"2026-03-21T19:06:24","slug":"pisos-techos-cuartos-adicionales-y-equipamiento-sustentable-fortalecen-bienestar","status":"publish","type":"post","link":"https:\/\/diariolanoticia.com.mx\/?p=132431","title":{"rendered":"Pisos, techos, cuartos adicionales y equipamiento sustentable fortalecen bienestar"},"content":{"rendered":"\n<figure class=\"wp-block-gallery has-nested-images columns-default is-cropped wp-block-gallery-1 is-layout-flex wp-block-gallery-is-layout-flex\">\n<figure class=\"wp-block-image\"><img loading=\"lazy\" decoding=\"async\" width=\"1024\" height=\"820\" data-id=\"132429\" src=\"https:\/\/diariolanoticia.com.mx\/wp-content\/uploads\/2026\/03\/c7bae50c-06af-4c4e-b160-e198997a8ac1-1024x820.jpg\" alt=\"\" class=\"wp-image-132429\" srcset=\"https:\/\/diariolanoticia.com.mx\/wp-content\/uploads\/2026\/03\/c7bae50c-06af-4c4e-b160-e198997a8ac1-1024x820.jpg 1024w, https:\/\/diariolanoticia.com.mx\/wp-content\/uploads\/2026\/03\/c7bae50c-06af-4c4e-b160-e198997a8ac1-300x240.jpg 300w, https:\/\/diariolanoticia.com.mx\/wp-content\/uploads\/2026\/03\/c7bae50c-06af-4c4e-b160-e198997a8ac1-768x615.jpg 768w, https:\/\/diariolanoticia.com.mx\/wp-content\/uploads\/2026\/03\/c7bae50c-06af-4c4e-b160-e198997a8ac1.jpg 1280w\" sizes=\"auto, (max-width: 1024px) 100vw, 1024px\" \/><\/figure>\n\n\n\n<figure class=\"wp-block-image\"><img loading=\"lazy\" decoding=\"async\" width=\"1024\" height=\"682\" data-id=\"132430\" src=\"https:\/\/diariolanoticia.com.mx\/wp-content\/uploads\/2026\/03\/6f47c07d-d97c-4904-8831-7c8efb57c48e-1024x682.jpg\" alt=\"\" class=\"wp-image-132430\" srcset=\"https:\/\/diariolanoticia.com.mx\/wp-content\/uploads\/2026\/03\/6f47c07d-d97c-4904-8831-7c8efb57c48e-1024x682.jpg 1024w, https:\/\/diariolanoticia.com.mx\/wp-content\/uploads\/2026\/03\/6f47c07d-d97c-4904-8831-7c8efb57c48e-300x200.jpg 300w, https:\/\/diariolanoticia.com.mx\/wp-content\/uploads\/2026\/03\/6f47c07d-d97c-4904-8831-7c8efb57c48e-768x512.jpg 768w, https:\/\/diariolanoticia.com.mx\/wp-content\/uploads\/2026\/03\/6f47c07d-d97c-4904-8831-7c8efb57c48e.jpg 1280w\" sizes=\"auto, (max-width: 1024px) 100vw, 1024px\" \/><\/figure>\n<\/figure>\n\n\n\n<p>Para fortalecer el bienestar de las familias, la secretaria de Bienestar, Laura Artemisa Garc\u00eda Ch\u00e1vez, inform\u00f3 sobre el impulso a los programas sociales como el de Vivienda que beneficia directamente a quienes m\u00e1s lo necesitan. Destac\u00f3 que \u201ctenemos los programas de pisos, techos y cuartos adicionales. Hace cinco a\u00f1os, adem\u00e1s, que no se implementaban, as\u00ed es que han sido muy importantes y todo un \u00e9xito para la gente\u201d.<\/p>\n\n\n\n<p>Explic\u00f3 que estas acciones no solo mejoran la infraestructura b\u00e1sica de los hogares, sino que tambi\u00e9n fortalecen los servicios esenciales mediante la entrega de captadores pluviales y estufas ecol\u00f3gicas, contribuyendo a mejorar la calidad de vida, adem\u00e1s de promover pr\u00e1cticas sustentables en las comunidades.<\/p>\n\n\n\n<p>Laura Artemisa Garc\u00eda subray\u00f3 que las reglas de operaci\u00f3n son muy espec\u00edficas, ya que se trata de presupuesto federal que debe aplicarse exclusivamente en las zonas de atenci\u00f3n prioritaria establecidas en el Diario Oficial de la Federaci\u00f3n.<\/p>\n\n\n\n<p>\u201cSe limitan un poco m\u00e1s para orientar el programa a espacios directamente en donde hay mayor pobreza y marginaci\u00f3n, ya que tiene que ver justamente con vivienda digna o falta de servicios para la vivienda y que ayudemos a mejorar estos \u00edndices, atacar la pobreza y marginaci\u00f3n\u201d, puntualiz\u00f3.<\/p>\n\n\n\n<p>Estas acciones se desarrollan en coordinaci\u00f3n con el gobernador Alejandro Armenta Mier y en congruencia con la visi\u00f3n social de la presidenta Claudia Sheinbaum, con el objetivo de garantizar que el bienestar llegue a quienes m\u00e1s lo necesitan y consolidar una pol\u00edtica social con sentido humano y de justicia social.<\/p>\n","protected":false},"excerpt":{"rendered":"<p>Para fortalecer el bienestar de las familias, la secretaria de Bienestar, Laura Artemisa Garc\u00eda Ch\u00e1vez, inform\u00f3 sobre el impulso a los programas sociales como el de Vivienda que beneficia directamente a quienes m\u00e1s lo necesitan. Destac\u00f3 que \u201ctenemos los programas de pisos, techos y cuartos adicionales. Hace cinco a\u00f1os, adem\u00e1s, que no se implementaban, as\u00ed [&hellip;]<\/p>\n","protected":false},"author":1,"featured_media":132428,"comment_status":"closed","ping_status":"open","sticky":false,"template":"","format":"standard","meta":{"footnotes":""},"categories":[20],"tags":[],"class_list":["post-132431","post","type-post","status-publish","format-standard","has-post-thumbnail","hentry","category-norte-de-puebla"],"blog_post_layout_featured_media_urls":{"thumbnail":["https:\/\/diariolanoticia.com.mx\/wp-content\/uploads\/2026\/03\/post-10-216x160.jpg",216,160,true],"full":["https:\/\/diariolanoticia.com.mx\/wp-content\/uploads\/2026\/03\/post-10.jpg",1080,600,false]},"categories_names":{"20":{"name":"Norte de Puebla","link":"https:\/\/diariolanoticia.com.mx\/?cat=20"}},"tags_names":[],"comments_number":"0","wpmagazine_modules_lite_featured_media_urls":{"thumbnail":["https:\/\/diariolanoticia.com.mx\/wp-content\/uploads\/2026\/03\/post-10-216x160.jpg",216,160,true],"cvmm-medium":["https:\/\/diariolanoticia.com.mx\/wp-content\/uploads\/2026\/03\/post-10-300x300.jpg",300,300,true],"cvmm-medium-plus":["https:\/\/diariolanoticia.com.mx\/wp-content\/uploads\/2026\/03\/post-10-305x207.jpg",305,207,true],"cvmm-portrait":["https:\/\/diariolanoticia.com.mx\/wp-content\/uploads\/2026\/03\/post-10-400x600.jpg",400,600,true],"cvmm-medium-square":["https:\/\/diariolanoticia.com.mx\/wp-content\/uploads\/2026\/03\/post-10-600x600.jpg",600,600,true],"cvmm-large":["https:\/\/diariolanoticia.com.mx\/wp-content\/uploads\/2026\/03\/post-10-1024x600.jpg",1024,600,true],"cvmm-small":["https:\/\/diariolanoticia.com.mx\/wp-content\/uploads\/2026\/03\/post-10-130x95.jpg",130,95,true],"full":["https:\/\/diariolanoticia.com.mx\/wp-content\/uploads\/2026\/03\/post-10.jpg",1080,600,false]},"_links":{"self":[{"href":"https:\/\/diariolanoticia.com.mx\/index.php?rest_route=\/wp\/v2\/posts\/132431","targetHints":{"allow":["GET"]}}],"collection":[{"href":"https:\/\/diariolanoticia.com.mx\/index.php?rest_route=\/wp\/v2\/posts"}],"about":[{"href":"https:\/\/diariolanoticia.com.mx\/index.php?rest_route=\/wp\/v2\/types\/post"}],"author":[{"embeddable":true,"href":"https:\/\/diariolanoticia.com.mx\/index.php?rest_route=\/wp\/v2\/users\/1"}],"replies":[{"embeddable":true,"href":"https:\/\/diariolanoticia.com.mx\/index.php?rest_route=%2Fwp%2Fv2%2Fcomments&post=132431"}],"version-history":[{"count":1,"href":"https:\/\/diariolanoticia.com.mx\/index.php?rest_route=\/wp\/v2\/posts\/132431\/revisions"}],"predecessor-version":[{"id":132432,"href":"https:\/\/diariolanoticia.com.mx\/index.php?rest_route=\/wp\/v2\/posts\/132431\/revisions\/132432"}],"wp:featuredmedia":[{"embeddable":true,"href":"https:\/\/diariolanoticia.com.mx\/index.php?rest_route=\/wp\/v2\/media\/132428"}],"wp:attachment":[{"href":"https:\/\/diariolanoticia.com.mx\/index.php?rest_route=%2Fwp%2Fv2%2Fmedia&parent=132431"}],"wp:term":[{"taxonomy":"category","embeddable":true,"href":"https:\/\/diariolanoticia.com.mx\/index.php?rest_route=%2Fwp%2Fv2%2Fcategories&post=132431"},{"taxonomy":"post_tag","embeddable":true,"href":"https:\/\/diariolanoticia.com.mx\/index.php?rest_route=%2Fwp%2Fv2%2Ftags&post=132431"}],"curies":[{"name":"wp","href":"https:\/\/api.w.org\/{rel}","templated":true}]}}