{"id":133075,"date":"2026-04-24T17:50:25","date_gmt":"2026-04-24T23:50:25","guid":{"rendered":"https:\/\/diariolanoticia.com.mx\/?p=133075"},"modified":"2026-04-24T17:50:25","modified_gmt":"2026-04-24T23:50:25","slug":"realizan-en-zacatlan-capacitacion-anticorrupcion","status":"publish","type":"post","link":"https:\/\/diariolanoticia.com.mx\/?p=133075","title":{"rendered":"Realizan en Zacatl\u00e1n capacitaci\u00f3n anticorrupci\u00f3n"},"content":{"rendered":"\n<figure class=\"wp-block-gallery has-nested-images columns-default is-cropped wp-block-gallery-1 is-layout-flex wp-block-gallery-is-layout-flex\">\n<figure class=\"wp-block-image\"><img loading=\"lazy\" decoding=\"async\" width=\"1024\" height=\"683\" data-id=\"133074\" src=\"https:\/\/diariolanoticia.com.mx\/wp-content\/uploads\/2026\/04\/img_6691-1024x683.jpg\" alt=\"\" class=\"wp-image-133074\" srcset=\"https:\/\/diariolanoticia.com.mx\/wp-content\/uploads\/2026\/04\/img_6691-1024x683.jpg 1024w, https:\/\/diariolanoticia.com.mx\/wp-content\/uploads\/2026\/04\/img_6691-300x200.jpg 300w, https:\/\/diariolanoticia.com.mx\/wp-content\/uploads\/2026\/04\/img_6691-768x513.jpg 768w, https:\/\/diariolanoticia.com.mx\/wp-content\/uploads\/2026\/04\/img_6691.jpg 1500w\" sizes=\"auto, (max-width: 1024px) 100vw, 1024px\" \/><\/figure>\n\n\n\n<figure class=\"wp-block-image\"><img loading=\"lazy\" decoding=\"async\" width=\"1024\" height=\"683\" data-id=\"133073\" src=\"https:\/\/diariolanoticia.com.mx\/wp-content\/uploads\/2026\/04\/img_6692-1024x683.jpg\" alt=\"\" class=\"wp-image-133073\" srcset=\"https:\/\/diariolanoticia.com.mx\/wp-content\/uploads\/2026\/04\/img_6692-1024x683.jpg 1024w, https:\/\/diariolanoticia.com.mx\/wp-content\/uploads\/2026\/04\/img_6692-300x200.jpg 300w, https:\/\/diariolanoticia.com.mx\/wp-content\/uploads\/2026\/04\/img_6692-768x512.jpg 768w, https:\/\/diariolanoticia.com.mx\/wp-content\/uploads\/2026\/04\/img_6692.jpg 1500w\" sizes=\"auto, (max-width: 1024px) 100vw, 1024px\" \/><\/figure>\n<\/figure>\n\n\n\n<p>El Gobierno Municipal, encabezado por la presidenta Bety S\u00e1nchez, llev\u00f3 a cabo la capacitaci\u00f3n \u201cSistema Anticorrupci\u00f3n y Responsabilidades de las Personas Servidoras P\u00fablicas\u201d, en coordinaci\u00f3n con el Comit\u00e9 de Participaci\u00f3n Ciudadana Puebla, e impartida por la C.P. Maritza M\u00e9ndez y el Mtro. Ad\u00e1n C\u00f3rdova, con el objetivo de reforzar las capacidades t\u00e9cnicas y \u00e9ticas del personal.<\/p>\n\n\n\n<p>Con la participaci\u00f3n de las contralor\u00edas municipales de Tepango de Rodr\u00edguez, Ahuacatl\u00e1n, Hermenegildo Galeana, Camocuautla y Tepetzintla, se consolid\u00f3 un espacio de aprendizaje y colaboraci\u00f3n en favor de un servicio p\u00fablico \u00edntegro, transparente y cercano a la ciudadan\u00eda.<\/p>\n","protected":false},"excerpt":{"rendered":"<p>El Gobierno Municipal, encabezado por la presidenta Bety S\u00e1nchez, llev\u00f3 a cabo la capacitaci\u00f3n \u201cSistema Anticorrupci\u00f3n y Responsabilidades de las Personas Servidoras P\u00fablicas\u201d, en coordinaci\u00f3n con el Comit\u00e9 de Participaci\u00f3n Ciudadana Puebla, e impartida por la C.P. Maritza M\u00e9ndez y el Mtro. Ad\u00e1n C\u00f3rdova, con el objetivo de reforzar las capacidades t\u00e9cnicas y \u00e9ticas del [&hellip;]<\/p>\n","protected":false},"author":1,"featured_media":133072,"comment_status":"closed","ping_status":"open","sticky":false,"template":"","format":"standard","meta":{"footnotes":""},"categories":[20],"tags":[],"class_list":["post-133075","post","type-post","status-publish","format-standard","has-post-thumbnail","hentry","category-norte-de-puebla"],"blog_post_layout_featured_media_urls":{"thumbnail":["https:\/\/diariolanoticia.com.mx\/wp-content\/uploads\/2026\/04\/img_6690-216x160.jpg",216,160,true],"full":["https:\/\/diariolanoticia.com.mx\/wp-content\/uploads\/2026\/04\/img_6690.jpg",1500,1001,false]},"categories_names":{"20":{"name":"Norte de Puebla","link":"https:\/\/diariolanoticia.com.mx\/?cat=20"}},"tags_names":[],"comments_number":"0","wpmagazine_modules_lite_featured_media_urls":{"thumbnail":["https:\/\/diariolanoticia.com.mx\/wp-content\/uploads\/2026\/04\/img_6690-216x160.jpg",216,160,true],"cvmm-medium":["https:\/\/diariolanoticia.com.mx\/wp-content\/uploads\/2026\/04\/img_6690-300x300.jpg",300,300,true],"cvmm-medium-plus":["https:\/\/diariolanoticia.com.mx\/wp-content\/uploads\/2026\/04\/img_6690-305x207.jpg",305,207,true],"cvmm-portrait":["https:\/\/diariolanoticia.com.mx\/wp-content\/uploads\/2026\/04\/img_6690-400x600.jpg",400,600,true],"cvmm-medium-square":["https:\/\/diariolanoticia.com.mx\/wp-content\/uploads\/2026\/04\/img_6690-600x600.jpg",600,600,true],"cvmm-large":["https:\/\/diariolanoticia.com.mx\/wp-content\/uploads\/2026\/04\/img_6690-1024x1001.jpg",1024,1001,true],"cvmm-small":["https:\/\/diariolanoticia.com.mx\/wp-content\/uploads\/2026\/04\/img_6690-130x95.jpg",130,95,true],"full":["https:\/\/diariolanoticia.com.mx\/wp-content\/uploads\/2026\/04\/img_6690.jpg",1500,1001,false]},"_links":{"self":[{"href":"https:\/\/diariolanoticia.com.mx\/index.php?rest_route=\/wp\/v2\/posts\/133075","targetHints":{"allow":["GET"]}}],"collection":[{"href":"https:\/\/diariolanoticia.com.mx\/index.php?rest_route=\/wp\/v2\/posts"}],"about":[{"href":"https:\/\/diariolanoticia.com.mx\/index.php?rest_route=\/wp\/v2\/types\/post"}],"author":[{"embeddable":true,"href":"https:\/\/diariolanoticia.com.mx\/index.php?rest_route=\/wp\/v2\/users\/1"}],"replies":[{"embeddable":true,"href":"https:\/\/diariolanoticia.com.mx\/index.php?rest_route=%2Fwp%2Fv2%2Fcomments&post=133075"}],"version-history":[{"count":1,"href":"https:\/\/diariolanoticia.com.mx\/index.php?rest_route=\/wp\/v2\/posts\/133075\/revisions"}],"predecessor-version":[{"id":133076,"href":"https:\/\/diariolanoticia.com.mx\/index.php?rest_route=\/wp\/v2\/posts\/133075\/revisions\/133076"}],"wp:featuredmedia":[{"embeddable":true,"href":"https:\/\/diariolanoticia.com.mx\/index.php?rest_route=\/wp\/v2\/media\/133072"}],"wp:attachment":[{"href":"https:\/\/diariolanoticia.com.mx\/index.php?rest_route=%2Fwp%2Fv2%2Fmedia&parent=133075"}],"wp:term":[{"taxonomy":"category","embeddable":true,"href":"https:\/\/diariolanoticia.com.mx\/index.php?rest_route=%2Fwp%2Fv2%2Fcategories&post=133075"},{"taxonomy":"post_tag","embeddable":true,"href":"https:\/\/diariolanoticia.com.mx\/index.php?rest_route=%2Fwp%2Fv2%2Ftags&post=133075"}],"curies":[{"name":"wp","href":"https:\/\/api.w.org\/{rel}","templated":true}]}}