{"id":133084,"date":"2026-04-27T17:05:27","date_gmt":"2026-04-27T23:05:27","guid":{"rendered":"https:\/\/diariolanoticia.com.mx\/?p=133084"},"modified":"2026-04-27T17:05:27","modified_gmt":"2026-04-27T23:05:27","slug":"realizan-limpieza-en-andadores-san-pedro-y-san-pablo","status":"publish","type":"post","link":"https:\/\/diariolanoticia.com.mx\/?p=133084","title":{"rendered":"Realizan limpieza en andadores San Pedro y San Pablo"},"content":{"rendered":"\n<figure class=\"wp-block-gallery has-nested-images columns-default is-cropped wp-block-gallery-1 is-layout-flex wp-block-gallery-is-layout-flex\">\n<figure class=\"wp-block-image\"><img loading=\"lazy\" decoding=\"async\" width=\"1024\" height=\"460\" data-id=\"133082\" src=\"https:\/\/diariolanoticia.com.mx\/wp-content\/uploads\/2026\/04\/img_6994-1024x460.jpg\" alt=\"\" class=\"wp-image-133082\" srcset=\"https:\/\/diariolanoticia.com.mx\/wp-content\/uploads\/2026\/04\/img_6994-1024x460.jpg 1024w, https:\/\/diariolanoticia.com.mx\/wp-content\/uploads\/2026\/04\/img_6994-300x135.jpg 300w, https:\/\/diariolanoticia.com.mx\/wp-content\/uploads\/2026\/04\/img_6994-768x345.jpg 768w, https:\/\/diariolanoticia.com.mx\/wp-content\/uploads\/2026\/04\/img_6994.jpg 1424w\" sizes=\"auto, (max-width: 1024px) 100vw, 1024px\" \/><\/figure>\n\n\n\n<figure class=\"wp-block-image\"><img loading=\"lazy\" decoding=\"async\" width=\"1024\" height=\"460\" data-id=\"133083\" src=\"https:\/\/diariolanoticia.com.mx\/wp-content\/uploads\/2026\/04\/img_6995-1024x460.jpg\" alt=\"\" class=\"wp-image-133083\" srcset=\"https:\/\/diariolanoticia.com.mx\/wp-content\/uploads\/2026\/04\/img_6995-1024x460.jpg 1024w, https:\/\/diariolanoticia.com.mx\/wp-content\/uploads\/2026\/04\/img_6995-300x135.jpg 300w, https:\/\/diariolanoticia.com.mx\/wp-content\/uploads\/2026\/04\/img_6995-768x345.jpg 768w, https:\/\/diariolanoticia.com.mx\/wp-content\/uploads\/2026\/04\/img_6995.jpg 1424w\" sizes=\"auto, (max-width: 1024px) 100vw, 1024px\" \/><\/figure>\n<\/figure>\n\n\n\n<p>En unidad y con compromiso por la imagen de nuestro Pueblo M\u00e1gico, comerciantes del Andador San Pedro y San Pablo llevaron a cabo una jornada de limpieza, en coordinaci\u00f3n con el cuerpo de bomberos, la Direcci\u00f3n de Servicios P\u00fablicos y la Direcci\u00f3n de Normatividad del Ayuntamiento, encabezado por la presidenta Bety S\u00e1nchez.<\/p>\n\n\n\n<p>Acciones que reflejan orden, disciplina y el orgullo de cuidar juntos lo que nos distingue.<\/p>\n","protected":false},"excerpt":{"rendered":"<p>En unidad y con compromiso por la imagen de nuestro Pueblo M\u00e1gico, comerciantes del Andador San Pedro y San Pablo llevaron a cabo una jornada de limpieza, en coordinaci\u00f3n con el cuerpo de bomberos, la Direcci\u00f3n de Servicios P\u00fablicos y la Direcci\u00f3n de Normatividad del Ayuntamiento, encabezado por la presidenta Bety S\u00e1nchez. Acciones que reflejan [&hellip;]<\/p>\n","protected":false},"author":1,"featured_media":133081,"comment_status":"closed","ping_status":"open","sticky":false,"template":"","format":"standard","meta":{"footnotes":""},"categories":[20],"tags":[],"class_list":["post-133084","post","type-post","status-publish","format-standard","has-post-thumbnail","hentry","category-norte-de-puebla"],"blog_post_layout_featured_media_urls":{"thumbnail":["https:\/\/diariolanoticia.com.mx\/wp-content\/uploads\/2026\/04\/img_6993-216x160.jpg",216,160,true],"full":["https:\/\/diariolanoticia.com.mx\/wp-content\/uploads\/2026\/04\/img_6993.jpg",1424,640,false]},"categories_names":{"20":{"name":"Norte de Puebla","link":"https:\/\/diariolanoticia.com.mx\/?cat=20"}},"tags_names":[],"comments_number":"0","wpmagazine_modules_lite_featured_media_urls":{"thumbnail":["https:\/\/diariolanoticia.com.mx\/wp-content\/uploads\/2026\/04\/img_6993-216x160.jpg",216,160,true],"cvmm-medium":["https:\/\/diariolanoticia.com.mx\/wp-content\/uploads\/2026\/04\/img_6993-300x300.jpg",300,300,true],"cvmm-medium-plus":["https:\/\/diariolanoticia.com.mx\/wp-content\/uploads\/2026\/04\/img_6993-305x207.jpg",305,207,true],"cvmm-portrait":["https:\/\/diariolanoticia.com.mx\/wp-content\/uploads\/2026\/04\/img_6993-400x600.jpg",400,600,true],"cvmm-medium-square":["https:\/\/diariolanoticia.com.mx\/wp-content\/uploads\/2026\/04\/img_6993-600x600.jpg",600,600,true],"cvmm-large":["https:\/\/diariolanoticia.com.mx\/wp-content\/uploads\/2026\/04\/img_6993-1024x640.jpg",1024,640,true],"cvmm-small":["https:\/\/diariolanoticia.com.mx\/wp-content\/uploads\/2026\/04\/img_6993-130x95.jpg",130,95,true],"full":["https:\/\/diariolanoticia.com.mx\/wp-content\/uploads\/2026\/04\/img_6993.jpg",1424,640,false]},"_links":{"self":[{"href":"https:\/\/diariolanoticia.com.mx\/index.php?rest_route=\/wp\/v2\/posts\/133084","targetHints":{"allow":["GET"]}}],"collection":[{"href":"https:\/\/diariolanoticia.com.mx\/index.php?rest_route=\/wp\/v2\/posts"}],"about":[{"href":"https:\/\/diariolanoticia.com.mx\/index.php?rest_route=\/wp\/v2\/types\/post"}],"author":[{"embeddable":true,"href":"https:\/\/diariolanoticia.com.mx\/index.php?rest_route=\/wp\/v2\/users\/1"}],"replies":[{"embeddable":true,"href":"https:\/\/diariolanoticia.com.mx\/index.php?rest_route=%2Fwp%2Fv2%2Fcomments&post=133084"}],"version-history":[{"count":1,"href":"https:\/\/diariolanoticia.com.mx\/index.php?rest_route=\/wp\/v2\/posts\/133084\/revisions"}],"predecessor-version":[{"id":133085,"href":"https:\/\/diariolanoticia.com.mx\/index.php?rest_route=\/wp\/v2\/posts\/133084\/revisions\/133085"}],"wp:featuredmedia":[{"embeddable":true,"href":"https:\/\/diariolanoticia.com.mx\/index.php?rest_route=\/wp\/v2\/media\/133081"}],"wp:attachment":[{"href":"https:\/\/diariolanoticia.com.mx\/index.php?rest_route=%2Fwp%2Fv2%2Fmedia&parent=133084"}],"wp:term":[{"taxonomy":"category","embeddable":true,"href":"https:\/\/diariolanoticia.com.mx\/index.php?rest_route=%2Fwp%2Fv2%2Fcategories&post=133084"},{"taxonomy":"post_tag","embeddable":true,"href":"https:\/\/diariolanoticia.com.mx\/index.php?rest_route=%2Fwp%2Fv2%2Ftags&post=133084"}],"curies":[{"name":"wp","href":"https:\/\/api.w.org\/{rel}","templated":true}]}}