{"id":133094,"date":"2026-04-28T11:44:52","date_gmt":"2026-04-28T17:44:52","guid":{"rendered":"https:\/\/diariolanoticia.com.mx\/?p=133094"},"modified":"2026-04-28T11:44:52","modified_gmt":"2026-04-28T17:44:52","slug":"inauguran-la-exposicion-de-15-manzanas-monumentales-el-latido-zacatlan","status":"publish","type":"post","link":"https:\/\/diariolanoticia.com.mx\/?p=133094","title":{"rendered":"Inauguran la exposici\u00f3n de 15 manzanas monumentales \u201cEl Latido Zacatl\u00e1n\u201d"},"content":{"rendered":"\n<figure class=\"wp-block-gallery has-nested-images columns-default is-cropped wp-block-gallery-1 is-layout-flex wp-block-gallery-is-layout-flex\">\n<figure class=\"wp-block-image\"><img loading=\"lazy\" decoding=\"async\" width=\"1024\" height=\"683\" data-id=\"133093\" src=\"https:\/\/diariolanoticia.com.mx\/wp-content\/uploads\/2026\/04\/img_7143-1024x683.jpg\" alt=\"\" class=\"wp-image-133093\" srcset=\"https:\/\/diariolanoticia.com.mx\/wp-content\/uploads\/2026\/04\/img_7143-1024x683.jpg 1024w, https:\/\/diariolanoticia.com.mx\/wp-content\/uploads\/2026\/04\/img_7143-300x200.jpg 300w, https:\/\/diariolanoticia.com.mx\/wp-content\/uploads\/2026\/04\/img_7143-768x512.jpg 768w, https:\/\/diariolanoticia.com.mx\/wp-content\/uploads\/2026\/04\/img_7143.jpg 1500w\" sizes=\"auto, (max-width: 1024px) 100vw, 1024px\" \/><\/figure>\n\n\n\n<figure class=\"wp-block-image\"><img loading=\"lazy\" decoding=\"async\" width=\"1024\" height=\"683\" data-id=\"133092\" src=\"https:\/\/diariolanoticia.com.mx\/wp-content\/uploads\/2026\/04\/img_7141-1024x683.jpg\" alt=\"\" class=\"wp-image-133092\" srcset=\"https:\/\/diariolanoticia.com.mx\/wp-content\/uploads\/2026\/04\/img_7141-1024x683.jpg 1024w, https:\/\/diariolanoticia.com.mx\/wp-content\/uploads\/2026\/04\/img_7141-300x200.jpg 300w, https:\/\/diariolanoticia.com.mx\/wp-content\/uploads\/2026\/04\/img_7141-768x512.jpg 768w, https:\/\/diariolanoticia.com.mx\/wp-content\/uploads\/2026\/04\/img_7141.jpg 1200w\" sizes=\"auto, (max-width: 1024px) 100vw, 1024px\" \/><\/figure>\n<\/figure>\n\n\n\n<p>En el marco del 15\u00b0 Aniversario de #Zacatl\u00e1n como #PuebloM\u00e1gico, celebramos la inauguraci\u00f3n de la exposici\u00f3n de 15 manzanas monumentales \u201cEl Latido Zacatl\u00e1n\u201d, una muestra \u00fanica intervenida por 15 talentosos artistas pl\u00e1sticos que reflejan la esencia, identidad y orgullo de nuestro municipio.<\/p>\n\n\n\n<p>Este proyecto, impulsado con el respaldo de la presidenta Bety S\u00e1nchez, reafirma el compromiso de su administraci\u00f3n con el arte y la cultura como motores de identidad y desarrollo.<\/p>\n\n\n\n<p>Contamos con la distinguida presencia de Carlos M\u00e1rquez, Subsecretario de Desarrollo Tur\u00edstico del Estado, sumando esfuerzos para seguir posicionando a Zacatl\u00e1n como un destino lleno de vida, creatividad y tradici\u00f3n.<\/p>\n\n\n\n<p>Las manzanas monumentales estar\u00e1n disponibles para disfrute de todas y todos hasta el mes de agosto.<\/p>\n","protected":false},"excerpt":{"rendered":"<p>En el marco del 15\u00b0 Aniversario de #Zacatl\u00e1n como #PuebloM\u00e1gico, celebramos la inauguraci\u00f3n de la exposici\u00f3n de 15 manzanas monumentales \u201cEl Latido Zacatl\u00e1n\u201d, una muestra \u00fanica intervenida por 15 talentosos artistas pl\u00e1sticos que reflejan la esencia, identidad y orgullo de nuestro municipio. Este proyecto, impulsado con el respaldo de la presidenta Bety S\u00e1nchez, reafirma el [&hellip;]<\/p>\n","protected":false},"author":1,"featured_media":133091,"comment_status":"closed","ping_status":"open","sticky":false,"template":"","format":"standard","meta":{"footnotes":""},"categories":[20],"tags":[],"class_list":["post-133094","post","type-post","status-publish","format-standard","has-post-thumbnail","hentry","category-norte-de-puebla"],"blog_post_layout_featured_media_urls":{"thumbnail":["https:\/\/diariolanoticia.com.mx\/wp-content\/uploads\/2026\/04\/img_7142-216x160.jpg",216,160,true],"full":["https:\/\/diariolanoticia.com.mx\/wp-content\/uploads\/2026\/04\/img_7142.jpg",1500,1000,false]},"categories_names":{"20":{"name":"Norte de Puebla","link":"https:\/\/diariolanoticia.com.mx\/?cat=20"}},"tags_names":[],"comments_number":"0","wpmagazine_modules_lite_featured_media_urls":{"thumbnail":["https:\/\/diariolanoticia.com.mx\/wp-content\/uploads\/2026\/04\/img_7142-216x160.jpg",216,160,true],"cvmm-medium":["https:\/\/diariolanoticia.com.mx\/wp-content\/uploads\/2026\/04\/img_7142-300x300.jpg",300,300,true],"cvmm-medium-plus":["https:\/\/diariolanoticia.com.mx\/wp-content\/uploads\/2026\/04\/img_7142-305x207.jpg",305,207,true],"cvmm-portrait":["https:\/\/diariolanoticia.com.mx\/wp-content\/uploads\/2026\/04\/img_7142-400x600.jpg",400,600,true],"cvmm-medium-square":["https:\/\/diariolanoticia.com.mx\/wp-content\/uploads\/2026\/04\/img_7142-600x600.jpg",600,600,true],"cvmm-large":["https:\/\/diariolanoticia.com.mx\/wp-content\/uploads\/2026\/04\/img_7142-1024x1000.jpg",1024,1000,true],"cvmm-small":["https:\/\/diariolanoticia.com.mx\/wp-content\/uploads\/2026\/04\/img_7142-130x95.jpg",130,95,true],"full":["https:\/\/diariolanoticia.com.mx\/wp-content\/uploads\/2026\/04\/img_7142.jpg",1500,1000,false]},"_links":{"self":[{"href":"https:\/\/diariolanoticia.com.mx\/index.php?rest_route=\/wp\/v2\/posts\/133094","targetHints":{"allow":["GET"]}}],"collection":[{"href":"https:\/\/diariolanoticia.com.mx\/index.php?rest_route=\/wp\/v2\/posts"}],"about":[{"href":"https:\/\/diariolanoticia.com.mx\/index.php?rest_route=\/wp\/v2\/types\/post"}],"author":[{"embeddable":true,"href":"https:\/\/diariolanoticia.com.mx\/index.php?rest_route=\/wp\/v2\/users\/1"}],"replies":[{"embeddable":true,"href":"https:\/\/diariolanoticia.com.mx\/index.php?rest_route=%2Fwp%2Fv2%2Fcomments&post=133094"}],"version-history":[{"count":1,"href":"https:\/\/diariolanoticia.com.mx\/index.php?rest_route=\/wp\/v2\/posts\/133094\/revisions"}],"predecessor-version":[{"id":133095,"href":"https:\/\/diariolanoticia.com.mx\/index.php?rest_route=\/wp\/v2\/posts\/133094\/revisions\/133095"}],"wp:featuredmedia":[{"embeddable":true,"href":"https:\/\/diariolanoticia.com.mx\/index.php?rest_route=\/wp\/v2\/media\/133091"}],"wp:attachment":[{"href":"https:\/\/diariolanoticia.com.mx\/index.php?rest_route=%2Fwp%2Fv2%2Fmedia&parent=133094"}],"wp:term":[{"taxonomy":"category","embeddable":true,"href":"https:\/\/diariolanoticia.com.mx\/index.php?rest_route=%2Fwp%2Fv2%2Fcategories&post=133094"},{"taxonomy":"post_tag","embeddable":true,"href":"https:\/\/diariolanoticia.com.mx\/index.php?rest_route=%2Fwp%2Fv2%2Ftags&post=133094"}],"curies":[{"name":"wp","href":"https:\/\/api.w.org\/{rel}","templated":true}]}}