{"id":133105,"date":"2026-04-28T15:54:27","date_gmt":"2026-04-28T21:54:27","guid":{"rendered":"https:\/\/diariolanoticia.com.mx\/?p=133105"},"modified":"2026-04-28T15:54:27","modified_gmt":"2026-04-28T21:54:27","slug":"zacatlan-conmemoro-xv-anos-como-pueblo-magico","status":"publish","type":"post","link":"https:\/\/diariolanoticia.com.mx\/?p=133105","title":{"rendered":"Zacatl\u00e1n conmemor\u00f3 XV a\u00f1os como Pueblo M\u00e1gico"},"content":{"rendered":"\n<figure class=\"wp-block-gallery has-nested-images columns-default is-cropped wp-block-gallery-1 is-layout-flex wp-block-gallery-is-layout-flex\">\n<figure class=\"wp-block-image\"><img loading=\"lazy\" decoding=\"async\" width=\"1024\" height=\"683\" data-id=\"133104\" src=\"https:\/\/diariolanoticia.com.mx\/wp-content\/uploads\/2026\/04\/img_7189-1024x683.jpg\" alt=\"\" class=\"wp-image-133104\" srcset=\"https:\/\/diariolanoticia.com.mx\/wp-content\/uploads\/2026\/04\/img_7189-1024x683.jpg 1024w, https:\/\/diariolanoticia.com.mx\/wp-content\/uploads\/2026\/04\/img_7189-300x200.jpg 300w, https:\/\/diariolanoticia.com.mx\/wp-content\/uploads\/2026\/04\/img_7189-768x512.jpg 768w, https:\/\/diariolanoticia.com.mx\/wp-content\/uploads\/2026\/04\/img_7189.jpg 1500w\" sizes=\"auto, (max-width: 1024px) 100vw, 1024px\" \/><\/figure>\n\n\n\n<figure class=\"wp-block-image\"><img loading=\"lazy\" decoding=\"async\" width=\"1024\" height=\"683\" data-id=\"133103\" src=\"https:\/\/diariolanoticia.com.mx\/wp-content\/uploads\/2026\/04\/img_7188-1024x683.jpg\" alt=\"\" class=\"wp-image-133103\" srcset=\"https:\/\/diariolanoticia.com.mx\/wp-content\/uploads\/2026\/04\/img_7188-1024x683.jpg 1024w, https:\/\/diariolanoticia.com.mx\/wp-content\/uploads\/2026\/04\/img_7188-300x200.jpg 300w, https:\/\/diariolanoticia.com.mx\/wp-content\/uploads\/2026\/04\/img_7188-768x512.jpg 768w, https:\/\/diariolanoticia.com.mx\/wp-content\/uploads\/2026\/04\/img_7188.jpg 1500w\" sizes=\"auto, (max-width: 1024px) 100vw, 1024px\" \/><\/figure>\n<\/figure>\n\n\n\n<p>Con orgullo, alegr\u00eda y tradici\u00f3n, se celebr\u00f3 el 15\u00ba aniversario de #Zacatl\u00e1n como #PuebloM\u00e1gico, una fecha que reconoce el trabajo, la dedicaci\u00f3n y la calidez de las y los zacatecos.<\/p>\n\n\n\n<p>La presidenta municipal, Bety S\u00e1nchez, encabez\u00f3 esta significativa celebraci\u00f3n, acompa\u00f1ada por el Comit\u00e9 Ciudadano Pro Pueblo M\u00e1gico y los Comit\u00e9s Pueblo M\u00e1gico, pilares fundamentales de este logro colectivo.<\/p>\n\n\n\n<p>Durante la jornada, se disfrut\u00f3 de la presentaci\u00f3n de la Orquesta Sinf\u00f3nica y la Orquesta Big Band de la Secretar\u00eda de Seguridad P\u00fablica, as\u00ed como del Grupo Danzonero Pedro Escobedo Hern\u00e1ndez.<\/p>\n\n\n\n<p>As\u00ed, la noche cerr\u00f3 de manera espectacular con m\u00e1s de 100 drones iluminando el cielo en un show inolvidable, seguido de un impresionante espect\u00e1culo pirot\u00e9cnico.<\/p>\n","protected":false},"excerpt":{"rendered":"<p>Con orgullo, alegr\u00eda y tradici\u00f3n, se celebr\u00f3 el 15\u00ba aniversario de #Zacatl\u00e1n como #PuebloM\u00e1gico, una fecha que reconoce el trabajo, la dedicaci\u00f3n y la calidez de las y los zacatecos. La presidenta municipal, Bety S\u00e1nchez, encabez\u00f3 esta significativa celebraci\u00f3n, acompa\u00f1ada por el Comit\u00e9 Ciudadano Pro Pueblo M\u00e1gico y los Comit\u00e9s Pueblo M\u00e1gico, pilares fundamentales de [&hellip;]<\/p>\n","protected":false},"author":1,"featured_media":133102,"comment_status":"closed","ping_status":"open","sticky":false,"template":"","format":"standard","meta":{"footnotes":""},"categories":[20],"tags":[],"class_list":["post-133105","post","type-post","status-publish","format-standard","has-post-thumbnail","hentry","category-norte-de-puebla"],"blog_post_layout_featured_media_urls":{"thumbnail":["https:\/\/diariolanoticia.com.mx\/wp-content\/uploads\/2026\/04\/img_7187-216x160.jpg",216,160,true],"full":["https:\/\/diariolanoticia.com.mx\/wp-content\/uploads\/2026\/04\/img_7187.jpg",1500,575,false]},"categories_names":{"20":{"name":"Norte de Puebla","link":"https:\/\/diariolanoticia.com.mx\/?cat=20"}},"tags_names":[],"comments_number":"0","wpmagazine_modules_lite_featured_media_urls":{"thumbnail":["https:\/\/diariolanoticia.com.mx\/wp-content\/uploads\/2026\/04\/img_7187-216x160.jpg",216,160,true],"cvmm-medium":["https:\/\/diariolanoticia.com.mx\/wp-content\/uploads\/2026\/04\/img_7187-300x300.jpg",300,300,true],"cvmm-medium-plus":["https:\/\/diariolanoticia.com.mx\/wp-content\/uploads\/2026\/04\/img_7187-305x207.jpg",305,207,true],"cvmm-portrait":["https:\/\/diariolanoticia.com.mx\/wp-content\/uploads\/2026\/04\/img_7187-400x575.jpg",400,575,true],"cvmm-medium-square":["https:\/\/diariolanoticia.com.mx\/wp-content\/uploads\/2026\/04\/img_7187-600x575.jpg",600,575,true],"cvmm-large":["https:\/\/diariolanoticia.com.mx\/wp-content\/uploads\/2026\/04\/img_7187-1024x575.jpg",1024,575,true],"cvmm-small":["https:\/\/diariolanoticia.com.mx\/wp-content\/uploads\/2026\/04\/img_7187-130x95.jpg",130,95,true],"full":["https:\/\/diariolanoticia.com.mx\/wp-content\/uploads\/2026\/04\/img_7187.jpg",1500,575,false]},"_links":{"self":[{"href":"https:\/\/diariolanoticia.com.mx\/index.php?rest_route=\/wp\/v2\/posts\/133105","targetHints":{"allow":["GET"]}}],"collection":[{"href":"https:\/\/diariolanoticia.com.mx\/index.php?rest_route=\/wp\/v2\/posts"}],"about":[{"href":"https:\/\/diariolanoticia.com.mx\/index.php?rest_route=\/wp\/v2\/types\/post"}],"author":[{"embeddable":true,"href":"https:\/\/diariolanoticia.com.mx\/index.php?rest_route=\/wp\/v2\/users\/1"}],"replies":[{"embeddable":true,"href":"https:\/\/diariolanoticia.com.mx\/index.php?rest_route=%2Fwp%2Fv2%2Fcomments&post=133105"}],"version-history":[{"count":1,"href":"https:\/\/diariolanoticia.com.mx\/index.php?rest_route=\/wp\/v2\/posts\/133105\/revisions"}],"predecessor-version":[{"id":133106,"href":"https:\/\/diariolanoticia.com.mx\/index.php?rest_route=\/wp\/v2\/posts\/133105\/revisions\/133106"}],"wp:featuredmedia":[{"embeddable":true,"href":"https:\/\/diariolanoticia.com.mx\/index.php?rest_route=\/wp\/v2\/media\/133102"}],"wp:attachment":[{"href":"https:\/\/diariolanoticia.com.mx\/index.php?rest_route=%2Fwp%2Fv2%2Fmedia&parent=133105"}],"wp:term":[{"taxonomy":"category","embeddable":true,"href":"https:\/\/diariolanoticia.com.mx\/index.php?rest_route=%2Fwp%2Fv2%2Fcategories&post=133105"},{"taxonomy":"post_tag","embeddable":true,"href":"https:\/\/diariolanoticia.com.mx\/index.php?rest_route=%2Fwp%2Fv2%2Ftags&post=133105"}],"curies":[{"name":"wp","href":"https:\/\/api.w.org\/{rel}","templated":true}]}}