{"id":133110,"date":"2026-04-28T17:12:03","date_gmt":"2026-04-28T23:12:03","guid":{"rendered":"https:\/\/diariolanoticia.com.mx\/?p=133110"},"modified":"2026-04-28T17:12:03","modified_gmt":"2026-04-28T23:12:03","slug":"se-presento-en-zacatlan-la-big-band-de-la-ssc","status":"publish","type":"post","link":"https:\/\/diariolanoticia.com.mx\/?p=133110","title":{"rendered":"Se present\u00f3 en Zacatl\u00e1n la Big Band de la SSC"},"content":{"rendered":"\n<figure class=\"wp-block-gallery has-nested-images columns-default is-cropped wp-block-gallery-1 is-layout-flex wp-block-gallery-is-layout-flex\">\n<figure class=\"wp-block-image\"><img loading=\"lazy\" decoding=\"async\" width=\"1024\" height=\"683\" data-id=\"133109\" src=\"https:\/\/diariolanoticia.com.mx\/wp-content\/uploads\/2026\/04\/img_7194-1024x683.jpg\" alt=\"\" class=\"wp-image-133109\" srcset=\"https:\/\/diariolanoticia.com.mx\/wp-content\/uploads\/2026\/04\/img_7194-1024x683.jpg 1024w, https:\/\/diariolanoticia.com.mx\/wp-content\/uploads\/2026\/04\/img_7194-300x200.jpg 300w, https:\/\/diariolanoticia.com.mx\/wp-content\/uploads\/2026\/04\/img_7194-768x512.jpg 768w, https:\/\/diariolanoticia.com.mx\/wp-content\/uploads\/2026\/04\/img_7194.jpg 1500w\" sizes=\"auto, (max-width: 1024px) 100vw, 1024px\" \/><\/figure>\n\n\n\n<figure class=\"wp-block-image\"><img loading=\"lazy\" decoding=\"async\" width=\"1024\" height=\"683\" data-id=\"133108\" src=\"https:\/\/diariolanoticia.com.mx\/wp-content\/uploads\/2026\/04\/img_7193-1024x683.jpg\" alt=\"\" class=\"wp-image-133108\" srcset=\"https:\/\/diariolanoticia.com.mx\/wp-content\/uploads\/2026\/04\/img_7193-1024x683.jpg 1024w, https:\/\/diariolanoticia.com.mx\/wp-content\/uploads\/2026\/04\/img_7193-300x200.jpg 300w, https:\/\/diariolanoticia.com.mx\/wp-content\/uploads\/2026\/04\/img_7193-768x512.jpg 768w, https:\/\/diariolanoticia.com.mx\/wp-content\/uploads\/2026\/04\/img_7193.jpg 1500w\" sizes=\"auto, (max-width: 1024px) 100vw, 1024px\" \/><\/figure>\n<\/figure>\n\n\n\n<p>En el marco del 15\u00ba aniversario de #Zacatl\u00e1n como #PuebloM\u00e1gico, la noche se vio engalanada con la extraordinaria presentaci\u00f3n de la Orquesta Sinf\u00f3nica y la Big Band de la Secretar\u00eda de Seguridad P\u00fablica, llenando de m\u00fasica y talento esta gran celebraci\u00f3n.<\/p>\n\n\n\n<p>La presidenta municipal, Bety S\u00e1nchez, reconoci\u00f3 y agradeci\u00f3 su destacada participaci\u00f3n, que hizo de esta velada un momento inolvidable para las y los zacatecos.<\/p>\n","protected":false},"excerpt":{"rendered":"<p>En el marco del 15\u00ba aniversario de #Zacatl\u00e1n como #PuebloM\u00e1gico, la noche se vio engalanada con la extraordinaria presentaci\u00f3n de la Orquesta Sinf\u00f3nica y la Big Band de la Secretar\u00eda de Seguridad P\u00fablica, llenando de m\u00fasica y talento esta gran celebraci\u00f3n. La presidenta municipal, Bety S\u00e1nchez, reconoci\u00f3 y agradeci\u00f3 su destacada participaci\u00f3n, que hizo de [&hellip;]<\/p>\n","protected":false},"author":1,"featured_media":133107,"comment_status":"closed","ping_status":"open","sticky":false,"template":"","format":"standard","meta":{"footnotes":""},"categories":[20],"tags":[],"class_list":["post-133110","post","type-post","status-publish","format-standard","has-post-thumbnail","hentry","category-norte-de-puebla"],"blog_post_layout_featured_media_urls":{"thumbnail":["https:\/\/diariolanoticia.com.mx\/wp-content\/uploads\/2026\/04\/img_7192-216x160.jpg",216,160,true],"full":["https:\/\/diariolanoticia.com.mx\/wp-content\/uploads\/2026\/04\/img_7192.jpg",1500,577,false]},"categories_names":{"20":{"name":"Norte de Puebla","link":"https:\/\/diariolanoticia.com.mx\/?cat=20"}},"tags_names":[],"comments_number":"0","wpmagazine_modules_lite_featured_media_urls":{"thumbnail":["https:\/\/diariolanoticia.com.mx\/wp-content\/uploads\/2026\/04\/img_7192-216x160.jpg",216,160,true],"cvmm-medium":["https:\/\/diariolanoticia.com.mx\/wp-content\/uploads\/2026\/04\/img_7192-300x300.jpg",300,300,true],"cvmm-medium-plus":["https:\/\/diariolanoticia.com.mx\/wp-content\/uploads\/2026\/04\/img_7192-305x207.jpg",305,207,true],"cvmm-portrait":["https:\/\/diariolanoticia.com.mx\/wp-content\/uploads\/2026\/04\/img_7192-400x577.jpg",400,577,true],"cvmm-medium-square":["https:\/\/diariolanoticia.com.mx\/wp-content\/uploads\/2026\/04\/img_7192-600x577.jpg",600,577,true],"cvmm-large":["https:\/\/diariolanoticia.com.mx\/wp-content\/uploads\/2026\/04\/img_7192-1024x577.jpg",1024,577,true],"cvmm-small":["https:\/\/diariolanoticia.com.mx\/wp-content\/uploads\/2026\/04\/img_7192-130x95.jpg",130,95,true],"full":["https:\/\/diariolanoticia.com.mx\/wp-content\/uploads\/2026\/04\/img_7192.jpg",1500,577,false]},"_links":{"self":[{"href":"https:\/\/diariolanoticia.com.mx\/index.php?rest_route=\/wp\/v2\/posts\/133110","targetHints":{"allow":["GET"]}}],"collection":[{"href":"https:\/\/diariolanoticia.com.mx\/index.php?rest_route=\/wp\/v2\/posts"}],"about":[{"href":"https:\/\/diariolanoticia.com.mx\/index.php?rest_route=\/wp\/v2\/types\/post"}],"author":[{"embeddable":true,"href":"https:\/\/diariolanoticia.com.mx\/index.php?rest_route=\/wp\/v2\/users\/1"}],"replies":[{"embeddable":true,"href":"https:\/\/diariolanoticia.com.mx\/index.php?rest_route=%2Fwp%2Fv2%2Fcomments&post=133110"}],"version-history":[{"count":1,"href":"https:\/\/diariolanoticia.com.mx\/index.php?rest_route=\/wp\/v2\/posts\/133110\/revisions"}],"predecessor-version":[{"id":133111,"href":"https:\/\/diariolanoticia.com.mx\/index.php?rest_route=\/wp\/v2\/posts\/133110\/revisions\/133111"}],"wp:featuredmedia":[{"embeddable":true,"href":"https:\/\/diariolanoticia.com.mx\/index.php?rest_route=\/wp\/v2\/media\/133107"}],"wp:attachment":[{"href":"https:\/\/diariolanoticia.com.mx\/index.php?rest_route=%2Fwp%2Fv2%2Fmedia&parent=133110"}],"wp:term":[{"taxonomy":"category","embeddable":true,"href":"https:\/\/diariolanoticia.com.mx\/index.php?rest_route=%2Fwp%2Fv2%2Fcategories&post=133110"},{"taxonomy":"post_tag","embeddable":true,"href":"https:\/\/diariolanoticia.com.mx\/index.php?rest_route=%2Fwp%2Fv2%2Ftags&post=133110"}],"curies":[{"name":"wp","href":"https:\/\/api.w.org\/{rel}","templated":true}]}}