{"id":133121,"date":"2026-04-28T22:42:47","date_gmt":"2026-04-29T04:42:47","guid":{"rendered":"https:\/\/diariolanoticia.com.mx\/?p=133121"},"modified":"2026-04-28T22:42:50","modified_gmt":"2026-04-29T04:42:50","slug":"especialista-expone-a-estudiantes-de-criminologia-uatx-la-realidad-laboral-que-prevalece-en-centros-penitenciarios","status":"publish","type":"post","link":"https:\/\/diariolanoticia.com.mx\/?p=133121","title":{"rendered":"Especialista expone a estudiantes de Criminolog\u00eda UATx la realidad laboral que prevalece en centros penitenciarios"},"content":{"rendered":"\n<p>Con el prop\u00f3sito de brindar herramientas a los estudiantes de la Licenciatura en Criminolog\u00eda para un mejor desempe\u00f1o profesional, la Facultad de Derecho, Ciencias Pol\u00edticas y Criminolog\u00eda de la Universidad Aut\u00f3noma de Tlaxcala (FDCPyC-UATx) ofreci\u00f3 la conferencia \u00abTrabajar en centros penitenciarios federales: Realidad vs expectativa\u00bb, que dict\u00f3 la Maestra Thania Emmabel Sosa Flores.<\/p>\n\n\n\n<p>En su mensaje de apertura a esta charla, en el Auditorio Interactivo \u00abManuel Lardiz\u00e1bal y Uribe\u00bb, el Maestro Andr\u00e9s Temoltzin Teomitzi, Secretario de Facultad, expuso que estas tem\u00e1ticas permiten enriquecer la formaci\u00f3n de los educandos y brindar un panorama de lo que ser\u00e1 su futuro desempe\u00f1o laboral.<\/p>\n\n\n\n<p>Agreg\u00f3 que el programa educativo en Criminolog\u00eda se abri\u00f3 en 2011, el cual tuvo una modificaci\u00f3n en su malla curricular que aplic\u00f3 a partir de 2022 y con la revitalizaci\u00f3n del Modelo Humanista Integrador basado en Capacidades se ha logrado que La Licenciatura crezca y se fortalezca.<\/p>\n\n\n\n<p>Durante su disertaci\u00f3n, la Maestra Thania Sosa habl\u00f3 de las \u00e1reas en las que puede desempe\u00f1arse un crimin\u00f3logo, tales como la fiscal\u00eda, polic\u00eda, sistema penitenciario, consultor\u00edas, seguridad privada, criminolog\u00eda ambiental y corporativa.<\/p>\n\n\n\n<p>La ponente mencion\u00f3 que en M\u00e9xico se cuenta con 18 centros penitenciarios, de los cuales algunos operan como Centros de Reinserci\u00f3n Privados (CPS) y se rigen por&nbsp;certificaci\u00f3n de la Asociaci\u00f3n de Correccionales de Am\u00e9rica (ACA), y se distinguen por contar con una alta seguridad. &nbsp;&nbsp;&nbsp;&nbsp;<\/p>\n\n\n\n<p>M\u00e1s adelante, comparti\u00f3 con los educandos su experiencia y vivencias en el ejercicio de su profesi\u00f3n en los diferentes centros penitenciarios del pa\u00eds, lo que ha favorecido su crecimiento como profesionista y conocer en detalle el manejo institucional en las particularidades de dichos espacios, as\u00ed como el trato con las personas que se encuentran internas.<\/p>\n\n\n\n<p>La Maestra Sosa Flores es especialista en psicolog\u00eda organizacional, cuenta con una s\u00f3lida trayectoria profesional en el \u00e1mbito p\u00fablico y privado; a lo largo de doce a\u00f1os labor\u00f3 en el Sistema Penitenciario Federal, donde adquiri\u00f3 una vasta experiencia en diferentes \u00e1reas y actualmente se desempe\u00f1a como docente universitaria.&nbsp;<\/p>\n","protected":false},"excerpt":{"rendered":"<p>Con el prop\u00f3sito de brindar herramientas a los estudiantes de la Licenciatura en Criminolog\u00eda para un mejor desempe\u00f1o profesional, la Facultad de Derecho, Ciencias Pol\u00edticas y Criminolog\u00eda de la Universidad Aut\u00f3noma de Tlaxcala (FDCPyC-UATx) ofreci\u00f3 la conferencia \u00abTrabajar en centros penitenciarios federales: Realidad vs expectativa\u00bb, que dict\u00f3 la Maestra Thania Emmabel Sosa Flores. En su [&hellip;]<\/p>\n","protected":false},"author":1,"featured_media":133122,"comment_status":"open","ping_status":"open","sticky":false,"template":"","format":"standard","meta":{"footnotes":""},"categories":[10],"tags":[],"class_list":["post-133121","post","type-post","status-publish","format-standard","has-post-thumbnail","hentry","category-educacion"],"blog_post_layout_featured_media_urls":{"thumbnail":["https:\/\/diariolanoticia.com.mx\/wp-content\/uploads\/2026\/04\/28-Especialista-expone-a-estudiantes-de-Criminologia-UATx-2-216x160.jpg",216,160,true],"full":["https:\/\/diariolanoticia.com.mx\/wp-content\/uploads\/2026\/04\/28-Especialista-expone-a-estudiantes-de-Criminologia-UATx-2-scaled.jpg",2560,1707,false]},"categories_names":{"10":{"name":"Educaci\u00f3n","link":"https:\/\/diariolanoticia.com.mx\/?cat=10"}},"tags_names":[],"comments_number":"0","wpmagazine_modules_lite_featured_media_urls":{"thumbnail":["https:\/\/diariolanoticia.com.mx\/wp-content\/uploads\/2026\/04\/28-Especialista-expone-a-estudiantes-de-Criminologia-UATx-2-216x160.jpg",216,160,true],"cvmm-medium":["https:\/\/diariolanoticia.com.mx\/wp-content\/uploads\/2026\/04\/28-Especialista-expone-a-estudiantes-de-Criminologia-UATx-2-300x300.jpg",300,300,true],"cvmm-medium-plus":["https:\/\/diariolanoticia.com.mx\/wp-content\/uploads\/2026\/04\/28-Especialista-expone-a-estudiantes-de-Criminologia-UATx-2-305x207.jpg",305,207,true],"cvmm-portrait":["https:\/\/diariolanoticia.com.mx\/wp-content\/uploads\/2026\/04\/28-Especialista-expone-a-estudiantes-de-Criminologia-UATx-2-400x600.jpg",400,600,true],"cvmm-medium-square":["https:\/\/diariolanoticia.com.mx\/wp-content\/uploads\/2026\/04\/28-Especialista-expone-a-estudiantes-de-Criminologia-UATx-2-600x600.jpg",600,600,true],"cvmm-large":["https:\/\/diariolanoticia.com.mx\/wp-content\/uploads\/2026\/04\/28-Especialista-expone-a-estudiantes-de-Criminologia-UATx-2-1024x1024.jpg",1024,1024,true],"cvmm-small":["https:\/\/diariolanoticia.com.mx\/wp-content\/uploads\/2026\/04\/28-Especialista-expone-a-estudiantes-de-Criminologia-UATx-2-130x95.jpg",130,95,true],"full":["https:\/\/diariolanoticia.com.mx\/wp-content\/uploads\/2026\/04\/28-Especialista-expone-a-estudiantes-de-Criminologia-UATx-2-scaled.jpg",2560,1707,false]},"_links":{"self":[{"href":"https:\/\/diariolanoticia.com.mx\/index.php?rest_route=\/wp\/v2\/posts\/133121","targetHints":{"allow":["GET"]}}],"collection":[{"href":"https:\/\/diariolanoticia.com.mx\/index.php?rest_route=\/wp\/v2\/posts"}],"about":[{"href":"https:\/\/diariolanoticia.com.mx\/index.php?rest_route=\/wp\/v2\/types\/post"}],"author":[{"embeddable":true,"href":"https:\/\/diariolanoticia.com.mx\/index.php?rest_route=\/wp\/v2\/users\/1"}],"replies":[{"embeddable":true,"href":"https:\/\/diariolanoticia.com.mx\/index.php?rest_route=%2Fwp%2Fv2%2Fcomments&post=133121"}],"version-history":[{"count":1,"href":"https:\/\/diariolanoticia.com.mx\/index.php?rest_route=\/wp\/v2\/posts\/133121\/revisions"}],"predecessor-version":[{"id":133123,"href":"https:\/\/diariolanoticia.com.mx\/index.php?rest_route=\/wp\/v2\/posts\/133121\/revisions\/133123"}],"wp:featuredmedia":[{"embeddable":true,"href":"https:\/\/diariolanoticia.com.mx\/index.php?rest_route=\/wp\/v2\/media\/133122"}],"wp:attachment":[{"href":"https:\/\/diariolanoticia.com.mx\/index.php?rest_route=%2Fwp%2Fv2%2Fmedia&parent=133121"}],"wp:term":[{"taxonomy":"category","embeddable":true,"href":"https:\/\/diariolanoticia.com.mx\/index.php?rest_route=%2Fwp%2Fv2%2Fcategories&post=133121"},{"taxonomy":"post_tag","embeddable":true,"href":"https:\/\/diariolanoticia.com.mx\/index.php?rest_route=%2Fwp%2Fv2%2Ftags&post=133121"}],"curies":[{"name":"wp","href":"https:\/\/api.w.org\/{rel}","templated":true}]}}