{"id":133124,"date":"2026-04-28T22:45:20","date_gmt":"2026-04-29T04:45:20","guid":{"rendered":"https:\/\/diariolanoticia.com.mx\/?p=133124"},"modified":"2026-04-28T22:45:23","modified_gmt":"2026-04-29T04:45:23","slug":"propone-sandra-aguilar-reconocer-la-prima-de-antiguedad-para-servidores-publicos-en-tlaxcala","status":"publish","type":"post","link":"https:\/\/diariolanoticia.com.mx\/?p=133124","title":{"rendered":"Propone Sandra Aguilar reconocer la prima de antig\u00fcedad para servidores p\u00fablicos en Tlaxcala"},"content":{"rendered":"\n<p>En sesi\u00f3n ordinaria del Congreso del Estado, la diputada Sandra Guadalupe Aguilar Vega present\u00f3 la Iniciativa con Proyecto de Decreto para reformar y adicionar diversas disposiciones de la Ley Laboral de los Servidores P\u00fablicos del Estado de Tlaxcala y sus Municipios, con el prop\u00f3sito de incorporar el derecho a la prima de antig\u00fcedad en favor de las y los trabajadores del sector p\u00fablico.<\/p>\n\n\n\n<p>La legisladora destac\u00f3 que, si bien este derecho se encuentra reconocido en la Ley Federal del Trabajo, actualmente no est\u00e1 contemplado en la legislaci\u00f3n local, lo que genera un vac\u00edo normativo que limita el acceso pleno a prestaciones laborales. En ese sentido, subray\u00f3 la necesidad de armonizar el marco jur\u00eddico estatal con los principios constitucionales en materia de trabajo digno y justicia social.<\/p>\n\n\n\n<p>La propuesta plantea la adici\u00f3n de los art\u00edculos 32 Bis y 32 Ter, a fin de establecer que las y los servidores p\u00fablicos de base tengan derecho a recibir una prima de antig\u00fcedad equivalente a doce d\u00edas de salario por cada a\u00f1o de servicio, misma que deber\u00e1 cubrirse en casos de renuncia, despido o separaci\u00f3n justificada, as\u00ed como en caso de fallecimiento, donde el beneficio se otorgar\u00e1 a sus leg\u00edtimos beneficiarios.<\/p>\n\n\n\n<p>La Iniciativa fue turnada a las Comisiones de Trabajo, Competitividad,Seguridad Social y Previsi\u00f3n Social, as\u00ed como a la Comisi\u00f3n de Puntos Constitucionales, Gobernaci\u00f3n y Justicia y Asuntos Pol\u00edticos para su estudio, an\u00e1lisis y dictamen correspondiente, con el objetivo de fortalecer el marco legal en materia laboral y garantizar mejores condiciones para quienes desempe\u00f1an funciones en el servicio p\u00fablico estatal y municipal.<\/p>\n","protected":false},"excerpt":{"rendered":"<p>En sesi\u00f3n ordinaria del Congreso del Estado, la diputada Sandra Guadalupe Aguilar Vega present\u00f3 la Iniciativa con Proyecto de Decreto para reformar y adicionar diversas disposiciones de la Ley Laboral de los Servidores P\u00fablicos del Estado de Tlaxcala y sus Municipios, con el prop\u00f3sito de incorporar el derecho a la prima de antig\u00fcedad en favor [&hellip;]<\/p>\n","protected":false},"author":1,"featured_media":133125,"comment_status":"open","ping_status":"open","sticky":false,"template":"","format":"standard","meta":{"footnotes":""},"categories":[22],"tags":[],"class_list":["post-133124","post","type-post","status-publish","format-standard","has-post-thumbnail","hentry","category-congreso"],"blog_post_layout_featured_media_urls":{"thumbnail":["https:\/\/diariolanoticia.com.mx\/wp-content\/uploads\/2026\/04\/a9e4ec3f-0f79-47b1-b17a-de10e1138f93-216x160.jpg",216,160,true],"full":["https:\/\/diariolanoticia.com.mx\/wp-content\/uploads\/2026\/04\/a9e4ec3f-0f79-47b1-b17a-de10e1138f93.jpg",1280,855,false]},"categories_names":{"22":{"name":"Congreso","link":"https:\/\/diariolanoticia.com.mx\/?cat=22"}},"tags_names":[],"comments_number":"0","wpmagazine_modules_lite_featured_media_urls":{"thumbnail":["https:\/\/diariolanoticia.com.mx\/wp-content\/uploads\/2026\/04\/a9e4ec3f-0f79-47b1-b17a-de10e1138f93-216x160.jpg",216,160,true],"cvmm-medium":["https:\/\/diariolanoticia.com.mx\/wp-content\/uploads\/2026\/04\/a9e4ec3f-0f79-47b1-b17a-de10e1138f93-300x300.jpg",300,300,true],"cvmm-medium-plus":["https:\/\/diariolanoticia.com.mx\/wp-content\/uploads\/2026\/04\/a9e4ec3f-0f79-47b1-b17a-de10e1138f93-305x207.jpg",305,207,true],"cvmm-portrait":["https:\/\/diariolanoticia.com.mx\/wp-content\/uploads\/2026\/04\/a9e4ec3f-0f79-47b1-b17a-de10e1138f93-400x600.jpg",400,600,true],"cvmm-medium-square":["https:\/\/diariolanoticia.com.mx\/wp-content\/uploads\/2026\/04\/a9e4ec3f-0f79-47b1-b17a-de10e1138f93-600x600.jpg",600,600,true],"cvmm-large":["https:\/\/diariolanoticia.com.mx\/wp-content\/uploads\/2026\/04\/a9e4ec3f-0f79-47b1-b17a-de10e1138f93-1024x855.jpg",1024,855,true],"cvmm-small":["https:\/\/diariolanoticia.com.mx\/wp-content\/uploads\/2026\/04\/a9e4ec3f-0f79-47b1-b17a-de10e1138f93-130x95.jpg",130,95,true],"full":["https:\/\/diariolanoticia.com.mx\/wp-content\/uploads\/2026\/04\/a9e4ec3f-0f79-47b1-b17a-de10e1138f93.jpg",1280,855,false]},"_links":{"self":[{"href":"https:\/\/diariolanoticia.com.mx\/index.php?rest_route=\/wp\/v2\/posts\/133124","targetHints":{"allow":["GET"]}}],"collection":[{"href":"https:\/\/diariolanoticia.com.mx\/index.php?rest_route=\/wp\/v2\/posts"}],"about":[{"href":"https:\/\/diariolanoticia.com.mx\/index.php?rest_route=\/wp\/v2\/types\/post"}],"author":[{"embeddable":true,"href":"https:\/\/diariolanoticia.com.mx\/index.php?rest_route=\/wp\/v2\/users\/1"}],"replies":[{"embeddable":true,"href":"https:\/\/diariolanoticia.com.mx\/index.php?rest_route=%2Fwp%2Fv2%2Fcomments&post=133124"}],"version-history":[{"count":1,"href":"https:\/\/diariolanoticia.com.mx\/index.php?rest_route=\/wp\/v2\/posts\/133124\/revisions"}],"predecessor-version":[{"id":133126,"href":"https:\/\/diariolanoticia.com.mx\/index.php?rest_route=\/wp\/v2\/posts\/133124\/revisions\/133126"}],"wp:featuredmedia":[{"embeddable":true,"href":"https:\/\/diariolanoticia.com.mx\/index.php?rest_route=\/wp\/v2\/media\/133125"}],"wp:attachment":[{"href":"https:\/\/diariolanoticia.com.mx\/index.php?rest_route=%2Fwp%2Fv2%2Fmedia&parent=133124"}],"wp:term":[{"taxonomy":"category","embeddable":true,"href":"https:\/\/diariolanoticia.com.mx\/index.php?rest_route=%2Fwp%2Fv2%2Fcategories&post=133124"},{"taxonomy":"post_tag","embeddable":true,"href":"https:\/\/diariolanoticia.com.mx\/index.php?rest_route=%2Fwp%2Fv2%2Ftags&post=133124"}],"curies":[{"name":"wp","href":"https:\/\/api.w.org\/{rel}","templated":true}]}}