{"id":133131,"date":"2026-05-01T14:22:08","date_gmt":"2026-05-01T20:22:08","guid":{"rendered":"https:\/\/diariolanoticia.com.mx\/?p=133131"},"modified":"2026-05-01T14:22:08","modified_gmt":"2026-05-01T20:22:08","slug":"inauguran-la-exposicion-patrimonio-de-santiago-arau-en-zacatlan","status":"publish","type":"post","link":"https:\/\/diariolanoticia.com.mx\/?p=133131","title":{"rendered":"Inauguran la exposici\u00f3n \u201cPatrimonio\u201d de Santiago Arau en Zacatl\u00e1n"},"content":{"rendered":"\n<p>Con el prop\u00f3sito de acercar el arte y la cultura a la poblaci\u00f3n, la presidenta municipal de Zacatl\u00e1n, Bety S\u00e1nchez; Esperanza Fern\u00e1ndez Acosta, directora de Fomento Cultural de BBVA y el fot\u00f3grafo, Santiago Arau, inauguraron la exposici\u00f3n \u201cPatrimonio\u201d, que incluye 30 obras fotogr\u00e1ficas que ser\u00e1n exhibidas en el Palacio Municipal hasta el 12 de junio.<\/p>\n\n\n\n<p>Durante el acto protocolario, la presidenta municipal, Bety S\u00e1nchez agradeci\u00f3 a BBVA por el apoyo que le est\u00e1 brindando al municipio, ya que la cultura transforma vidas, abre puertas, brinda oportunidades y una mejor calidad de vida.<\/p>\n\n\n\n<p>Por eso, reiter\u00f3 que es una promotora permanente de las expresiones art\u00edsticas, motivando a que ni\u00f1as, ni\u00f1os, adolescentes, mujeres y personas de la tercera edad se involucren en ese tipo de actividades, que adem\u00e1s promueven el desarrollo humano.<\/p>\n\n\n\n<p>\u201cEl arte y la cultura son veh\u00edculos que nos ayudan a nuestro crecimiento personal, nos vuelven personas m\u00e1s sensibles, resilientes y potencializan nuestro desarrollo, porque nos ayudan a comprender el mundo de otra manera, m\u00e1s humana, emp\u00e1tica, c\u00e1lida\u201d.<\/p>\n\n\n\n<p>Por su parte, Esperanza Fern\u00e1ndez, Directora de Fomento Cultural BBVA, destac\u00f3 que por 30 a\u00f1os se han dedicado a fomentar el arte y la cultura, reconstruyendo el tejido social, fomentando la identidad, as\u00ed como el territorio, pero adem\u00e1s acercando estas expresiones a todo el p\u00fablico.<\/p>\n\n\n\n<p>\u201cEn BBVA M\u00e9xico, la preservaci\u00f3n y difusi\u00f3n del patrimonio cultural y natural son parte esencial de nuestro compromiso de m\u00e1s de 30 a\u00f1os. Con \u2018Patrimonio\u2019 buscamos no solo exhibir el extraordinario talento de Santiago Arau, sino tambi\u00e9n acercar el arte y la cultura a nuevos p\u00fablicos, impulsando la creatividad y contribuyendo a la reconstrucci\u00f3n del tejido social a trav\u00e9s de la valoraci\u00f3n de nuestra identidad y territorio\u201d.<\/p>\n\n\n\n<p>Finalmente, Santiago Arau explic\u00f3 qu\u00e9 lo motiv\u00f3 a realizar estas obras, dijo que cada una de ellas tiene un significado importante, ya que no solo representan un pedacito de M\u00e9xico, sino la identidad de toda una naci\u00f3n, pues estas fotograf\u00edas tocan las fibras m\u00e1s sensibles de las y los mexicanos, apreciando la riqueza de nuestro pa\u00eds y esa diversidad.<\/p>\n\n\n\n<p>Esta exposici\u00f3n incluye m\u00e1s de 50 obras y estar\u00e1 hasta el 12 de junio, en el Gran Sal\u00f3n Luis Cabrera Lobato del Palacio Municipal. El horario de visita es de 9 de la ma\u00f1ana a 6 de la tarde y es entrada gratuita.<\/p>\n","protected":false},"excerpt":{"rendered":"<p>Con el prop\u00f3sito de acercar el arte y la cultura a la poblaci\u00f3n, la presidenta municipal de Zacatl\u00e1n, Bety S\u00e1nchez; Esperanza Fern\u00e1ndez Acosta, directora de Fomento Cultural de BBVA y el fot\u00f3grafo, Santiago Arau, inauguraron la exposici\u00f3n \u201cPatrimonio\u201d, que incluye 30 obras fotogr\u00e1ficas que ser\u00e1n exhibidas en el Palacio Municipal hasta el 12 de junio. [&hellip;]<\/p>\n","protected":false},"author":1,"featured_media":133130,"comment_status":"closed","ping_status":"open","sticky":false,"template":"","format":"standard","meta":{"footnotes":""},"categories":[20],"tags":[],"class_list":["post-133131","post","type-post","status-publish","format-standard","has-post-thumbnail","hentry","category-norte-de-puebla"],"blog_post_layout_featured_media_urls":{"thumbnail":["https:\/\/diariolanoticia.com.mx\/wp-content\/uploads\/2026\/05\/img_7705-216x160.jpg",216,160,true],"full":["https:\/\/diariolanoticia.com.mx\/wp-content\/uploads\/2026\/05\/img_7705.jpg",1500,1000,false]},"categories_names":{"20":{"name":"Norte de Puebla","link":"https:\/\/diariolanoticia.com.mx\/?cat=20"}},"tags_names":[],"comments_number":"0","wpmagazine_modules_lite_featured_media_urls":{"thumbnail":["https:\/\/diariolanoticia.com.mx\/wp-content\/uploads\/2026\/05\/img_7705-216x160.jpg",216,160,true],"cvmm-medium":["https:\/\/diariolanoticia.com.mx\/wp-content\/uploads\/2026\/05\/img_7705-300x300.jpg",300,300,true],"cvmm-medium-plus":["https:\/\/diariolanoticia.com.mx\/wp-content\/uploads\/2026\/05\/img_7705-305x207.jpg",305,207,true],"cvmm-portrait":["https:\/\/diariolanoticia.com.mx\/wp-content\/uploads\/2026\/05\/img_7705-400x600.jpg",400,600,true],"cvmm-medium-square":["https:\/\/diariolanoticia.com.mx\/wp-content\/uploads\/2026\/05\/img_7705-600x600.jpg",600,600,true],"cvmm-large":["https:\/\/diariolanoticia.com.mx\/wp-content\/uploads\/2026\/05\/img_7705-1024x1000.jpg",1024,1000,true],"cvmm-small":["https:\/\/diariolanoticia.com.mx\/wp-content\/uploads\/2026\/05\/img_7705-130x95.jpg",130,95,true],"full":["https:\/\/diariolanoticia.com.mx\/wp-content\/uploads\/2026\/05\/img_7705.jpg",1500,1000,false]},"_links":{"self":[{"href":"https:\/\/diariolanoticia.com.mx\/index.php?rest_route=\/wp\/v2\/posts\/133131","targetHints":{"allow":["GET"]}}],"collection":[{"href":"https:\/\/diariolanoticia.com.mx\/index.php?rest_route=\/wp\/v2\/posts"}],"about":[{"href":"https:\/\/diariolanoticia.com.mx\/index.php?rest_route=\/wp\/v2\/types\/post"}],"author":[{"embeddable":true,"href":"https:\/\/diariolanoticia.com.mx\/index.php?rest_route=\/wp\/v2\/users\/1"}],"replies":[{"embeddable":true,"href":"https:\/\/diariolanoticia.com.mx\/index.php?rest_route=%2Fwp%2Fv2%2Fcomments&post=133131"}],"version-history":[{"count":1,"href":"https:\/\/diariolanoticia.com.mx\/index.php?rest_route=\/wp\/v2\/posts\/133131\/revisions"}],"predecessor-version":[{"id":133132,"href":"https:\/\/diariolanoticia.com.mx\/index.php?rest_route=\/wp\/v2\/posts\/133131\/revisions\/133132"}],"wp:featuredmedia":[{"embeddable":true,"href":"https:\/\/diariolanoticia.com.mx\/index.php?rest_route=\/wp\/v2\/media\/133130"}],"wp:attachment":[{"href":"https:\/\/diariolanoticia.com.mx\/index.php?rest_route=%2Fwp%2Fv2%2Fmedia&parent=133131"}],"wp:term":[{"taxonomy":"category","embeddable":true,"href":"https:\/\/diariolanoticia.com.mx\/index.php?rest_route=%2Fwp%2Fv2%2Fcategories&post=133131"},{"taxonomy":"post_tag","embeddable":true,"href":"https:\/\/diariolanoticia.com.mx\/index.php?rest_route=%2Fwp%2Fv2%2Ftags&post=133131"}],"curies":[{"name":"wp","href":"https:\/\/api.w.org\/{rel}","templated":true}]}}