{"id":134646,"date":"2026-08-31T19:03:20","date_gmt":"2026-09-01T01:03:20","guid":{"rendered":"https:\/\/diariolanoticia.com.mx\/?p=134646"},"modified":"2026-08-31T19:03:20","modified_gmt":"2026-09-01T01:03:20","slug":"zacatlan-cierra-el-proceso-de-consulta-publica-para-la-actualizacion-de-su-programa-municipal-de-desarrollo-urbano","status":"publish","type":"post","link":"https:\/\/diariolanoticia.com.mx\/?p=134646","title":{"rendered":"Zacatl\u00e1n cierra el proceso de Consulta P\u00fablica para la actualizaci\u00f3n de su Programa Municipal de Desarrollo Urbano"},"content":{"rendered":"\n<p>El Ayuntamiento de Zacatl\u00e1n, a trav\u00e9s del Consejo Municipal de Desarrollo Urbano y Vivienda, llev\u00f3 a cabo esta tarde el Foro de cierre de la Consulta P\u00fablica del Anteproyecto de Actualizaci\u00f3n del Programa Municipal de Desarrollo Urbano de Zacatl\u00e1n (PMDUZ), con lo cual, concluye formalmente esta etapa del proceso.<\/p>\n\n\n\n<p>Durante el Foro, realizado en el Sal\u00f3n 1888 del Palacio Municipal, el director de Planeaci\u00f3n, Juan Manuel L\u00f3pez Arroyo, en representaci\u00f3n de la Presidenta Municipal, Bety S\u00e1nchez, present\u00f3 un recuento del trabajo realizado por las distintas direcciones del Ayuntamiento y por el Consejo Municipal de Desarrollo Urbano y Vivienda a lo largo de m\u00e1s de un a\u00f1o, en coordinaci\u00f3n con la Secretar\u00eda de Medio Ambiente, Desarrollo Sustentable y Ordenamiento Territorial del Gobierno del Estado (SMADSOT).<\/p>\n\n\n\n<p>En su participaci\u00f3n, el profesor Lorenzo D\u00edaz Cort\u00e9s, integrante del Consejo Consultivo Municipal de Turismo, destac\u00f3 la importancia de que la actualizaci\u00f3n de este programa equilibre el crecimiento urbano con la vocaci\u00f3n de Zacatl\u00e1n como Pueblo M\u00e1gico, solicitando que contemple las zonas de desarrollo tur\u00edstico, el ordenamiento territorial desde una perspectiva tur\u00edstica y la protecci\u00f3n de las \u00e1reas naturales del municipio.<\/p>\n\n\n\n<p>Asimismo, Mois\u00e9s Batalla Hern\u00e1ndez, presidente Auxiliar de Tepeixco, particip\u00f3 en representaci\u00f3n de los pueblos y comunidades originarias de Zacatl\u00e1n, presentando las conclusiones de los Foros de Consulta Ciudadana a Juntas Auxiliares y Pueblos Ind\u00edgenas realizados el pasado 20 de agosto, y solicitando que las problem\u00e1ticas y valores expresados por las comunidades \u2014relacionados con el agua, sus lugares importantes, sus caminos, el crecimiento ordenado, los servicios b\u00e1sicos y el respeto a su forma de organizaci\u00f3n\u2014 sean incorporados en la versi\u00f3n final del Programa.<\/p>\n\n\n\n<p>Al hacer uso de la palabra, el Secretario del Ayuntamiento, Jos\u00e9 Miguel Cruz Escamilla, reconoci\u00f3 el trabajo de los integrantes del Consejo Municipal de Desarrollo Urbano y Vivienda, y de manera particular el de los directores de SOSAPAZ, Roque Azc\u00e1rate Estrada; de Desarrollo Urbano, Sergio Esa\u00fa Dur\u00e1n Sosa y de Planeaci\u00f3n, Juan Manuel L\u00f3pez Arroyo.<\/p>\n\n\n\n<p>En los pr\u00f3ximos 10 d\u00edas, el Ayuntamiento y el Consejo Municipal de Desarrollo Urbano y Vivienda, deber\u00e1n atender y dar respuesta a la totalidad de las participaciones y aportaciones recibidas durante el proceso de consulta, tanto las presentadas por v\u00eda electr\u00f3nica a trav\u00e9s del micrositio oficial, como las recibidas f\u00edsicamente, se\u00f1alando el fundamento legal y t\u00e9cnico que sustente su incorporaci\u00f3n o no al Anteproyecto.<\/p>\n\n\n\n<p>Una vez desahogado lo anterior, el Anteproyecto ser\u00e1 presentado a la SMADSOT para su revisi\u00f3n final, con miras a la obtenci\u00f3n del Dictamen de Congruencia. Una vez emitido dicho dictamen, el proyecto ser\u00e1 turnado al H. Cabildo de Zacatl\u00e1n para su discusi\u00f3n y, en su caso, aprobaci\u00f3n definitiva, lo que permitir\u00e1 al municipio contar con un Programa Municipal de Desarrollo Urbano actualizado despu\u00e9s de m\u00e1s de 30 a\u00f1os.<\/p>\n","protected":false},"excerpt":{"rendered":"<p>El Ayuntamiento de Zacatl\u00e1n, a trav\u00e9s del Consejo Municipal de Desarrollo Urbano y Vivienda, llev\u00f3 a cabo esta tarde el Foro de cierre de la Consulta P\u00fablica del Anteproyecto de Actualizaci\u00f3n del Programa Municipal de Desarrollo Urbano de Zacatl\u00e1n (PMDUZ), con lo cual, concluye formalmente esta etapa del proceso. Durante el Foro, realizado en el [&hellip;]<\/p>\n","protected":false},"author":1,"featured_media":134645,"comment_status":"closed","ping_status":"open","sticky":false,"template":"","format":"standard","meta":{"footnotes":""},"categories":[20],"tags":[],"class_list":["post-134646","post","type-post","status-publish","format-standard","has-post-thumbnail","hentry","category-norte-de-puebla"],"blog_post_layout_featured_media_urls":{"thumbnail":["https:\/\/diariolanoticia.com.mx\/wp-content\/uploads\/2026\/08\/img_4790-216x160.jpg",216,160,true],"full":["https:\/\/diariolanoticia.com.mx\/wp-content\/uploads\/2026\/08\/img_4790.jpg",1500,919,false]},"categories_names":{"20":{"name":"Norte de Puebla","link":"https:\/\/diariolanoticia.com.mx\/?cat=20"}},"tags_names":[],"comments_number":"0","wpmagazine_modules_lite_featured_media_urls":{"thumbnail":["https:\/\/diariolanoticia.com.mx\/wp-content\/uploads\/2026\/08\/img_4790-216x160.jpg",216,160,true],"cvmm-medium":["https:\/\/diariolanoticia.com.mx\/wp-content\/uploads\/2026\/08\/img_4790-300x300.jpg",300,300,true],"cvmm-medium-plus":["https:\/\/diariolanoticia.com.mx\/wp-content\/uploads\/2026\/08\/img_4790-305x207.jpg",305,207,true],"cvmm-portrait":["https:\/\/diariolanoticia.com.mx\/wp-content\/uploads\/2026\/08\/img_4790-400x600.jpg",400,600,true],"cvmm-medium-square":["https:\/\/diariolanoticia.com.mx\/wp-content\/uploads\/2026\/08\/img_4790-600x600.jpg",600,600,true],"cvmm-large":["https:\/\/diariolanoticia.com.mx\/wp-content\/uploads\/2026\/08\/img_4790-1024x919.jpg",1024,919,true],"cvmm-small":["https:\/\/diariolanoticia.com.mx\/wp-content\/uploads\/2026\/08\/img_4790-130x95.jpg",130,95,true],"full":["https:\/\/diariolanoticia.com.mx\/wp-content\/uploads\/2026\/08\/img_4790.jpg",1500,919,false]},"_links":{"self":[{"href":"https:\/\/diariolanoticia.com.mx\/index.php?rest_route=\/wp\/v2\/posts\/134646","targetHints":{"allow":["GET"]}}],"collection":[{"href":"https:\/\/diariolanoticia.com.mx\/index.php?rest_route=\/wp\/v2\/posts"}],"about":[{"href":"https:\/\/diariolanoticia.com.mx\/index.php?rest_route=\/wp\/v2\/types\/post"}],"author":[{"embeddable":true,"href":"https:\/\/diariolanoticia.com.mx\/index.php?rest_route=\/wp\/v2\/users\/1"}],"replies":[{"embeddable":true,"href":"https:\/\/diariolanoticia.com.mx\/index.php?rest_route=%2Fwp%2Fv2%2Fcomments&post=134646"}],"version-history":[{"count":1,"href":"https:\/\/diariolanoticia.com.mx\/index.php?rest_route=\/wp\/v2\/posts\/134646\/revisions"}],"predecessor-version":[{"id":134647,"href":"https:\/\/diariolanoticia.com.mx\/index.php?rest_route=\/wp\/v2\/posts\/134646\/revisions\/134647"}],"wp:featuredmedia":[{"embeddable":true,"href":"https:\/\/diariolanoticia.com.mx\/index.php?rest_route=\/wp\/v2\/media\/134645"}],"wp:attachment":[{"href":"https:\/\/diariolanoticia.com.mx\/index.php?rest_route=%2Fwp%2Fv2%2Fmedia&parent=134646"}],"wp:term":[{"taxonomy":"category","embeddable":true,"href":"https:\/\/diariolanoticia.com.mx\/index.php?rest_route=%2Fwp%2Fv2%2Fcategories&post=134646"},{"taxonomy":"post_tag","embeddable":true,"href":"https:\/\/diariolanoticia.com.mx\/index.php?rest_route=%2Fwp%2Fv2%2Ftags&post=134646"}],"curies":[{"name":"wp","href":"https:\/\/api.w.org\/{rel}","templated":true}]}}