{"id":134651,"date":"2026-08-31T20:17:00","date_gmt":"2026-09-01T02:17:00","guid":{"rendered":"https:\/\/diariolanoticia.com.mx\/?p=134651"},"modified":"2026-08-31T20:17:02","modified_gmt":"2026-09-01T02:17:02","slug":"apertura-congreso-primer-periodo-ordinario-de-sesiones-del-tercer-ano-legislativo","status":"publish","type":"post","link":"https:\/\/diariolanoticia.com.mx\/?p=134651","title":{"rendered":"Apertura Congreso Primer Periodo Ordinario de Sesiones del Tercer A\u00f1o Legislativo"},"content":{"rendered":"\n<p>En Sesi\u00f3n Extraordinaria P\u00fablica y Solemne, las y los diputados integrantes de la LXV Legislatura del Congreso del Estado de Tlaxcala realizaron este domingo la declaratoria de apertura del Primer Periodo Ordinario de Sesiones del Tercer A\u00f1o de Ejercicio Legal.<\/p>\n\n\n\n<p>Con este acto, inici\u00f3 formalmente una nueva etapa de trabajo legislativo, durante la cual las y los integrantes del Congreso del Estado desarrollar\u00e1n sus actividades parlamentarias, desde las distintas responsabilidades y comisiones que integran, a partir de este d\u00eda y hasta el pr\u00f3ximo 30 de mayo de 2027.<\/p>\n\n\n\n<p>Durante la sesi\u00f3n, el presidente de la Mesa Directiva, Emilio De la Pe\u00f1a Aponte, realiz\u00f3 la declaratoria correspondiente e instruy\u00f3 la elaboraci\u00f3n del Decreto respectivo, as\u00ed como su remisi\u00f3n al Poder Ejecutivo, para su publicaci\u00f3n en el Peri\u00f3dico Oficial del Gobierno del Estado, al Poder Judicial del Estado, as\u00ed como a los organismos aut\u00f3nomos, a los sesenta ayuntamientos de la entidad y a las legislaturas de las entidades federativas.<\/p>\n","protected":false},"excerpt":{"rendered":"<p>En Sesi\u00f3n Extraordinaria P\u00fablica y Solemne, las y los diputados integrantes de la LXV Legislatura del Congreso del Estado de Tlaxcala realizaron este domingo la declaratoria de apertura del Primer Periodo Ordinario de Sesiones del Tercer A\u00f1o de Ejercicio Legal. Con este acto, inici\u00f3 formalmente una nueva etapa de trabajo legislativo, durante la cual las [&hellip;]<\/p>\n","protected":false},"author":1,"featured_media":134655,"comment_status":"open","ping_status":"open","sticky":false,"template":"","format":"standard","meta":{"footnotes":""},"categories":[22],"tags":[],"class_list":["post-134651","post","type-post","status-publish","format-standard","has-post-thumbnail","hentry","category-congreso"],"blog_post_layout_featured_media_urls":{"thumbnail":["https:\/\/diariolanoticia.com.mx\/wp-content\/uploads\/2026\/08\/WhatsApp-Image-2026-08-30-at-13.25.13-216x160.jpeg",216,160,true],"full":["https:\/\/diariolanoticia.com.mx\/wp-content\/uploads\/2026\/08\/WhatsApp-Image-2026-08-30-at-13.25.13-scaled.jpeg",2560,1707,false]},"categories_names":{"22":{"name":"Congreso","link":"https:\/\/diariolanoticia.com.mx\/?cat=22"}},"tags_names":[],"comments_number":"0","wpmagazine_modules_lite_featured_media_urls":{"thumbnail":["https:\/\/diariolanoticia.com.mx\/wp-content\/uploads\/2026\/08\/WhatsApp-Image-2026-08-30-at-13.25.13-216x160.jpeg",216,160,true],"cvmm-medium":["https:\/\/diariolanoticia.com.mx\/wp-content\/uploads\/2026\/08\/WhatsApp-Image-2026-08-30-at-13.25.13-300x300.jpeg",300,300,true],"cvmm-medium-plus":["https:\/\/diariolanoticia.com.mx\/wp-content\/uploads\/2026\/08\/WhatsApp-Image-2026-08-30-at-13.25.13-305x207.jpeg",305,207,true],"cvmm-portrait":["https:\/\/diariolanoticia.com.mx\/wp-content\/uploads\/2026\/08\/WhatsApp-Image-2026-08-30-at-13.25.13-400x600.jpeg",400,600,true],"cvmm-medium-square":["https:\/\/diariolanoticia.com.mx\/wp-content\/uploads\/2026\/08\/WhatsApp-Image-2026-08-30-at-13.25.13-600x600.jpeg",600,600,true],"cvmm-large":["https:\/\/diariolanoticia.com.mx\/wp-content\/uploads\/2026\/08\/WhatsApp-Image-2026-08-30-at-13.25.13-1024x1024.jpeg",1024,1024,true],"cvmm-small":["https:\/\/diariolanoticia.com.mx\/wp-content\/uploads\/2026\/08\/WhatsApp-Image-2026-08-30-at-13.25.13-130x95.jpeg",130,95,true],"full":["https:\/\/diariolanoticia.com.mx\/wp-content\/uploads\/2026\/08\/WhatsApp-Image-2026-08-30-at-13.25.13-scaled.jpeg",2560,1707,false]},"_links":{"self":[{"href":"https:\/\/diariolanoticia.com.mx\/index.php?rest_route=\/wp\/v2\/posts\/134651","targetHints":{"allow":["GET"]}}],"collection":[{"href":"https:\/\/diariolanoticia.com.mx\/index.php?rest_route=\/wp\/v2\/posts"}],"about":[{"href":"https:\/\/diariolanoticia.com.mx\/index.php?rest_route=\/wp\/v2\/types\/post"}],"author":[{"embeddable":true,"href":"https:\/\/diariolanoticia.com.mx\/index.php?rest_route=\/wp\/v2\/users\/1"}],"replies":[{"embeddable":true,"href":"https:\/\/diariolanoticia.com.mx\/index.php?rest_route=%2Fwp%2Fv2%2Fcomments&post=134651"}],"version-history":[{"count":1,"href":"https:\/\/diariolanoticia.com.mx\/index.php?rest_route=\/wp\/v2\/posts\/134651\/revisions"}],"predecessor-version":[{"id":134656,"href":"https:\/\/diariolanoticia.com.mx\/index.php?rest_route=\/wp\/v2\/posts\/134651\/revisions\/134656"}],"wp:featuredmedia":[{"embeddable":true,"href":"https:\/\/diariolanoticia.com.mx\/index.php?rest_route=\/wp\/v2\/media\/134655"}],"wp:attachment":[{"href":"https:\/\/diariolanoticia.com.mx\/index.php?rest_route=%2Fwp%2Fv2%2Fmedia&parent=134651"}],"wp:term":[{"taxonomy":"category","embeddable":true,"href":"https:\/\/diariolanoticia.com.mx\/index.php?rest_route=%2Fwp%2Fv2%2Fcategories&post=134651"},{"taxonomy":"post_tag","embeddable":true,"href":"https:\/\/diariolanoticia.com.mx\/index.php?rest_route=%2Fwp%2Fv2%2Ftags&post=134651"}],"curies":[{"name":"wp","href":"https:\/\/api.w.org\/{rel}","templated":true}]}}