{"id":134652,"date":"2026-08-31T20:15:47","date_gmt":"2026-09-01T02:15:47","guid":{"rendered":"https:\/\/diariolanoticia.com.mx\/?p=134652"},"modified":"2026-08-31T20:15:48","modified_gmt":"2026-09-01T02:15:48","slug":"conmemoro-40-aniversario-la-licenciatura-en-sociologia-uatx","status":"publish","type":"post","link":"https:\/\/diariolanoticia.com.mx\/?p=134652","title":{"rendered":"Conmemor\u00f3 40 aniversario la Licenciatura en Sociolog\u00eda UATx"},"content":{"rendered":"\n<p>Con un amplio reconocimiento a su trayectoria hist\u00f3rica y su eficacia para la interpretaci\u00f3n de las din\u00e1micas sociales contempor\u00e1neas,&nbsp;la Licenciatura en Sociolog\u00eda de la Facultad de Trabajo Social, Sociolog\u00eda, Psicolog\u00eda y Psicoterapia de la Universidad Aut\u00f3noma de Tlaxcala (FTSSPyP-UATx),&nbsp;conmemor\u00f3 su 40 aniversario con la develaci\u00f3n de una placa, afianzado como un espacio acad\u00e9mico que ha formado a 37 generaciones de profesionistas orientados al desarrollo comunitario de la entidad y del pa\u00eds.<\/p>\n\n\n\n<p>En representaci\u00f3n del Maestro Alejandro Palma Ju\u00e1rez, Rector de esta Casa de Estudios, la Maestra Rosa Ortega Landeros, Secretaria Acad\u00e9mica, manifest\u00f3 que es significativo festejo que reconoce el trabajo de la planta docente e investigadora en la formaci\u00f3n de m\u00e1s 37 generaciones de profesionistas capaces de explicar fen\u00f3menos como la migraci\u00f3n, la pobreza y la equidad de g\u00e9nero.<\/p>\n\n\n\n<p>Resalt\u00f3 que la creaci\u00f3n y consolidaci\u00f3n del Modelo Humanista Integrador basado en Capacidades (MHIC) y el fortalecimiento de la infraestructura institucional, como la emblem\u00e1tica Torre de Rector\u00eda, forman parte del valioso legado y liderazgo del exrector, Doctor Seraf\u00edn Ortiz Ortiz, quien contribuy\u00f3 tambi\u00e9n a la construcci\u00f3n del&nbsp;<em>homo universitatis<\/em>.<\/p>\n\n\n\n<p>Al hacer uso de la voz en este acto conmemorativo, el Doctor Seraf\u00edn Ortiz reflexion\u00f3 que la realidad social no existe de forma predeterminada, sino que se construye a diario, por lo que el proceso formativo de la UATx no es un concepto vano, deviene de la autorrealizaci\u00f3n, la autodeterminaci\u00f3n y el autorreconocimiento. Explic\u00f3 que Sociolog\u00eda dio origen al modelo socioconstruccionista de la Aut\u00f3noma de Tlaxcala, el cual ha evolucionado de competencias a capacidades hasta quedar asentado formalmente en el Estatuto General de la Instituci\u00f3n.<\/p>\n\n\n\n<p>Por su parte, el Maestro Fortunato Mac\u00edas Lima, Director de la FTSSPyP, enfatiz\u00f3 que la Sociolog\u00eda destaca por su agudeza cr\u00edtica y su complejidad para analizar a los grupos sociales en el tiempo y el espacio. Refiri\u00f3 que a 40 a\u00f1os de su fundaci\u00f3n, en 1986, la rigurosa formaci\u00f3n te\u00f3rico-metodol\u00f3gica de este programa permite a sus egresados insertarse con \u00e9xito en el servicio p\u00fablico y privado, potenciando sus habilidades bajo los ejes del MHIC en beneficio directo de la colectividad tlaxcalteca.<\/p>\n\n\n\n<p>Al ofrecer un mensaje de agradecimiento, el Maestro Alfredo Partida Guzm\u00e1n, Coordinador de la Licenciatura en Sociolog\u00eda, puntualiz\u00f3 que a lo largo de cuatro d\u00e9cadas han egresado cerca de dos mil estudiantes que se desempe\u00f1an activamente en la pol\u00edtica, la administraci\u00f3n p\u00fablica y el gobierno.<\/p>\n\n\n\n<p>Durante la ceremonia se reconoci\u00f3 a&nbsp; docentes que integraron el grupo fundador de la Licenciatura, cuya visi\u00f3n y dedicaci\u00f3n sentaron sus bases acad\u00e9micas. Tambi\u00e9n fueron distinguidos los estudiantes con los promedios m\u00e1s altos, quienes hoy dan continuidad a una historia construida con conocimiento, compromiso y vocaci\u00f3n social.<\/p>\n\n\n\n<p>Atestiguaron este momento el exrector Licenciado Juan M\u00e9ndez V\u00e1zquez, la Doctora Alejandra Ram\u00edrez Ortiz, Delegada Regional del Infonavit en Tlaxcala, as\u00ed como secretarios, coordinadores, docentes y estudiantes.<\/p>\n","protected":false},"excerpt":{"rendered":"<p>Con un amplio reconocimiento a su trayectoria hist\u00f3rica y su eficacia para la interpretaci\u00f3n de las din\u00e1micas sociales contempor\u00e1neas,&nbsp;la Licenciatura en Sociolog\u00eda de la Facultad de Trabajo Social, Sociolog\u00eda, Psicolog\u00eda y Psicoterapia de la Universidad Aut\u00f3noma de Tlaxcala (FTSSPyP-UATx),&nbsp;conmemor\u00f3 su 40 aniversario con la develaci\u00f3n de una placa, afianzado como un espacio acad\u00e9mico que ha [&hellip;]<\/p>\n","protected":false},"author":1,"featured_media":134653,"comment_status":"open","ping_status":"open","sticky":false,"template":"","format":"standard","meta":{"footnotes":""},"categories":[10],"tags":[],"class_list":["post-134652","post","type-post","status-publish","format-standard","has-post-thumbnail","hentry","category-educacion"],"blog_post_layout_featured_media_urls":{"thumbnail":["https:\/\/diariolanoticia.com.mx\/wp-content\/uploads\/2026\/08\/31Conmemoro-40-aniversario-la-Licenciatura-en-Sociologia-UATx-1-216x160.jpg",216,160,true],"full":["https:\/\/diariolanoticia.com.mx\/wp-content\/uploads\/2026\/08\/31Conmemoro-40-aniversario-la-Licenciatura-en-Sociologia-UATx-1.jpg",1600,900,false]},"categories_names":{"10":{"name":"Educaci\u00f3n","link":"https:\/\/diariolanoticia.com.mx\/?cat=10"}},"tags_names":[],"comments_number":"0","wpmagazine_modules_lite_featured_media_urls":{"thumbnail":["https:\/\/diariolanoticia.com.mx\/wp-content\/uploads\/2026\/08\/31Conmemoro-40-aniversario-la-Licenciatura-en-Sociologia-UATx-1-216x160.jpg",216,160,true],"cvmm-medium":["https:\/\/diariolanoticia.com.mx\/wp-content\/uploads\/2026\/08\/31Conmemoro-40-aniversario-la-Licenciatura-en-Sociologia-UATx-1-300x300.jpg",300,300,true],"cvmm-medium-plus":["https:\/\/diariolanoticia.com.mx\/wp-content\/uploads\/2026\/08\/31Conmemoro-40-aniversario-la-Licenciatura-en-Sociologia-UATx-1-305x207.jpg",305,207,true],"cvmm-portrait":["https:\/\/diariolanoticia.com.mx\/wp-content\/uploads\/2026\/08\/31Conmemoro-40-aniversario-la-Licenciatura-en-Sociologia-UATx-1-400x600.jpg",400,600,true],"cvmm-medium-square":["https:\/\/diariolanoticia.com.mx\/wp-content\/uploads\/2026\/08\/31Conmemoro-40-aniversario-la-Licenciatura-en-Sociologia-UATx-1-600x600.jpg",600,600,true],"cvmm-large":["https:\/\/diariolanoticia.com.mx\/wp-content\/uploads\/2026\/08\/31Conmemoro-40-aniversario-la-Licenciatura-en-Sociologia-UATx-1-1024x900.jpg",1024,900,true],"cvmm-small":["https:\/\/diariolanoticia.com.mx\/wp-content\/uploads\/2026\/08\/31Conmemoro-40-aniversario-la-Licenciatura-en-Sociologia-UATx-1-130x95.jpg",130,95,true],"full":["https:\/\/diariolanoticia.com.mx\/wp-content\/uploads\/2026\/08\/31Conmemoro-40-aniversario-la-Licenciatura-en-Sociologia-UATx-1.jpg",1600,900,false]},"_links":{"self":[{"href":"https:\/\/diariolanoticia.com.mx\/index.php?rest_route=\/wp\/v2\/posts\/134652","targetHints":{"allow":["GET"]}}],"collection":[{"href":"https:\/\/diariolanoticia.com.mx\/index.php?rest_route=\/wp\/v2\/posts"}],"about":[{"href":"https:\/\/diariolanoticia.com.mx\/index.php?rest_route=\/wp\/v2\/types\/post"}],"author":[{"embeddable":true,"href":"https:\/\/diariolanoticia.com.mx\/index.php?rest_route=\/wp\/v2\/users\/1"}],"replies":[{"embeddable":true,"href":"https:\/\/diariolanoticia.com.mx\/index.php?rest_route=%2Fwp%2Fv2%2Fcomments&post=134652"}],"version-history":[{"count":1,"href":"https:\/\/diariolanoticia.com.mx\/index.php?rest_route=\/wp\/v2\/posts\/134652\/revisions"}],"predecessor-version":[{"id":134654,"href":"https:\/\/diariolanoticia.com.mx\/index.php?rest_route=\/wp\/v2\/posts\/134652\/revisions\/134654"}],"wp:featuredmedia":[{"embeddable":true,"href":"https:\/\/diariolanoticia.com.mx\/index.php?rest_route=\/wp\/v2\/media\/134653"}],"wp:attachment":[{"href":"https:\/\/diariolanoticia.com.mx\/index.php?rest_route=%2Fwp%2Fv2%2Fmedia&parent=134652"}],"wp:term":[{"taxonomy":"category","embeddable":true,"href":"https:\/\/diariolanoticia.com.mx\/index.php?rest_route=%2Fwp%2Fv2%2Fcategories&post=134652"},{"taxonomy":"post_tag","embeddable":true,"href":"https:\/\/diariolanoticia.com.mx\/index.php?rest_route=%2Fwp%2Fv2%2Ftags&post=134652"}],"curies":[{"name":"wp","href":"https:\/\/api.w.org\/{rel}","templated":true}]}}