{"id":134660,"date":"2026-09-01T12:34:19","date_gmt":"2026-09-01T18:34:19","guid":{"rendered":"https:\/\/diariolanoticia.com.mx\/?p=134660"},"modified":"2026-09-01T12:34:19","modified_gmt":"2026-09-01T18:34:19","slug":"gobierno-de-zacatlan-coloca-bando-solemne-del-mes-patrio","status":"publish","type":"post","link":"https:\/\/diariolanoticia.com.mx\/?p=134660","title":{"rendered":"Gobierno de Zacatl\u00e1n coloca bando solemne del mes patrio"},"content":{"rendered":"\n<figure class=\"wp-block-gallery has-nested-images columns-default is-cropped wp-block-gallery-1 is-layout-flex wp-block-gallery-is-layout-flex\">\n<figure class=\"wp-block-image\"><img loading=\"lazy\" decoding=\"async\" width=\"1024\" height=\"683\" data-id=\"134657\" src=\"https:\/\/diariolanoticia.com.mx\/wp-content\/uploads\/2026\/09\/img_4926-1024x683.jpg\" alt=\"\" class=\"wp-image-134657\" srcset=\"https:\/\/diariolanoticia.com.mx\/wp-content\/uploads\/2026\/09\/img_4926-1024x683.jpg 1024w, https:\/\/diariolanoticia.com.mx\/wp-content\/uploads\/2026\/09\/img_4926-300x200.jpg 300w, https:\/\/diariolanoticia.com.mx\/wp-content\/uploads\/2026\/09\/img_4926-768x512.jpg 768w, https:\/\/diariolanoticia.com.mx\/wp-content\/uploads\/2026\/09\/img_4926.jpg 1200w\" sizes=\"auto, (max-width: 1024px) 100vw, 1024px\" \/><\/figure>\n\n\n\n<figure class=\"wp-block-image\"><img loading=\"lazy\" decoding=\"async\" width=\"1024\" height=\"683\" data-id=\"134658\" src=\"https:\/\/diariolanoticia.com.mx\/wp-content\/uploads\/2026\/09\/img_4927-1024x683.jpg\" alt=\"\" class=\"wp-image-134658\" srcset=\"https:\/\/diariolanoticia.com.mx\/wp-content\/uploads\/2026\/09\/img_4927-1024x683.jpg 1024w, https:\/\/diariolanoticia.com.mx\/wp-content\/uploads\/2026\/09\/img_4927-300x200.jpg 300w, https:\/\/diariolanoticia.com.mx\/wp-content\/uploads\/2026\/09\/img_4927-768x512.jpg 768w, https:\/\/diariolanoticia.com.mx\/wp-content\/uploads\/2026\/09\/img_4927.jpg 1500w\" sizes=\"auto, (max-width: 1024px) 100vw, 1024px\" \/><\/figure>\n<\/figure>\n\n\n\n<p>Con orgullo y profundo respeto a nuestros s\u00edmbolos patrios, en #Zacatl\u00e1n se llev\u00f3 a cabo el izamiento de la Bandera Nacional y la colocaci\u00f3n de Bandos Solemnes, que dan inicio a las actividades del mes de septiembre.<\/p>\n\n\n\n<p>La presidenta municipal Bety S\u00e1nchez encabez\u00f3 este acto c\u00edvico, record\u00e1ndonos la importancia de la unidad, la transformaci\u00f3n y la fuerza de nuestro pueblo para seguir construyendo una naci\u00f3n de bienestar y esperanza.<\/p>\n","protected":false},"excerpt":{"rendered":"<p>Con orgullo y profundo respeto a nuestros s\u00edmbolos patrios, en #Zacatl\u00e1n se llev\u00f3 a cabo el izamiento de la Bandera Nacional y la colocaci\u00f3n de Bandos Solemnes, que dan inicio a las actividades del mes de septiembre. La presidenta municipal Bety S\u00e1nchez encabez\u00f3 este acto c\u00edvico, record\u00e1ndonos la importancia de la unidad, la transformaci\u00f3n y [&hellip;]<\/p>\n","protected":false},"author":1,"featured_media":134659,"comment_status":"closed","ping_status":"open","sticky":false,"template":"","format":"standard","meta":{"footnotes":""},"categories":[20],"tags":[],"class_list":["post-134660","post","type-post","status-publish","format-standard","has-post-thumbnail","hentry","category-norte-de-puebla"],"blog_post_layout_featured_media_urls":{"thumbnail":["https:\/\/diariolanoticia.com.mx\/wp-content\/uploads\/2026\/09\/img_4929-216x160.jpg",216,160,true],"full":["https:\/\/diariolanoticia.com.mx\/wp-content\/uploads\/2026\/09\/img_4929.jpg",1500,1000,false]},"categories_names":{"20":{"name":"Norte de Puebla","link":"https:\/\/diariolanoticia.com.mx\/?cat=20"}},"tags_names":[],"comments_number":"0","wpmagazine_modules_lite_featured_media_urls":{"thumbnail":["https:\/\/diariolanoticia.com.mx\/wp-content\/uploads\/2026\/09\/img_4929-216x160.jpg",216,160,true],"cvmm-medium":["https:\/\/diariolanoticia.com.mx\/wp-content\/uploads\/2026\/09\/img_4929-300x300.jpg",300,300,true],"cvmm-medium-plus":["https:\/\/diariolanoticia.com.mx\/wp-content\/uploads\/2026\/09\/img_4929-305x207.jpg",305,207,true],"cvmm-portrait":["https:\/\/diariolanoticia.com.mx\/wp-content\/uploads\/2026\/09\/img_4929-400x600.jpg",400,600,true],"cvmm-medium-square":["https:\/\/diariolanoticia.com.mx\/wp-content\/uploads\/2026\/09\/img_4929-600x600.jpg",600,600,true],"cvmm-large":["https:\/\/diariolanoticia.com.mx\/wp-content\/uploads\/2026\/09\/img_4929-1024x1000.jpg",1024,1000,true],"cvmm-small":["https:\/\/diariolanoticia.com.mx\/wp-content\/uploads\/2026\/09\/img_4929-130x95.jpg",130,95,true],"full":["https:\/\/diariolanoticia.com.mx\/wp-content\/uploads\/2026\/09\/img_4929.jpg",1500,1000,false]},"_links":{"self":[{"href":"https:\/\/diariolanoticia.com.mx\/index.php?rest_route=\/wp\/v2\/posts\/134660","targetHints":{"allow":["GET"]}}],"collection":[{"href":"https:\/\/diariolanoticia.com.mx\/index.php?rest_route=\/wp\/v2\/posts"}],"about":[{"href":"https:\/\/diariolanoticia.com.mx\/index.php?rest_route=\/wp\/v2\/types\/post"}],"author":[{"embeddable":true,"href":"https:\/\/diariolanoticia.com.mx\/index.php?rest_route=\/wp\/v2\/users\/1"}],"replies":[{"embeddable":true,"href":"https:\/\/diariolanoticia.com.mx\/index.php?rest_route=%2Fwp%2Fv2%2Fcomments&post=134660"}],"version-history":[{"count":1,"href":"https:\/\/diariolanoticia.com.mx\/index.php?rest_route=\/wp\/v2\/posts\/134660\/revisions"}],"predecessor-version":[{"id":134661,"href":"https:\/\/diariolanoticia.com.mx\/index.php?rest_route=\/wp\/v2\/posts\/134660\/revisions\/134661"}],"wp:featuredmedia":[{"embeddable":true,"href":"https:\/\/diariolanoticia.com.mx\/index.php?rest_route=\/wp\/v2\/media\/134659"}],"wp:attachment":[{"href":"https:\/\/diariolanoticia.com.mx\/index.php?rest_route=%2Fwp%2Fv2%2Fmedia&parent=134660"}],"wp:term":[{"taxonomy":"category","embeddable":true,"href":"https:\/\/diariolanoticia.com.mx\/index.php?rest_route=%2Fwp%2Fv2%2Fcategories&post=134660"},{"taxonomy":"post_tag","embeddable":true,"href":"https:\/\/diariolanoticia.com.mx\/index.php?rest_route=%2Fwp%2Fv2%2Ftags&post=134660"}],"curies":[{"name":"wp","href":"https:\/\/api.w.org\/{rel}","templated":true}]}}