{"id":134665,"date":"2026-08-31T19:34:00","date_gmt":"2026-09-01T01:34:00","guid":{"rendered":"https:\/\/diariolanoticia.com.mx\/?p=134665"},"modified":"2026-09-01T19:34:53","modified_gmt":"2026-09-02T01:34:53","slug":"gobierno-de-zacatlan-presenta-el-libro-imaginando-ando","status":"publish","type":"post","link":"https:\/\/diariolanoticia.com.mx\/?p=134665","title":{"rendered":"Gobierno de Zacatl\u00e1n presenta el libro \u201cImaginando Ando\u2026\u201d"},"content":{"rendered":"\n<figure class=\"wp-block-gallery has-nested-images columns-default is-cropped wp-block-gallery-1 is-layout-flex wp-block-gallery-is-layout-flex\">\n<figure class=\"wp-block-image\"><img loading=\"lazy\" decoding=\"async\" width=\"1024\" height=\"682\" data-id=\"134664\" src=\"https:\/\/diariolanoticia.com.mx\/wp-content\/uploads\/2026\/09\/img_4989-1024x682.jpg\" alt=\"\" class=\"wp-image-134664\" srcset=\"https:\/\/diariolanoticia.com.mx\/wp-content\/uploads\/2026\/09\/img_4989-1024x682.jpg 1024w, https:\/\/diariolanoticia.com.mx\/wp-content\/uploads\/2026\/09\/img_4989-300x200.jpg 300w, https:\/\/diariolanoticia.com.mx\/wp-content\/uploads\/2026\/09\/img_4989-768x511.jpg 768w, https:\/\/diariolanoticia.com.mx\/wp-content\/uploads\/2026\/09\/img_4989.jpg 1500w\" sizes=\"auto, (max-width: 1024px) 100vw, 1024px\" \/><\/figure>\n\n\n\n<figure class=\"wp-block-image\"><img loading=\"lazy\" decoding=\"async\" width=\"1024\" height=\"682\" data-id=\"134663\" src=\"https:\/\/diariolanoticia.com.mx\/wp-content\/uploads\/2026\/09\/img_4990-1024x682.jpg\" alt=\"\" class=\"wp-image-134663\" srcset=\"https:\/\/diariolanoticia.com.mx\/wp-content\/uploads\/2026\/09\/img_4990-1024x682.jpg 1024w, https:\/\/diariolanoticia.com.mx\/wp-content\/uploads\/2026\/09\/img_4990-300x200.jpg 300w, https:\/\/diariolanoticia.com.mx\/wp-content\/uploads\/2026\/09\/img_4990-768x511.jpg 768w, https:\/\/diariolanoticia.com.mx\/wp-content\/uploads\/2026\/09\/img_4990.jpg 1500w\" sizes=\"auto, (max-width: 1024px) 100vw, 1024px\" \/><\/figure>\n<\/figure>\n\n\n\n<p>&#8211; La imaginaci\u00f3n tambi\u00e9n construye el futuro.<\/p>\n\n\n\n<p>El Gobierno Municipal, a trav\u00e9s de la Coordinaci\u00f3n de Cultura y Educaci\u00f3n, present\u00f3 el libro \u201cImaginando Ando\u2026\u201d, de Mar\u00eda P\u00eda Balvin Garrido, fortaleciendo espacios para acercar el arte, la lectura y la cultura a nuestras ni\u00f1as, ni\u00f1os y j\u00f3venes.<\/p>\n\n\n\n<p>Con el compromiso de la Presidenta Bety S\u00e1nchez, seguimos impulsando nuevas generaciones con creatividad y visi\u00f3n de futuro.<\/p>\n","protected":false},"excerpt":{"rendered":"<p>&#8211; La imaginaci\u00f3n tambi\u00e9n construye el futuro. El Gobierno Municipal, a trav\u00e9s de la Coordinaci\u00f3n de Cultura y Educaci\u00f3n, present\u00f3 el libro \u201cImaginando Ando\u2026\u201d, de Mar\u00eda P\u00eda Balvin Garrido, fortaleciendo espacios para acercar el arte, la lectura y la cultura a nuestras ni\u00f1as, ni\u00f1os y j\u00f3venes. Con el compromiso de la Presidenta Bety S\u00e1nchez, seguimos [&hellip;]<\/p>\n","protected":false},"author":1,"featured_media":134662,"comment_status":"closed","ping_status":"open","sticky":false,"template":"","format":"standard","meta":{"footnotes":""},"categories":[20],"tags":[],"class_list":["post-134665","post","type-post","status-publish","format-standard","has-post-thumbnail","hentry","category-norte-de-puebla"],"blog_post_layout_featured_media_urls":{"thumbnail":["https:\/\/diariolanoticia.com.mx\/wp-content\/uploads\/2026\/09\/img_4988-216x160.jpg",216,160,true],"full":["https:\/\/diariolanoticia.com.mx\/wp-content\/uploads\/2026\/09\/img_4988.jpg",1200,800,false]},"categories_names":{"20":{"name":"Norte de Puebla","link":"https:\/\/diariolanoticia.com.mx\/?cat=20"}},"tags_names":[],"comments_number":"0","wpmagazine_modules_lite_featured_media_urls":{"thumbnail":["https:\/\/diariolanoticia.com.mx\/wp-content\/uploads\/2026\/09\/img_4988-216x160.jpg",216,160,true],"cvmm-medium":["https:\/\/diariolanoticia.com.mx\/wp-content\/uploads\/2026\/09\/img_4988-300x300.jpg",300,300,true],"cvmm-medium-plus":["https:\/\/diariolanoticia.com.mx\/wp-content\/uploads\/2026\/09\/img_4988-305x207.jpg",305,207,true],"cvmm-portrait":["https:\/\/diariolanoticia.com.mx\/wp-content\/uploads\/2026\/09\/img_4988-400x600.jpg",400,600,true],"cvmm-medium-square":["https:\/\/diariolanoticia.com.mx\/wp-content\/uploads\/2026\/09\/img_4988-600x600.jpg",600,600,true],"cvmm-large":["https:\/\/diariolanoticia.com.mx\/wp-content\/uploads\/2026\/09\/img_4988-1024x800.jpg",1024,800,true],"cvmm-small":["https:\/\/diariolanoticia.com.mx\/wp-content\/uploads\/2026\/09\/img_4988-130x95.jpg",130,95,true],"full":["https:\/\/diariolanoticia.com.mx\/wp-content\/uploads\/2026\/09\/img_4988.jpg",1200,800,false]},"_links":{"self":[{"href":"https:\/\/diariolanoticia.com.mx\/index.php?rest_route=\/wp\/v2\/posts\/134665","targetHints":{"allow":["GET"]}}],"collection":[{"href":"https:\/\/diariolanoticia.com.mx\/index.php?rest_route=\/wp\/v2\/posts"}],"about":[{"href":"https:\/\/diariolanoticia.com.mx\/index.php?rest_route=\/wp\/v2\/types\/post"}],"author":[{"embeddable":true,"href":"https:\/\/diariolanoticia.com.mx\/index.php?rest_route=\/wp\/v2\/users\/1"}],"replies":[{"embeddable":true,"href":"https:\/\/diariolanoticia.com.mx\/index.php?rest_route=%2Fwp%2Fv2%2Fcomments&post=134665"}],"version-history":[{"count":1,"href":"https:\/\/diariolanoticia.com.mx\/index.php?rest_route=\/wp\/v2\/posts\/134665\/revisions"}],"predecessor-version":[{"id":134666,"href":"https:\/\/diariolanoticia.com.mx\/index.php?rest_route=\/wp\/v2\/posts\/134665\/revisions\/134666"}],"wp:featuredmedia":[{"embeddable":true,"href":"https:\/\/diariolanoticia.com.mx\/index.php?rest_route=\/wp\/v2\/media\/134662"}],"wp:attachment":[{"href":"https:\/\/diariolanoticia.com.mx\/index.php?rest_route=%2Fwp%2Fv2%2Fmedia&parent=134665"}],"wp:term":[{"taxonomy":"category","embeddable":true,"href":"https:\/\/diariolanoticia.com.mx\/index.php?rest_route=%2Fwp%2Fv2%2Fcategories&post=134665"},{"taxonomy":"post_tag","embeddable":true,"href":"https:\/\/diariolanoticia.com.mx\/index.php?rest_route=%2Fwp%2Fv2%2Ftags&post=134665"}],"curies":[{"name":"wp","href":"https:\/\/api.w.org\/{rel}","templated":true}]}}