{"id":134669,"date":"2026-09-01T22:31:39","date_gmt":"2026-09-02T04:31:39","guid":{"rendered":"https:\/\/diariolanoticia.com.mx\/?p=134669"},"modified":"2026-09-01T22:31:39","modified_gmt":"2026-09-02T04:31:39","slug":"capacitan-a-100-anfitriones-turisticos-de-zacatlan","status":"publish","type":"post","link":"https:\/\/diariolanoticia.com.mx\/?p=134669","title":{"rendered":"Capacitan a 100 anfitriones tur\u00edsticos de Zacatl\u00e1n"},"content":{"rendered":"\n<figure class=\"wp-block-gallery has-nested-images columns-default is-cropped wp-block-gallery-1 is-layout-flex wp-block-gallery-is-layout-flex\">\n<figure class=\"wp-block-image\"><img loading=\"lazy\" decoding=\"async\" width=\"1024\" height=\"683\" data-id=\"134668\" src=\"https:\/\/diariolanoticia.com.mx\/wp-content\/uploads\/2026\/09\/img_4995-1024x683.jpg\" alt=\"\" class=\"wp-image-134668\" srcset=\"https:\/\/diariolanoticia.com.mx\/wp-content\/uploads\/2026\/09\/img_4995-1024x683.jpg 1024w, https:\/\/diariolanoticia.com.mx\/wp-content\/uploads\/2026\/09\/img_4995-300x200.jpg 300w, https:\/\/diariolanoticia.com.mx\/wp-content\/uploads\/2026\/09\/img_4995-768x512.jpg 768w, https:\/\/diariolanoticia.com.mx\/wp-content\/uploads\/2026\/09\/img_4995.jpg 1500w\" sizes=\"auto, (max-width: 1024px) 100vw, 1024px\" \/><\/figure>\n<\/figure>\n\n\n\n<p>&#8211; En introducci\u00f3n a la NOM 09 de excursionismo y turismo de naturaleza<\/p>\n\n\n\n<p>Gracias a la Secretar\u00eda de Desarrollo Tur\u00edstico del Estado, a trav\u00e9s de la Direcci\u00f3n de Profesionalizaci\u00f3n y Regulaci\u00f3n Tur\u00edstica, al ICATEP y al Ayuntamiento de Zacatl\u00e1n, 100 anfitriones tur\u00edsticos son capacitados en introducci\u00f3n a la NOM 09, referente a excursionismo y turismo de naturaleza.<\/p>\n\n\n\n<p>Esta capacitaci\u00f3n tiene valor curricular, y la intenci\u00f3n es que los prestadores de servicios tur\u00edsticos, quienes pertenecen a las touroperadoras del municipio, se profesionalicen y certifiquen para brindar un servicio de calidad, adem\u00e1s de garantiza seguridad a las y los visitantes.<\/p>\n\n\n\n<p>Rafael Nore\u00f1a S\u00e1nchez, especialista en turismo de aventura y excursionismo, es el encargado de proporcionar esta capacitaci\u00f3n, que con su amplia experiencia, dar\u00e1 herramientas valiosas a quienes se inscribieron a este curso.<\/p>\n\n\n\n<p>Es importante precisar que la capacitaci\u00f3n tiene una duraci\u00f3n de 3 d\u00edas, donde las y los participantes tendr\u00e1n teor\u00eda y pr\u00e1cticas en campo, para empaparse del turismo de naturaleza, as\u00ed como los retos y formaci\u00f3n que deben de tener.<\/p>\n\n\n\n<p>Esto gracias a las gestiones de la presidenta municipal, Bety S\u00e1nchez a trav\u00e9s de la Direcci\u00f3n de Fomento Econ\u00f3mico y Turismo, encabezada por Arleen Balderas.<\/p>\n","protected":false},"excerpt":{"rendered":"<p>&#8211; En introducci\u00f3n a la NOM 09 de excursionismo y turismo de naturaleza Gracias a la Secretar\u00eda de Desarrollo Tur\u00edstico del Estado, a trav\u00e9s de la Direcci\u00f3n de Profesionalizaci\u00f3n y Regulaci\u00f3n Tur\u00edstica, al ICATEP y al Ayuntamiento de Zacatl\u00e1n, 100 anfitriones tur\u00edsticos son capacitados en introducci\u00f3n a la NOM 09, referente a excursionismo y turismo [&hellip;]<\/p>\n","protected":false},"author":1,"featured_media":134667,"comment_status":"closed","ping_status":"open","sticky":false,"template":"","format":"standard","meta":{"footnotes":""},"categories":[20],"tags":[],"class_list":["post-134669","post","type-post","status-publish","format-standard","has-post-thumbnail","hentry","category-norte-de-puebla"],"blog_post_layout_featured_media_urls":{"thumbnail":["https:\/\/diariolanoticia.com.mx\/wp-content\/uploads\/2026\/09\/img_4996-216x160.jpg",216,160,true],"full":["https:\/\/diariolanoticia.com.mx\/wp-content\/uploads\/2026\/09\/img_4996.jpg",1500,1000,false]},"categories_names":{"20":{"name":"Norte de Puebla","link":"https:\/\/diariolanoticia.com.mx\/?cat=20"}},"tags_names":[],"comments_number":"0","wpmagazine_modules_lite_featured_media_urls":{"thumbnail":["https:\/\/diariolanoticia.com.mx\/wp-content\/uploads\/2026\/09\/img_4996-216x160.jpg",216,160,true],"cvmm-medium":["https:\/\/diariolanoticia.com.mx\/wp-content\/uploads\/2026\/09\/img_4996-300x300.jpg",300,300,true],"cvmm-medium-plus":["https:\/\/diariolanoticia.com.mx\/wp-content\/uploads\/2026\/09\/img_4996-305x207.jpg",305,207,true],"cvmm-portrait":["https:\/\/diariolanoticia.com.mx\/wp-content\/uploads\/2026\/09\/img_4996-400x600.jpg",400,600,true],"cvmm-medium-square":["https:\/\/diariolanoticia.com.mx\/wp-content\/uploads\/2026\/09\/img_4996-600x600.jpg",600,600,true],"cvmm-large":["https:\/\/diariolanoticia.com.mx\/wp-content\/uploads\/2026\/09\/img_4996-1024x1000.jpg",1024,1000,true],"cvmm-small":["https:\/\/diariolanoticia.com.mx\/wp-content\/uploads\/2026\/09\/img_4996-130x95.jpg",130,95,true],"full":["https:\/\/diariolanoticia.com.mx\/wp-content\/uploads\/2026\/09\/img_4996.jpg",1500,1000,false]},"_links":{"self":[{"href":"https:\/\/diariolanoticia.com.mx\/index.php?rest_route=\/wp\/v2\/posts\/134669","targetHints":{"allow":["GET"]}}],"collection":[{"href":"https:\/\/diariolanoticia.com.mx\/index.php?rest_route=\/wp\/v2\/posts"}],"about":[{"href":"https:\/\/diariolanoticia.com.mx\/index.php?rest_route=\/wp\/v2\/types\/post"}],"author":[{"embeddable":true,"href":"https:\/\/diariolanoticia.com.mx\/index.php?rest_route=\/wp\/v2\/users\/1"}],"replies":[{"embeddable":true,"href":"https:\/\/diariolanoticia.com.mx\/index.php?rest_route=%2Fwp%2Fv2%2Fcomments&post=134669"}],"version-history":[{"count":1,"href":"https:\/\/diariolanoticia.com.mx\/index.php?rest_route=\/wp\/v2\/posts\/134669\/revisions"}],"predecessor-version":[{"id":134670,"href":"https:\/\/diariolanoticia.com.mx\/index.php?rest_route=\/wp\/v2\/posts\/134669\/revisions\/134670"}],"wp:featuredmedia":[{"embeddable":true,"href":"https:\/\/diariolanoticia.com.mx\/index.php?rest_route=\/wp\/v2\/media\/134667"}],"wp:attachment":[{"href":"https:\/\/diariolanoticia.com.mx\/index.php?rest_route=%2Fwp%2Fv2%2Fmedia&parent=134669"}],"wp:term":[{"taxonomy":"category","embeddable":true,"href":"https:\/\/diariolanoticia.com.mx\/index.php?rest_route=%2Fwp%2Fv2%2Fcategories&post=134669"},{"taxonomy":"post_tag","embeddable":true,"href":"https:\/\/diariolanoticia.com.mx\/index.php?rest_route=%2Fwp%2Fv2%2Ftags&post=134669"}],"curies":[{"name":"wp","href":"https:\/\/api.w.org\/{rel}","templated":true}]}}