{"id":134674,"date":"2026-09-02T09:55:44","date_gmt":"2026-09-02T15:55:44","guid":{"rendered":"https:\/\/diariolanoticia.com.mx\/?p=134674"},"modified":"2026-09-02T09:55:44","modified_gmt":"2026-09-02T15:55:44","slug":"gobierno-de-zacatlan-fomenta-la-cultura-de-paz-y-sana-convivencia","status":"publish","type":"post","link":"https:\/\/diariolanoticia.com.mx\/?p=134674","title":{"rendered":"Gobierno de Zacatl\u00e1n  fomenta la cultura de paz y sana convivencia"},"content":{"rendered":"\n<figure class=\"wp-block-gallery has-nested-images columns-default is-cropped wp-block-gallery-1 is-layout-flex wp-block-gallery-is-layout-flex\">\n<figure class=\"wp-block-image\"><img loading=\"lazy\" decoding=\"async\" width=\"1024\" height=\"768\" data-id=\"134673\" src=\"https:\/\/diariolanoticia.com.mx\/wp-content\/uploads\/2026\/09\/img_5044-1024x768.jpg\" alt=\"\" class=\"wp-image-134673\" srcset=\"https:\/\/diariolanoticia.com.mx\/wp-content\/uploads\/2026\/09\/img_5044-1024x768.jpg 1024w, https:\/\/diariolanoticia.com.mx\/wp-content\/uploads\/2026\/09\/img_5044-300x225.jpg 300w, https:\/\/diariolanoticia.com.mx\/wp-content\/uploads\/2026\/09\/img_5044-768x576.jpg 768w, https:\/\/diariolanoticia.com.mx\/wp-content\/uploads\/2026\/09\/img_5044-136x102.jpg 136w, https:\/\/diariolanoticia.com.mx\/wp-content\/uploads\/2026\/09\/img_5044.jpg 1500w\" sizes=\"auto, (max-width: 1024px) 100vw, 1024px\" \/><\/figure>\n\n\n\n<figure class=\"wp-block-image\"><img loading=\"lazy\" decoding=\"async\" width=\"1024\" height=\"768\" data-id=\"134672\" src=\"https:\/\/diariolanoticia.com.mx\/wp-content\/uploads\/2026\/09\/img_5043-1024x768.jpg\" alt=\"\" class=\"wp-image-134672\" srcset=\"https:\/\/diariolanoticia.com.mx\/wp-content\/uploads\/2026\/09\/img_5043-1024x768.jpg 1024w, https:\/\/diariolanoticia.com.mx\/wp-content\/uploads\/2026\/09\/img_5043-300x225.jpg 300w, https:\/\/diariolanoticia.com.mx\/wp-content\/uploads\/2026\/09\/img_5043-768x576.jpg 768w, https:\/\/diariolanoticia.com.mx\/wp-content\/uploads\/2026\/09\/img_5043-136x102.jpg 136w, https:\/\/diariolanoticia.com.mx\/wp-content\/uploads\/2026\/09\/img_5043.jpg 1500w\" sizes=\"auto, (max-width: 1024px) 100vw, 1024px\" \/><\/figure>\n<\/figure>\n\n\n\n<p>Para fomentar la cultura de la paz en las comunidades, en escuelas, y espacios p\u00fablicos, el Ayuntamiento de Zacatl\u00e1n encabezado por la presidenta municipal, Bety S\u00e1nchez a trav\u00e9s del Centro Municipal de Salud Socioemocional (Cemusse), organiz\u00f3 una capacitaci\u00f3n impartida por la Universidad Iberoamericana.<\/p>\n\n\n\n<p>Esta capacitaci\u00f3n la tomaron el personal del Cemusse, el voluntariado del Cemusse, personal de la Coordinaci\u00f3n de Prevenci\u00f3n del Delito, del Centro de Bienestar Animal, docentes de la Fundaci\u00f3n Amparo, entre otras personas.<\/p>\n\n\n\n<p>La intenci\u00f3n es aprender sobre las estrategias de la cultura de paz, as\u00ed como su importancia, para posteriormente implementar estas herramientas en los espacios de incidencias como: comunidades, escuelas, centros de trabajo y el hogar, a fin de disminuir la violencia y fortalecer la sana convivencia.<\/p>\n\n\n\n<p>Esta capacitaci\u00f3n fue impartida por la Universidad Iberoamericana Puebla, y el facilitador fue Felipe Lerzama Ju\u00e1rez, quien es licenciado en Psicolog\u00eda, maestro en Desarrollo Humano, y forma parte de la Secretar\u00eda T\u00e9cnica de la Red Estatal de Paz en Puebla.<\/p>\n\n\n\n<p>Adem\u00e1s, estudiantes de Arquitectura de la misma universidad, visitaron las casas de salud para realizar proyectos acad\u00e9micos de intervenci\u00f3n de estos espacios, con la finalidad de proponer \u00e1reas m\u00e1s c\u00e1lidas, humanas y de comunidad.<\/p>\n","protected":false},"excerpt":{"rendered":"<p>Para fomentar la cultura de la paz en las comunidades, en escuelas, y espacios p\u00fablicos, el Ayuntamiento de Zacatl\u00e1n encabezado por la presidenta municipal, Bety S\u00e1nchez a trav\u00e9s del Centro Municipal de Salud Socioemocional (Cemusse), organiz\u00f3 una capacitaci\u00f3n impartida por la Universidad Iberoamericana. Esta capacitaci\u00f3n la tomaron el personal del Cemusse, el voluntariado del Cemusse, [&hellip;]<\/p>\n","protected":false},"author":1,"featured_media":134671,"comment_status":"closed","ping_status":"open","sticky":false,"template":"","format":"standard","meta":{"footnotes":""},"categories":[20],"tags":[],"class_list":["post-134674","post","type-post","status-publish","format-standard","has-post-thumbnail","hentry","category-norte-de-puebla"],"blog_post_layout_featured_media_urls":{"thumbnail":["https:\/\/diariolanoticia.com.mx\/wp-content\/uploads\/2026\/09\/img_5042-216x160.jpg",216,160,true],"full":["https:\/\/diariolanoticia.com.mx\/wp-content\/uploads\/2026\/09\/img_5042.jpg",1500,1125,false]},"categories_names":{"20":{"name":"Norte de Puebla","link":"https:\/\/diariolanoticia.com.mx\/?cat=20"}},"tags_names":[],"comments_number":"0","wpmagazine_modules_lite_featured_media_urls":{"thumbnail":["https:\/\/diariolanoticia.com.mx\/wp-content\/uploads\/2026\/09\/img_5042-216x160.jpg",216,160,true],"cvmm-medium":["https:\/\/diariolanoticia.com.mx\/wp-content\/uploads\/2026\/09\/img_5042-300x300.jpg",300,300,true],"cvmm-medium-plus":["https:\/\/diariolanoticia.com.mx\/wp-content\/uploads\/2026\/09\/img_5042-305x207.jpg",305,207,true],"cvmm-portrait":["https:\/\/diariolanoticia.com.mx\/wp-content\/uploads\/2026\/09\/img_5042-400x600.jpg",400,600,true],"cvmm-medium-square":["https:\/\/diariolanoticia.com.mx\/wp-content\/uploads\/2026\/09\/img_5042-600x600.jpg",600,600,true],"cvmm-large":["https:\/\/diariolanoticia.com.mx\/wp-content\/uploads\/2026\/09\/img_5042-1024x1024.jpg",1024,1024,true],"cvmm-small":["https:\/\/diariolanoticia.com.mx\/wp-content\/uploads\/2026\/09\/img_5042-130x95.jpg",130,95,true],"full":["https:\/\/diariolanoticia.com.mx\/wp-content\/uploads\/2026\/09\/img_5042.jpg",1500,1125,false]},"_links":{"self":[{"href":"https:\/\/diariolanoticia.com.mx\/index.php?rest_route=\/wp\/v2\/posts\/134674","targetHints":{"allow":["GET"]}}],"collection":[{"href":"https:\/\/diariolanoticia.com.mx\/index.php?rest_route=\/wp\/v2\/posts"}],"about":[{"href":"https:\/\/diariolanoticia.com.mx\/index.php?rest_route=\/wp\/v2\/types\/post"}],"author":[{"embeddable":true,"href":"https:\/\/diariolanoticia.com.mx\/index.php?rest_route=\/wp\/v2\/users\/1"}],"replies":[{"embeddable":true,"href":"https:\/\/diariolanoticia.com.mx\/index.php?rest_route=%2Fwp%2Fv2%2Fcomments&post=134674"}],"version-history":[{"count":1,"href":"https:\/\/diariolanoticia.com.mx\/index.php?rest_route=\/wp\/v2\/posts\/134674\/revisions"}],"predecessor-version":[{"id":134675,"href":"https:\/\/diariolanoticia.com.mx\/index.php?rest_route=\/wp\/v2\/posts\/134674\/revisions\/134675"}],"wp:featuredmedia":[{"embeddable":true,"href":"https:\/\/diariolanoticia.com.mx\/index.php?rest_route=\/wp\/v2\/media\/134671"}],"wp:attachment":[{"href":"https:\/\/diariolanoticia.com.mx\/index.php?rest_route=%2Fwp%2Fv2%2Fmedia&parent=134674"}],"wp:term":[{"taxonomy":"category","embeddable":true,"href":"https:\/\/diariolanoticia.com.mx\/index.php?rest_route=%2Fwp%2Fv2%2Fcategories&post=134674"},{"taxonomy":"post_tag","embeddable":true,"href":"https:\/\/diariolanoticia.com.mx\/index.php?rest_route=%2Fwp%2Fv2%2Ftags&post=134674"}],"curies":[{"name":"wp","href":"https:\/\/api.w.org\/{rel}","templated":true}]}}