{"id":134684,"date":"2026-09-04T10:59:12","date_gmt":"2026-09-04T16:59:12","guid":{"rendered":"https:\/\/diariolanoticia.com.mx\/?p=134684"},"modified":"2026-09-04T10:59:12","modified_gmt":"2026-09-04T16:59:12","slug":"gobierno-de-zacatlan-entrega-obra-en-tepeixco","status":"publish","type":"post","link":"https:\/\/diariolanoticia.com.mx\/?p=134684","title":{"rendered":"Gobierno de Zacatl\u00e1n entrega obra en Tepeixco"},"content":{"rendered":"\n<figure class=\"wp-block-gallery has-nested-images columns-default is-cropped wp-block-gallery-1 is-layout-flex wp-block-gallery-is-layout-flex\">\n<figure class=\"wp-block-image\"><img loading=\"lazy\" decoding=\"async\" width=\"1024\" height=\"683\" data-id=\"134682\" src=\"https:\/\/diariolanoticia.com.mx\/wp-content\/uploads\/2026\/09\/img_5224-1024x683.jpg\" alt=\"\" class=\"wp-image-134682\" srcset=\"https:\/\/diariolanoticia.com.mx\/wp-content\/uploads\/2026\/09\/img_5224-1024x683.jpg 1024w, https:\/\/diariolanoticia.com.mx\/wp-content\/uploads\/2026\/09\/img_5224-300x200.jpg 300w, https:\/\/diariolanoticia.com.mx\/wp-content\/uploads\/2026\/09\/img_5224-768x512.jpg 768w, https:\/\/diariolanoticia.com.mx\/wp-content\/uploads\/2026\/09\/img_5224.jpg 1500w\" sizes=\"auto, (max-width: 1024px) 100vw, 1024px\" \/><\/figure>\n\n\n\n<figure class=\"wp-block-image\"><img loading=\"lazy\" decoding=\"async\" width=\"1024\" height=\"683\" data-id=\"134683\" src=\"https:\/\/diariolanoticia.com.mx\/wp-content\/uploads\/2026\/09\/img_5225-1024x683.jpg\" alt=\"\" class=\"wp-image-134683\" srcset=\"https:\/\/diariolanoticia.com.mx\/wp-content\/uploads\/2026\/09\/img_5225-1024x683.jpg 1024w, https:\/\/diariolanoticia.com.mx\/wp-content\/uploads\/2026\/09\/img_5225-300x200.jpg 300w, https:\/\/diariolanoticia.com.mx\/wp-content\/uploads\/2026\/09\/img_5225-768x512.jpg 768w, https:\/\/diariolanoticia.com.mx\/wp-content\/uploads\/2026\/09\/img_5225.jpg 1500w\" sizes=\"auto, (max-width: 1024px) 100vw, 1024px\" \/><\/figure>\n<\/figure>\n\n\n\n<p>La Presidenta Municipal Bety S\u00e1nchez entreg\u00f3 el muro de contenci\u00f3n en la comunidad de #Tepetla, perteneciente a la Junta Auxiliar de #Tepeixco, atendiendo una necesidad de la comunidad y fortaleciendo la seguridad de quienes transitan por la carretera Tepeixco\u2013Chiconcuautla.<\/p>\n\n\n\n<p>Esta obra mejora las condiciones de esta importante v\u00eda de comunicaci\u00f3n entre ambos municipios, beneficiando a familias, productores y transportistas que la utilizan diariamente.<\/p>\n\n\n\n<p>#DeLaManoDeLaGente, seguimos atendiendo las necesidades de nuestras comunidades.<\/p>\n","protected":false},"excerpt":{"rendered":"<p>La Presidenta Municipal Bety S\u00e1nchez entreg\u00f3 el muro de contenci\u00f3n en la comunidad de #Tepetla, perteneciente a la Junta Auxiliar de #Tepeixco, atendiendo una necesidad de la comunidad y fortaleciendo la seguridad de quienes transitan por la carretera Tepeixco\u2013Chiconcuautla. Esta obra mejora las condiciones de esta importante v\u00eda de comunicaci\u00f3n entre ambos municipios, beneficiando a [&hellip;]<\/p>\n","protected":false},"author":1,"featured_media":134681,"comment_status":"closed","ping_status":"open","sticky":false,"template":"","format":"standard","meta":{"footnotes":""},"categories":[20],"tags":[],"class_list":["post-134684","post","type-post","status-publish","format-standard","has-post-thumbnail","hentry","category-norte-de-puebla"],"blog_post_layout_featured_media_urls":{"thumbnail":["https:\/\/diariolanoticia.com.mx\/wp-content\/uploads\/2026\/09\/img_5223-216x160.jpg",216,160,true],"full":["https:\/\/diariolanoticia.com.mx\/wp-content\/uploads\/2026\/09\/img_5223.jpg",1080,720,false]},"categories_names":{"20":{"name":"Norte de Puebla","link":"https:\/\/diariolanoticia.com.mx\/?cat=20"}},"tags_names":[],"comments_number":"0","wpmagazine_modules_lite_featured_media_urls":{"thumbnail":["https:\/\/diariolanoticia.com.mx\/wp-content\/uploads\/2026\/09\/img_5223-216x160.jpg",216,160,true],"cvmm-medium":["https:\/\/diariolanoticia.com.mx\/wp-content\/uploads\/2026\/09\/img_5223-300x300.jpg",300,300,true],"cvmm-medium-plus":["https:\/\/diariolanoticia.com.mx\/wp-content\/uploads\/2026\/09\/img_5223-305x207.jpg",305,207,true],"cvmm-portrait":["https:\/\/diariolanoticia.com.mx\/wp-content\/uploads\/2026\/09\/img_5223-400x600.jpg",400,600,true],"cvmm-medium-square":["https:\/\/diariolanoticia.com.mx\/wp-content\/uploads\/2026\/09\/img_5223-600x600.jpg",600,600,true],"cvmm-large":["https:\/\/diariolanoticia.com.mx\/wp-content\/uploads\/2026\/09\/img_5223-1024x720.jpg",1024,720,true],"cvmm-small":["https:\/\/diariolanoticia.com.mx\/wp-content\/uploads\/2026\/09\/img_5223-130x95.jpg",130,95,true],"full":["https:\/\/diariolanoticia.com.mx\/wp-content\/uploads\/2026\/09\/img_5223.jpg",1080,720,false]},"_links":{"self":[{"href":"https:\/\/diariolanoticia.com.mx\/index.php?rest_route=\/wp\/v2\/posts\/134684","targetHints":{"allow":["GET"]}}],"collection":[{"href":"https:\/\/diariolanoticia.com.mx\/index.php?rest_route=\/wp\/v2\/posts"}],"about":[{"href":"https:\/\/diariolanoticia.com.mx\/index.php?rest_route=\/wp\/v2\/types\/post"}],"author":[{"embeddable":true,"href":"https:\/\/diariolanoticia.com.mx\/index.php?rest_route=\/wp\/v2\/users\/1"}],"replies":[{"embeddable":true,"href":"https:\/\/diariolanoticia.com.mx\/index.php?rest_route=%2Fwp%2Fv2%2Fcomments&post=134684"}],"version-history":[{"count":1,"href":"https:\/\/diariolanoticia.com.mx\/index.php?rest_route=\/wp\/v2\/posts\/134684\/revisions"}],"predecessor-version":[{"id":134685,"href":"https:\/\/diariolanoticia.com.mx\/index.php?rest_route=\/wp\/v2\/posts\/134684\/revisions\/134685"}],"wp:featuredmedia":[{"embeddable":true,"href":"https:\/\/diariolanoticia.com.mx\/index.php?rest_route=\/wp\/v2\/media\/134681"}],"wp:attachment":[{"href":"https:\/\/diariolanoticia.com.mx\/index.php?rest_route=%2Fwp%2Fv2%2Fmedia&parent=134684"}],"wp:term":[{"taxonomy":"category","embeddable":true,"href":"https:\/\/diariolanoticia.com.mx\/index.php?rest_route=%2Fwp%2Fv2%2Fcategories&post=134684"},{"taxonomy":"post_tag","embeddable":true,"href":"https:\/\/diariolanoticia.com.mx\/index.php?rest_route=%2Fwp%2Fv2%2Ftags&post=134684"}],"curies":[{"name":"wp","href":"https:\/\/api.w.org\/{rel}","templated":true}]}}