{"id":87230,"date":"2022-01-28T17:00:09","date_gmt":"2022-01-28T17:00:09","guid":{"rendered":"https:\/\/diariolanoticia.com.mx\/?p=87230"},"modified":"2022-01-28T17:00:11","modified_gmt":"2022-01-28T17:00:11","slug":"formaliza-municipio-de-cuaxomulco-acuerdo-de-colaboracion-academica","status":"publish","type":"post","link":"https:\/\/diariolanoticia.com.mx\/?p=87230","title":{"rendered":"Formaliza Municipio de Cuaxomulco acuerdo de colaboraci\u00f3n acad\u00e9mica"},"content":{"rendered":"\n<p>Cuaxomulco,Tlax.- En beneficio de la comunidad acad\u00e9mica cient\u00edfica y teol\u00f3gica, se firm\u00f3 el acuerdo de colaboraci\u00f3n entre el Ayuntamiento de Cuaxomulco y El Instituto Tecnol\u00f3gico del Altiplano de Tlaxcala, en el evento estuvieron presentes el C. Miguel \u00c1ngel Neria Carre\u00f1o, Presidente Municipal de Cuaxomulco, Eliub\u00ed Echeverr\u00eda Land\u00edn, Director de la Instituci\u00f3n educativa, el Dr. Gilberto Rodr\u00edguez Montufar, Subdirector de planeaci\u00f3n y Vinculaci\u00f3n, adem\u00e1s de integrantes del cabildo del municipio quienes presenciaron la formalizaci\u00f3n de este acuerdo en beneficio de la comunidad estudiantil y poblaci\u00f3n en general.<\/p>\n\n\n\n<p>Fue el C. Miguel \u00c1ngel Neria Carre\u00f1o quien agradeci\u00f3 di\u00f3 la bienvenida por parte de las autoridades del plantel y dijo sentirse complacido con la realizaci\u00f3n del convenio, pues asegur\u00f3 fortalecer\u00e1 las relaciones entre ambos y con los productores del municipio.<\/p>\n\n\n\n<p>\u201cCuaxomulco es un municipio semi rural donde m\u00e1s del 70% de su poblaci\u00f3n depende del campo, es importante que nuestros productores dejen de hacerlo de forma tradicional, no se trata de ser siempre rudimentarios, sino de dejarse asesorar y ayudar para poder producir mayor calidad y cantidad con menos esfuerzo y propiciar la econom\u00eda del municipio\u201d, expres\u00f3.<br>De esta manera , adem\u00e1s de lograr el acercamiento de la instituci\u00f3n educativa con los productores agropecuarios del municipio se formar\u00e1n los lazos que permitan al mismo tiempo a los j\u00f3venes estudiantes que puedan desarrollar residencias profesionales y servicio social en los diversos proyectos que desarrolle el municipio.<br>Por ultimo, el presidente municipal dijo que su administraci\u00f3n har\u00e1 lo correspondiente para lograr el acercamiento con los ciudadanos y se mostr\u00f3 dispuesto a seguir trabajando de la mano con aquellos entes que ponen al alcance de la comunidad las nuevas tecnolog\u00edas, buscando siempre el beneficio com\u00fan.<\/p>\n","protected":false},"excerpt":{"rendered":"<p>Cuaxomulco,Tlax.- En beneficio de la comunidad acad\u00e9mica cient\u00edfica y teol\u00f3gica, se firm\u00f3 el acuerdo de colaboraci\u00f3n entre el Ayuntamiento de Cuaxomulco y El Instituto Tecnol\u00f3gico del Altiplano de Tlaxcala, en el evento estuvieron presentes el C. Miguel \u00c1ngel Neria Carre\u00f1o, Presidente Municipal de Cuaxomulco, Eliub\u00ed Echeverr\u00eda Land\u00edn, Director de la Instituci\u00f3n educativa, el Dr. Gilberto [&hellip;]<\/p>\n","protected":false},"author":1,"featured_media":87231,"comment_status":"open","ping_status":"open","sticky":false,"template":"","format":"standard","meta":{"footnotes":""},"categories":[1],"tags":[],"class_list":["post-87230","post","type-post","status-publish","format-standard","has-post-thumbnail","hentry","category-uncategorized"],"blog_post_layout_featured_media_urls":{"thumbnail":["https:\/\/diariolanoticia.com.mx\/wp-content\/uploads\/2022\/01\/272823082_261281809470833_2203128541927107964_n-216x160.jpg",216,160,true],"full":["https:\/\/diariolanoticia.com.mx\/wp-content\/uploads\/2022\/01\/272823082_261281809470833_2203128541927107964_n.jpg",1640,640,false]},"categories_names":{"1":{"name":"Uncategorized","link":"https:\/\/diariolanoticia.com.mx\/?cat=1"}},"tags_names":[],"comments_number":"0","wpmagazine_modules_lite_featured_media_urls":{"thumbnail":["https:\/\/diariolanoticia.com.mx\/wp-content\/uploads\/2022\/01\/272823082_261281809470833_2203128541927107964_n-216x160.jpg",216,160,true],"cvmm-medium":["https:\/\/diariolanoticia.com.mx\/wp-content\/uploads\/2022\/01\/272823082_261281809470833_2203128541927107964_n-300x300.jpg",300,300,true],"cvmm-medium-plus":["https:\/\/diariolanoticia.com.mx\/wp-content\/uploads\/2022\/01\/272823082_261281809470833_2203128541927107964_n-305x207.jpg",305,207,true],"cvmm-portrait":["https:\/\/diariolanoticia.com.mx\/wp-content\/uploads\/2022\/01\/272823082_261281809470833_2203128541927107964_n-400x600.jpg",400,600,true],"cvmm-medium-square":["https:\/\/diariolanoticia.com.mx\/wp-content\/uploads\/2022\/01\/272823082_261281809470833_2203128541927107964_n-600x600.jpg",600,600,true],"cvmm-large":["https:\/\/diariolanoticia.com.mx\/wp-content\/uploads\/2022\/01\/272823082_261281809470833_2203128541927107964_n-1024x640.jpg",1024,640,true],"cvmm-small":["https:\/\/diariolanoticia.com.mx\/wp-content\/uploads\/2022\/01\/272823082_261281809470833_2203128541927107964_n-130x95.jpg",130,95,true],"full":["https:\/\/diariolanoticia.com.mx\/wp-content\/uploads\/2022\/01\/272823082_261281809470833_2203128541927107964_n.jpg",1640,640,false]},"_links":{"self":[{"href":"https:\/\/diariolanoticia.com.mx\/index.php?rest_route=\/wp\/v2\/posts\/87230","targetHints":{"allow":["GET"]}}],"collection":[{"href":"https:\/\/diariolanoticia.com.mx\/index.php?rest_route=\/wp\/v2\/posts"}],"about":[{"href":"https:\/\/diariolanoticia.com.mx\/index.php?rest_route=\/wp\/v2\/types\/post"}],"author":[{"embeddable":true,"href":"https:\/\/diariolanoticia.com.mx\/index.php?rest_route=\/wp\/v2\/users\/1"}],"replies":[{"embeddable":true,"href":"https:\/\/diariolanoticia.com.mx\/index.php?rest_route=%2Fwp%2Fv2%2Fcomments&post=87230"}],"version-history":[{"count":1,"href":"https:\/\/diariolanoticia.com.mx\/index.php?rest_route=\/wp\/v2\/posts\/87230\/revisions"}],"predecessor-version":[{"id":87232,"href":"https:\/\/diariolanoticia.com.mx\/index.php?rest_route=\/wp\/v2\/posts\/87230\/revisions\/87232"}],"wp:featuredmedia":[{"embeddable":true,"href":"https:\/\/diariolanoticia.com.mx\/index.php?rest_route=\/wp\/v2\/media\/87231"}],"wp:attachment":[{"href":"https:\/\/diariolanoticia.com.mx\/index.php?rest_route=%2Fwp%2Fv2%2Fmedia&parent=87230"}],"wp:term":[{"taxonomy":"category","embeddable":true,"href":"https:\/\/diariolanoticia.com.mx\/index.php?rest_route=%2Fwp%2Fv2%2Fcategories&post=87230"},{"taxonomy":"post_tag","embeddable":true,"href":"https:\/\/diariolanoticia.com.mx\/index.php?rest_route=%2Fwp%2Fv2%2Ftags&post=87230"}],"curies":[{"name":"wp","href":"https:\/\/api.w.org\/{rel}","templated":true}]}}