{"id":87233,"date":"2022-01-28T17:01:31","date_gmt":"2022-01-28T17:01:31","guid":{"rendered":"https:\/\/diariolanoticia.com.mx\/?p=87233"},"modified":"2022-01-28T17:01:32","modified_gmt":"2022-01-28T17:01:32","slug":"estrechan-coordinacion-transportistas-y-el-ayuntamiento-de-tlaxcala-para-mejorar-seguridad","status":"publish","type":"post","link":"https:\/\/diariolanoticia.com.mx\/?p=87233","title":{"rendered":"Estrechan coordinacion transportistas y el Ayuntamiento de Tlaxcala\u00a0 para mejorar seguridad"},"content":{"rendered":"\n<ul class=\"wp-block-list\"><li><em>Es prioridad del presidente municipal, Jorge Corichi, que las comunidades, colonias y zona urbana sean m\u00e1s seguras<\/em><\/li><\/ul>\n\n\n\n<p>El Ayuntamiento de Tlaxcala, a trav\u00e9s de la Direcci\u00f3n de Seguridad Ciudadana y Movilidad, &nbsp;instal\u00f3 &nbsp;una mesa de trabajo con organizaciones de transportistas, como parte de la estrategia de proximidad social para prevenir delitos en las rutas de transporte p\u00fablico.<\/p>\n\n\n\n<p>En el encuentro, encabezado por Miguel \u00c1ngel Ch\u00e1vez Zavala, jefe de la oficina de la presidencia municipal de Tlaxcala, se acord\u00f3 estrechar la coordinaci\u00f3n con representantes del servicio p\u00fablico (combis y taxis) a trav\u00e9s de mecanismos de comunicaci\u00f3n (grupos de WhatsApp), e implementar acciones de reacci\u00f3n inmediata para la prevenci\u00f3n y combate de incidentes.<\/p>\n\n\n\n<p>Otro de los objetivos trazados en esta mesa de trabajo, fue identificar las zonas de riesgo en comisi\u00f3n de delitos y fortalecer de manera conjunta el Operativo \u201cViajero Seguro\u201d, a fin de detectar actitudes sospechosas que pudieran poner en riesgo a usuarios y operadores del servicio de transporte p\u00fablico.<\/p>\n\n\n\n<p>Por instrucci\u00f3n del alcalde, Jorge Corichi, la corporaci\u00f3n policiaca trabaja para involucrar a la sociedad en materia de seguridad a trav\u00e9s de los programas de proximidad de la citada Direcci\u00f3n.<\/p>\n\n\n\n<p>En esta reuni\u00f3n de coordinaci\u00f3n, que tendr\u00e1 continuidad, participaron representantes de m\u00e1s de 25 organizaciones de transportistas, entre ellos: Adri\u00e1n Corona Ju\u00e1rez, Guillermo Cruz Coyotzi, Arturo Bello, Gabriel Mitre y Lorena Dur\u00e1n Castillo.<\/p>\n\n\n\n<p>Por la Direcci\u00f3n de Seguridad Ciudadana y Movilidad participaron Francisco Javier Carreto G\u00e1mez, director de la Polic\u00eda municipal; Yadira L\u00f3pez Romero, jefa de la Unidad de An\u00e1lisis y C2;&nbsp; Mildret Monserrat M\u00e1rquez Rojas, Coordinadora de Prevenci\u00f3n y Proximidad Social y Edgar Armando Paredes Nohpal supervisor de Movilidad del Municipio de Tlaxcala.<\/p>\n","protected":false},"excerpt":{"rendered":"<p>Es prioridad del presidente municipal, Jorge Corichi, que las comunidades, colonias y zona urbana sean m\u00e1s seguras El Ayuntamiento de Tlaxcala, a trav\u00e9s de la Direcci\u00f3n de Seguridad Ciudadana y Movilidad, &nbsp;instal\u00f3 &nbsp;una mesa de trabajo con organizaciones de transportistas, como parte de la estrategia de proximidad social para prevenir delitos en las rutas de [&hellip;]<\/p>\n","protected":false},"author":1,"featured_media":87234,"comment_status":"open","ping_status":"open","sticky":false,"template":"","format":"standard","meta":{"footnotes":""},"categories":[17],"tags":[],"class_list":["post-87233","post","type-post","status-publish","format-standard","has-post-thumbnail","hentry","category-tlaxcala"],"blog_post_layout_featured_media_urls":{"thumbnail":["https:\/\/diariolanoticia.com.mx\/wp-content\/uploads\/2022\/01\/WhatsApp-Image-2022-01-28-at-10.56.36-216x160.jpeg",216,160,true],"full":["https:\/\/diariolanoticia.com.mx\/wp-content\/uploads\/2022\/01\/WhatsApp-Image-2022-01-28-at-10.56.36.jpeg",1280,854,false]},"categories_names":{"17":{"name":"Tlaxcala","link":"https:\/\/diariolanoticia.com.mx\/?cat=17"}},"tags_names":[],"comments_number":"0","wpmagazine_modules_lite_featured_media_urls":{"thumbnail":["https:\/\/diariolanoticia.com.mx\/wp-content\/uploads\/2022\/01\/WhatsApp-Image-2022-01-28-at-10.56.36-216x160.jpeg",216,160,true],"cvmm-medium":["https:\/\/diariolanoticia.com.mx\/wp-content\/uploads\/2022\/01\/WhatsApp-Image-2022-01-28-at-10.56.36-300x300.jpeg",300,300,true],"cvmm-medium-plus":["https:\/\/diariolanoticia.com.mx\/wp-content\/uploads\/2022\/01\/WhatsApp-Image-2022-01-28-at-10.56.36-305x207.jpeg",305,207,true],"cvmm-portrait":["https:\/\/diariolanoticia.com.mx\/wp-content\/uploads\/2022\/01\/WhatsApp-Image-2022-01-28-at-10.56.36-400x600.jpeg",400,600,true],"cvmm-medium-square":["https:\/\/diariolanoticia.com.mx\/wp-content\/uploads\/2022\/01\/WhatsApp-Image-2022-01-28-at-10.56.36-600x600.jpeg",600,600,true],"cvmm-large":["https:\/\/diariolanoticia.com.mx\/wp-content\/uploads\/2022\/01\/WhatsApp-Image-2022-01-28-at-10.56.36-1024x854.jpeg",1024,854,true],"cvmm-small":["https:\/\/diariolanoticia.com.mx\/wp-content\/uploads\/2022\/01\/WhatsApp-Image-2022-01-28-at-10.56.36-130x95.jpeg",130,95,true],"full":["https:\/\/diariolanoticia.com.mx\/wp-content\/uploads\/2022\/01\/WhatsApp-Image-2022-01-28-at-10.56.36.jpeg",1280,854,false]},"_links":{"self":[{"href":"https:\/\/diariolanoticia.com.mx\/index.php?rest_route=\/wp\/v2\/posts\/87233","targetHints":{"allow":["GET"]}}],"collection":[{"href":"https:\/\/diariolanoticia.com.mx\/index.php?rest_route=\/wp\/v2\/posts"}],"about":[{"href":"https:\/\/diariolanoticia.com.mx\/index.php?rest_route=\/wp\/v2\/types\/post"}],"author":[{"embeddable":true,"href":"https:\/\/diariolanoticia.com.mx\/index.php?rest_route=\/wp\/v2\/users\/1"}],"replies":[{"embeddable":true,"href":"https:\/\/diariolanoticia.com.mx\/index.php?rest_route=%2Fwp%2Fv2%2Fcomments&post=87233"}],"version-history":[{"count":1,"href":"https:\/\/diariolanoticia.com.mx\/index.php?rest_route=\/wp\/v2\/posts\/87233\/revisions"}],"predecessor-version":[{"id":87235,"href":"https:\/\/diariolanoticia.com.mx\/index.php?rest_route=\/wp\/v2\/posts\/87233\/revisions\/87235"}],"wp:featuredmedia":[{"embeddable":true,"href":"https:\/\/diariolanoticia.com.mx\/index.php?rest_route=\/wp\/v2\/media\/87234"}],"wp:attachment":[{"href":"https:\/\/diariolanoticia.com.mx\/index.php?rest_route=%2Fwp%2Fv2%2Fmedia&parent=87233"}],"wp:term":[{"taxonomy":"category","embeddable":true,"href":"https:\/\/diariolanoticia.com.mx\/index.php?rest_route=%2Fwp%2Fv2%2Fcategories&post=87233"},{"taxonomy":"post_tag","embeddable":true,"href":"https:\/\/diariolanoticia.com.mx\/index.php?rest_route=%2Fwp%2Fv2%2Ftags&post=87233"}],"curies":[{"name":"wp","href":"https:\/\/api.w.org\/{rel}","templated":true}]}}