{"id":87254,"date":"2022-01-28T20:48:00","date_gmt":"2022-01-28T20:48:00","guid":{"rendered":"https:\/\/diariolanoticia.com.mx\/?p=87254"},"modified":"2022-01-28T20:48:01","modified_gmt":"2022-01-28T20:48:01","slug":"plan-de-trabajo-2022-busca-consolidar-cultura-de-la-transparencia-dai-y-pdp-en-tlaxcala-iaip","status":"publish","type":"post","link":"https:\/\/diariolanoticia.com.mx\/?p=87254","title":{"rendered":"Plan de Trabajo 2022, busca consolidar cultura de la transparencia, DAI y PDP en Tlaxcala: IAIP"},"content":{"rendered":"\n<ul class=\"wp-block-list\"><li><em>La presentaci\u00f3n del Plan de Trabajo representa un acto de transparencia que no se reduce al ejercicio de informar al cierre del a\u00f1o.<\/em><\/li><li><em>Habr\u00e1 acompa\u00f1amiento permanente a sujetos obligados.<\/em><\/li><li><em>IAIP integra al DAI con perspectiva de g\u00e9nero.<\/em><\/li><\/ul>\n\n\n\n<p>La Comisionada Presidenta del Instituto de Acceso a la Informaci\u00f3n P\u00fablica y Protecci\u00f3n de Datos Personales (IAIP), Maribel Rodr\u00edguez Piedras, present\u00f3 el Plan de Trabajo 2022, el cual contempla cinco diferentes ejes que marcar\u00e1n la l\u00ednea a seguir en los temas que ocupan las funciones del \u00f3rgano garante en Tlaxcala.&nbsp;<\/p>\n\n\n\n<p>El plan de trabajo para el presente ejercicio busca consolidar las buenas pr\u00e1cticas de ejercicios anteriores, e implementar nuevas estrategias a trav\u00e9s de los ejes de: fortalecimiento institucional; consolidaci\u00f3n de la cultura de gesti\u00f3n documental; socializaci\u00f3n de los derechos que tutela el IAIP Tlaxcala; acompa\u00f1amiento a sujetos obligados y; perspectiva y equidad de g\u00e9nero.<\/p>\n\n\n\n<p>Rodr\u00edguez Piedras apunt\u00f3 que el objetivo central de las actividades que se desarrollar\u00e1n este a\u00f1o consiste en consolidar al IAIP como la instituci\u00f3n que garantiza el ejercicio de los derechos de acceso a la informaci\u00f3n p\u00fablica y protecci\u00f3n de datos personales, generando, as\u00ed, mayor certeza jur\u00eddica al momento de realizar sus funciones constitucional y legalmente encomendadas.<\/p>\n\n\n\n<p>Con base en la exigencia de la sociedad tlaxcalteca para que las autoridades est\u00e9n a la altura de las responsabilidades que tienen asignadas, dijo, el IAIP mantendr\u00e1 apertura institucional para orientar y capacitar sobre las obligaciones que, en los temas de transparencia, tienen que cumplir en el \u00e1mbito de sus facultades.<\/p>\n\n\n\n<p>\u201cEs indispensable llevar a cabo un acompa\u00f1amiento permanente con sujetos obligados, con el objetivo de fortalecer su actuar en el cumplimiento de sus obligaciones en materia de transparencia, protecci\u00f3n de datos personales y archiv\u00edstica, para dar respuesta a las demandas actuales de la ciudadan\u00eda\u201d, anot\u00f3.<\/p>\n\n\n\n<p><strong>DAI con perspectiva de g\u00e9nero<\/strong><\/p>\n\n\n\n<p>Adem\u00e1s, agreg\u00f3 que en la l\u00ednea de que el IAIP Tlaxcala se una al c\u00famulo de instituciones que han dise\u00f1ado acciones en materia de perspectiva y equidad de g\u00e9nero, este a\u00f1o se promover\u00e1 en mayor medida el derecho de acceso a la informaci\u00f3n entre la audiencia femenina con el inter\u00e9s de que conozcan los alcances que \u00e9sta garant\u00eda tiene al momento de ejercerla.<\/p>\n\n\n\n<p>\u201cQue m\u00e1s mujeres conozcan los beneficios que implica su ejercicio, pero sobre todo que lo utilicen como una herramienta de su vida cotidiana para mejorar su entorno y disminuir la brecha de desigualdad entre hombres y mujeres\u201d, explic\u00f3.<\/p>\n\n\n\n<p><strong>IAIP, \u00f3rgano consolidado en autonom\u00eda, confianza y eficacia: SNT<\/strong><\/p>\n\n\n\n<p>En su intervenci\u00f3n, la Coordinadora de los \u00d3rganos Garantes de las Entidades Federativas del Sistema Nacional de Transparencia (SNT), Luz Mar\u00eda Mariscal C\u00e1rdenas, reconoci\u00f3 al IAIP Tlaxcala como un \u00f3rgano que se consolida en su autonom\u00eda, confianza, eficacia y alto valor de servicio social a favor de las personas.<\/p>\n\n\n\n<p>Con la presentaci\u00f3n del plan de trabajo, subray\u00f3, se demuestra la determinaci\u00f3n de honrar la confianza de la sociedad y fortalece el valor institucional que representan los \u00f3rganos aut\u00f3nomos a nivel nacional.<\/p>\n\n\n\n<p>\u201cLa planeaci\u00f3n es una herramienta de vital importancia que contribuye de una manera ordenada y disciplinada a mejorar el desempe\u00f1o e indicadores de nuestros institutos con una visi\u00f3n de resultados y de cumplimiento de objetivos\u201d, indic\u00f3.<\/p>\n\n\n\n<p>En la exposici\u00f3n del plan de trabajo 2022 estuvieron presentes los Comisionados del IAIP Tlaxcala, \u00c1ngel Espinoza Ponce y Didier Fabian L\u00f3pez S\u00e1nchez, quienes respaldaron las actividades que este a\u00f1o se desarrollar\u00e1n en la entidad para promover al Instituto y los derechos que tutela.<\/p>\n\n\n\n<p>Al concluir la actividad y, en el marco del D\u00eda Internacional de la Protecci\u00f3n de Datos Personales, la Comisionada Ciudadana del INFOCDMX, Marina Alicia San Mart\u00edn Rebolloso, dict\u00f3 la conferencia \u201cHerencia Digital\u201d, en la que participaron m\u00e1s de 100 representantes de las unidades de transparencia de diferentes sujetos obligados del estado.<\/p>\n\n\n\n<figure class=\"wp-block-image size-large\"><img loading=\"lazy\" decoding=\"async\" width=\"1024\" height=\"636\" src=\"https:\/\/diariolanoticia.com.mx\/wp-content\/uploads\/2022\/01\/IMG_0986-2-1024x636.jpg\" alt=\"\" class=\"wp-image-87256\" srcset=\"https:\/\/diariolanoticia.com.mx\/wp-content\/uploads\/2022\/01\/IMG_0986-2-1024x636.jpg 1024w, https:\/\/diariolanoticia.com.mx\/wp-content\/uploads\/2022\/01\/IMG_0986-2-300x186.jpg 300w, https:\/\/diariolanoticia.com.mx\/wp-content\/uploads\/2022\/01\/IMG_0986-2-768x477.jpg 768w, https:\/\/diariolanoticia.com.mx\/wp-content\/uploads\/2022\/01\/IMG_0986-2-1536x954.jpg 1536w, https:\/\/diariolanoticia.com.mx\/wp-content\/uploads\/2022\/01\/IMG_0986-2-2048x1272.jpg 2048w\" sizes=\"auto, (max-width: 1024px) 100vw, 1024px\" \/><\/figure>\n","protected":false},"excerpt":{"rendered":"<p>La presentaci\u00f3n del Plan de Trabajo representa un acto de transparencia que no se reduce al ejercicio de informar al cierre del a\u00f1o. Habr\u00e1 acompa\u00f1amiento permanente a sujetos obligados. IAIP integra al DAI con perspectiva de g\u00e9nero. La Comisionada Presidenta del Instituto de Acceso a la Informaci\u00f3n P\u00fablica y Protecci\u00f3n de Datos Personales (IAIP), Maribel [&hellip;]<\/p>\n","protected":false},"author":1,"featured_media":87255,"comment_status":"open","ping_status":"open","sticky":false,"template":"","format":"standard","meta":{"footnotes":""},"categories":[21],"tags":[],"class_list":["post-87254","post","type-post","status-publish","format-standard","has-post-thumbnail","hentry","category-estatal"],"blog_post_layout_featured_media_urls":{"thumbnail":["https:\/\/diariolanoticia.com.mx\/wp-content\/uploads\/2022\/01\/ejes-plan-de-trabajo-216x160.png",216,160,true],"full":["https:\/\/diariolanoticia.com.mx\/wp-content\/uploads\/2022\/01\/ejes-plan-de-trabajo.png",2304,1728,false]},"categories_names":{"21":{"name":"Estatal","link":"https:\/\/diariolanoticia.com.mx\/?cat=21"}},"tags_names":[],"comments_number":"0","wpmagazine_modules_lite_featured_media_urls":{"thumbnail":["https:\/\/diariolanoticia.com.mx\/wp-content\/uploads\/2022\/01\/ejes-plan-de-trabajo-216x160.png",216,160,true],"cvmm-medium":["https:\/\/diariolanoticia.com.mx\/wp-content\/uploads\/2022\/01\/ejes-plan-de-trabajo-300x300.png",300,300,true],"cvmm-medium-plus":["https:\/\/diariolanoticia.com.mx\/wp-content\/uploads\/2022\/01\/ejes-plan-de-trabajo-305x207.png",305,207,true],"cvmm-portrait":["https:\/\/diariolanoticia.com.mx\/wp-content\/uploads\/2022\/01\/ejes-plan-de-trabajo-400x600.png",400,600,true],"cvmm-medium-square":["https:\/\/diariolanoticia.com.mx\/wp-content\/uploads\/2022\/01\/ejes-plan-de-trabajo-600x600.png",600,600,true],"cvmm-large":["https:\/\/diariolanoticia.com.mx\/wp-content\/uploads\/2022\/01\/ejes-plan-de-trabajo-1024x1024.png",1024,1024,true],"cvmm-small":["https:\/\/diariolanoticia.com.mx\/wp-content\/uploads\/2022\/01\/ejes-plan-de-trabajo-130x95.png",130,95,true],"full":["https:\/\/diariolanoticia.com.mx\/wp-content\/uploads\/2022\/01\/ejes-plan-de-trabajo.png",2304,1728,false]},"_links":{"self":[{"href":"https:\/\/diariolanoticia.com.mx\/index.php?rest_route=\/wp\/v2\/posts\/87254","targetHints":{"allow":["GET"]}}],"collection":[{"href":"https:\/\/diariolanoticia.com.mx\/index.php?rest_route=\/wp\/v2\/posts"}],"about":[{"href":"https:\/\/diariolanoticia.com.mx\/index.php?rest_route=\/wp\/v2\/types\/post"}],"author":[{"embeddable":true,"href":"https:\/\/diariolanoticia.com.mx\/index.php?rest_route=\/wp\/v2\/users\/1"}],"replies":[{"embeddable":true,"href":"https:\/\/diariolanoticia.com.mx\/index.php?rest_route=%2Fwp%2Fv2%2Fcomments&post=87254"}],"version-history":[{"count":1,"href":"https:\/\/diariolanoticia.com.mx\/index.php?rest_route=\/wp\/v2\/posts\/87254\/revisions"}],"predecessor-version":[{"id":87257,"href":"https:\/\/diariolanoticia.com.mx\/index.php?rest_route=\/wp\/v2\/posts\/87254\/revisions\/87257"}],"wp:featuredmedia":[{"embeddable":true,"href":"https:\/\/diariolanoticia.com.mx\/index.php?rest_route=\/wp\/v2\/media\/87255"}],"wp:attachment":[{"href":"https:\/\/diariolanoticia.com.mx\/index.php?rest_route=%2Fwp%2Fv2%2Fmedia&parent=87254"}],"wp:term":[{"taxonomy":"category","embeddable":true,"href":"https:\/\/diariolanoticia.com.mx\/index.php?rest_route=%2Fwp%2Fv2%2Fcategories&post=87254"},{"taxonomy":"post_tag","embeddable":true,"href":"https:\/\/diariolanoticia.com.mx\/index.php?rest_route=%2Fwp%2Fv2%2Ftags&post=87254"}],"curies":[{"name":"wp","href":"https:\/\/api.w.org\/{rel}","templated":true}]}}