{"id":87505,"date":"2022-02-01T21:58:48","date_gmt":"2022-02-01T21:58:48","guid":{"rendered":"https:\/\/diariolanoticia.com.mx\/?p=87505"},"modified":"2022-02-01T21:58:48","modified_gmt":"2022-02-01T21:58:48","slug":"con-apoyo-del-patronato-sedif-amplia-casa-de-angeles-revela-orozco-caballero","status":"publish","type":"post","link":"https:\/\/diariolanoticia.com.mx\/?p=87505","title":{"rendered":"Con apoyo del Patronato, SEDIF ampl\u00eda Casa de \u00c1ngeles, revela Orozco Caballero"},"content":{"rendered":"\n<p>\ud83d\udd39 La presidenta honoraria dio a conocer que esta obra en breve ser\u00e1 inaugurada y mejorar\u00e1 las condiciones de las personas con discapacidad<\/p>\n\n\n\n<p>CIUDAD DE PUEBLA, Pue. &#8211; Con el apoyo del Patronato del Sistema para el Desarrollo Integral de la Familia del Estado de Puebla (SEDIF), el organismo realiza trabajos de ampliaci\u00f3n en Casa de \u00c1ngeles, cuya obra, en breve, ser\u00e1 inaugurada con el fin de mejorar las condiciones de las personas con discapacidad que est\u00e1n alojadas en este sitio.<\/p>\n\n\n\n<p>Lo anterior fue informado por la presidenta honoraria del Patronato del SEDIF, Rosario Orozco Caballero, durante la entrega de una obra de arte, producto de un sorteo y una donaci\u00f3n ciudadana, para impulsar la educaci\u00f3n de un menor de edad.<br \/>En este evento realizado en Casa Aguayo, tambi\u00e9n coment\u00f3 que en la Casa del Adolescente fueron implementados nuevos talleres, con el objetivo de que los menores de edad aprendan oficios y \u00e9stos les sean \u00fatiles cuando egresen de dichas estancias.<\/p>\n\n\n\n<p>Orozco Caballero convoc\u00f3 a las y los integrantes del Patronato a trabajar para recaudar fondos, a fin de apoyar a m\u00e1s personas en situaci\u00f3n vulnerable como es el caso de los aparatos auditivos especiales \u2013cocleares-, los cuales han cambiado la vida de familias poblanas de diferentes municipios.<\/p>\n\n\n\n<p>Por su parte, el rector de la Universidad Iberoamericana y vocal del Patronato del SEDIF, Mario Ernesto Patr\u00f3n S\u00e1nchez, reconoci\u00f3 la labor del organismo por generar justicia social; mientras que otra integrante del Patronato, Araceli Morales Bojalil, destac\u00f3 que todos los apoyos que se han entregado en la actual administraci\u00f3n son producto del trabajo que ha instruido el gobernador Miguel Barbosa Huerta y la se\u00f1ora Rosario Orozco Caballero.<\/p>\n\n\n\n<p>Al evento tambi\u00e9n asistieron la directora general del SEDIF, Leonor Vargas Gallegos; la titular de la Unidad de Apoyo Ejecutivo y Vinculaci\u00f3n Social, Cindy Jim\u00e9nez Lozada y miembros del Patronato como Mar\u00eda Alejandra Narv\u00e1ez Morales, Antonia Soberanis Arregu\u00edn, Mar\u00eda Guadalupe Manjarrez Le\u00f3n y Elsa Mar\u00eda Colinas Alvarado.<\/p>\n","protected":false},"excerpt":{"rendered":"<p>\ud83d\udd39 La presidenta honoraria dio a conocer que esta obra en breve ser\u00e1 inaugurada y mejorar\u00e1 las condiciones de las personas con discapacidad CIUDAD DE PUEBLA, Pue. &#8211; Con el apoyo del Patronato del Sistema para el Desarrollo Integral de la Familia del Estado de Puebla (SEDIF), el organismo realiza trabajos de ampliaci\u00f3n en Casa [&hellip;]<\/p>\n","protected":false},"author":1,"featured_media":87504,"comment_status":"open","ping_status":"open","sticky":false,"template":"","format":"standard","meta":{"footnotes":""},"categories":[20],"tags":[52],"class_list":["post-87505","post","type-post","status-publish","format-standard","has-post-thumbnail","hentry","category-norte-de-puebla","tag-puebla"],"blog_post_layout_featured_media_urls":{"thumbnail":["https:\/\/diariolanoticia.com.mx\/wp-content\/uploads\/2022\/02\/img_6519-216x160.jpg",216,160,true],"full":["https:\/\/diariolanoticia.com.mx\/wp-content\/uploads\/2022\/02\/img_6519.jpg",1500,1000,false]},"categories_names":{"20":{"name":"Norte de Puebla","link":"https:\/\/diariolanoticia.com.mx\/?cat=20"}},"tags_names":{"52":{"name":"Puebla","link":"https:\/\/diariolanoticia.com.mx\/?tag=puebla"}},"comments_number":"0","wpmagazine_modules_lite_featured_media_urls":{"thumbnail":["https:\/\/diariolanoticia.com.mx\/wp-content\/uploads\/2022\/02\/img_6519-216x160.jpg",216,160,true],"cvmm-medium":["https:\/\/diariolanoticia.com.mx\/wp-content\/uploads\/2022\/02\/img_6519-300x300.jpg",300,300,true],"cvmm-medium-plus":["https:\/\/diariolanoticia.com.mx\/wp-content\/uploads\/2022\/02\/img_6519-305x207.jpg",305,207,true],"cvmm-portrait":["https:\/\/diariolanoticia.com.mx\/wp-content\/uploads\/2022\/02\/img_6519-400x600.jpg",400,600,true],"cvmm-medium-square":["https:\/\/diariolanoticia.com.mx\/wp-content\/uploads\/2022\/02\/img_6519-600x600.jpg",600,600,true],"cvmm-large":["https:\/\/diariolanoticia.com.mx\/wp-content\/uploads\/2022\/02\/img_6519-1024x1000.jpg",1024,1000,true],"cvmm-small":["https:\/\/diariolanoticia.com.mx\/wp-content\/uploads\/2022\/02\/img_6519-130x95.jpg",130,95,true],"full":["https:\/\/diariolanoticia.com.mx\/wp-content\/uploads\/2022\/02\/img_6519.jpg",1500,1000,false]},"_links":{"self":[{"href":"https:\/\/diariolanoticia.com.mx\/index.php?rest_route=\/wp\/v2\/posts\/87505","targetHints":{"allow":["GET"]}}],"collection":[{"href":"https:\/\/diariolanoticia.com.mx\/index.php?rest_route=\/wp\/v2\/posts"}],"about":[{"href":"https:\/\/diariolanoticia.com.mx\/index.php?rest_route=\/wp\/v2\/types\/post"}],"author":[{"embeddable":true,"href":"https:\/\/diariolanoticia.com.mx\/index.php?rest_route=\/wp\/v2\/users\/1"}],"replies":[{"embeddable":true,"href":"https:\/\/diariolanoticia.com.mx\/index.php?rest_route=%2Fwp%2Fv2%2Fcomments&post=87505"}],"version-history":[{"count":1,"href":"https:\/\/diariolanoticia.com.mx\/index.php?rest_route=\/wp\/v2\/posts\/87505\/revisions"}],"predecessor-version":[{"id":87506,"href":"https:\/\/diariolanoticia.com.mx\/index.php?rest_route=\/wp\/v2\/posts\/87505\/revisions\/87506"}],"wp:featuredmedia":[{"embeddable":true,"href":"https:\/\/diariolanoticia.com.mx\/index.php?rest_route=\/wp\/v2\/media\/87504"}],"wp:attachment":[{"href":"https:\/\/diariolanoticia.com.mx\/index.php?rest_route=%2Fwp%2Fv2%2Fmedia&parent=87505"}],"wp:term":[{"taxonomy":"category","embeddable":true,"href":"https:\/\/diariolanoticia.com.mx\/index.php?rest_route=%2Fwp%2Fv2%2Fcategories&post=87505"},{"taxonomy":"post_tag","embeddable":true,"href":"https:\/\/diariolanoticia.com.mx\/index.php?rest_route=%2Fwp%2Fv2%2Ftags&post=87505"}],"curies":[{"name":"wp","href":"https:\/\/api.w.org\/{rel}","templated":true}]}}