{"id":87637,"date":"2022-02-02T23:09:23","date_gmt":"2022-02-02T23:09:23","guid":{"rendered":"https:\/\/diariolanoticia.com.mx\/?p=87637"},"modified":"2022-02-02T23:09:25","modified_gmt":"2022-02-02T23:09:25","slug":"tlaxcala-celebrara-centenario-del-muralista-desiderio-hernandez-xochitiotzin","status":"publish","type":"post","link":"https:\/\/diariolanoticia.com.mx\/?p=87637","title":{"rendered":"Tlaxcala celebrar\u00e1 centenario del muralista Desiderio Hern\u00e1ndez  Xochitiotzin"},"content":{"rendered":"\n<p>*Coloquios, ponencias y exposici\u00f3n, ser\u00e1n algunas de las actividades culturales contempladas en el homenaje dedicado al artista tlaxcalteca<\/p>\n\n\n\n<p>El Gobierno del Estado, a trav\u00e9s de la Secretar\u00eda de Cultura de Tlaxcala (SC), en coordinaci\u00f3n con el Gobierno de Puebla y la Fundaci\u00f3n \u201cDesiderio Hern\u00e1ndez Xochitiotzin\u201d, celebrar\u00e1 el centenario del \u00faltimo gran muralista mexicano.<\/p>\n\n\n\n<p>El secretario de Cultura en Tlaxcala, Antonio Mart\u00ednez Vel\u00e1zquez resalt\u00f3 que la preservaci\u00f3n y difusi\u00f3n del patrimonio cultural del estado es un compromiso de la gobernadora Lorena Cu\u00e9llar Cisneros; por ello, del 9 al 12 de febrero se han programado diversas actividades en honor al ilustre muralista mexicano, de origen tlaxcalteca, que interpret\u00f3 la historia de su pueblo.<\/p>\n\n\n\n<p>\u201cLa gobernadora Lorena Cu\u00e9llar nos ha instruido para que la obra del maestro sea valorada a nivel local, nacional e internacional, pues representa uno de los mayores legados de identidad para las y los tlaxcaltecas\u201d, enfatiz\u00f3.<\/p>\n\n\n\n<p>La presidenta de la Fundaci\u00f3n Desiderio Hern\u00e1ndez Xochitiotzin, Citlalli H. Xochitiotzin agradeci\u00f3 al gobierno estatal, a la SC y al Congreso local por sumar esfuerzos para honrar la memoria de un personaje destacado en la historia de Tlaxcala.<\/p>\n\n\n\n<p>Agreg\u00f3 que con esta celebraci\u00f3n se difunde el legado del maestro Xochitiotzin a nivel nacional e internacional, qui\u00e9n a trav\u00e9s de su obra busc\u00f3 generar un proyecto de pacificaci\u00f3n y de transformaci\u00f3n social a trav\u00e9s de la resiliencia para el pueblo de Tlaxcala.<\/p>\n\n\n\n<p>Por ello, y como parte del centenario, en abril se presentar\u00e1n los tomos 4 y 5 de la biograf\u00eda del artista, mientras que el pr\u00f3ximo 3 de mayo se inaugurar\u00e1 la exposici\u00f3n \u201cDesiderio Hern\u00e1ndez Xochitiotzin. Memoria de Dos Mundos, Cien A\u00f1os de su Nacimiento\u201d, en el Museo Regional de Cholula, Puebla; tambi\u00e9n se presentar\u00e1 la exposici\u00f3n \u201cRetrospectiva de un Tlacuilo, Desiderio Hern\u00e1ndez Xochitiotzin\u201d, en el Complejo Cultural Los Pinos de la Ciudad de M\u00e9xico, a partir del 3 de septiembre, y la entrega de la presea de la Fundaci\u00f3n el 14 de ese mes.<\/p>\n\n\n\n<p>En este sentido, indic\u00f3 que con la exposici\u00f3n \u201cUmbrales de Xochitiotzin. Centenario del \u00faltimo de los grandes muralistas\u201d, la vida y obra del maestro tendr\u00e1 presencia en uno de los espacios m\u00e1s representativos del pa\u00eds.<\/p>\n\n\n\n<p>La inauguraci\u00f3n se realizar\u00e1 el pr\u00f3ximo 12 de febrero a las 18:00 horas en sal\u00f3n de la Pl\u00e1stica Mexicana, Ciudad de M\u00e9xico, la cual muestra 120 piezas art\u00edsticas de mediano formato; una muestra que contempla pinturas, dibujos, grabados y documentos.<\/p>\n\n\n\n<p>Antes, del 9 al 11 de febrero se llevar\u00e1n a cabo 20 ponencias con igual n\u00famero de acad\u00e9micos y especialistas en la materia, quienes compartir\u00e1n experiencias, conocimientos e investigaciones sobre la participaci\u00f3n del maestro Desiderio Hern\u00e1ndez Xochitiotzin en el muralismo mexicano.<\/p>\n\n\n\n<p>El coloquio correr\u00e1 a cargo de especialistas como Jaime A. Morera y Gonz\u00e1lez, Nuria Rangel Germ\u00e1n, Juan Carlos Ramos Mora, Mariana Herrera Molina, Oralia Ram\u00edrez S\u00e1nchez, Eva S\u00e1nchez Alderete, Mitlzin Sarmiento Xochitiotzin, Luis Manuel V\u00e1zquez Morales, Gloria A. Tirado Villegas, Eduardo Merlo Ju\u00e1rez, Carlos\u2013Blas Galindo Mendoza, Luis Mart\u00ednez Garc\u00eda, Lydia Garc\u00eda Vargas, Citlalli H. Xochitiotzin Ortega, Manuel Aguilar Moreno, Guillermina Guadarrama Pe\u00f1a, Beatriz Espejo, Alejandra Moreno Toscano, Sergio Arturo de la Luz Vergara Berdejo y Laura Gonz\u00e1lez Matute.<\/p>\n\n\n\n<p>De esta manera, el mi\u00e9rcoles 9 de febrero, al interior del Palacio de Gobierno de Tlaxcala, tendr\u00e1n lugar las ponencias \u201cXochitiotzin, la pintura como narrativa hist\u00f3rica\u201d, \u201cDocumentos sobre la vida, comida y la muerte en la obra de caballete del maestro Desiderio Hern\u00e1ndez Xochitiotzin\u201d, \u201cOralidad tras la obra pict\u00f3rica de Desiderio Hern\u00e1ndez Xochitiotzin\u201d, \u201cIconograf\u00eda, iconolog\u00eda, s\u00edmbolo y simbolismo sobre aspectos de la pintura de caballete del maestro Desiderio Hern\u00e1ndez Xochitiotzin\u201d, \u201cLa tlaxcaltequeidad como eje transversal identitario en la obra del maestro Desiderio Hern\u00e1ndez Xochitiotzin\u201d, \u201cIdentidad y mestizaje desde los ojos de Desiderio Hern\u00e1ndez Xochitiotzin\u201d, \u201cDivulgar la historia: entre la biograf\u00eda y la obra de Xochitiotzin. Proyecto editorial\u201d y \u201cLa imagen de la conquista en los murales del maestro Desiderio Hern\u00e1ndez Xochitiotzin\u201d.<\/p>\n\n\n\n<p>Asimismo, para el d\u00eda jueves 10 de febrero en la Casa de Cultura de Puebla, se realizar\u00e1n las ponencias: \u201cEl gran legado del maestro Desiderio Hern\u00e1ndez Xochitiotzin\u201d, \u201cXochitiotzin en el mundo prehisp\u00e1nico\u201d, \u201cEl lugar privilegiado de Desiderio Hern\u00e1ndez Xochitiotzin en la historia del arte mexicano\u201d, \u201cDesiderio Hern\u00e1ndez Xochitiotzin: algunos aspectos del humanista\u201d, \u201cDesiderio Hern\u00e1ndez Xochitiotzin, constructor de una hermosa y colorida historia\u201d y \u201cEntre dos realidades Desiderio Hern\u00e1ndez Xochitiotzin\u201d.<\/p>\n\n\n\n<p>Por \u00faltimo, el viernes 11 de febrero en el Museo Nacional de Antropolog\u00eda, \u201cAuditorio Jaime Torres Bodet\u201d, se han programado las ponencias tituladas \u201cEl peregrino: De Giotto a Xochitiotzin\u201d, \u201cUna protesta en silencio\u201d, \u201cDesiderio Hern\u00e1ndez Xochitiotzin y la empresa de su vida\u201d, \u201cUna conversaci\u00f3n alrededor de la teor\u00eda del paisaje mexicano\u201d, \u201cDesiderio Hern\u00e1ndez Xochitiotzin. Una historia de vida\u201d; as\u00ed como \u201cUn centenario\u2013Un encuentro. Primeros muralistas y Desiderio Hern\u00e1ndez Xochitiotzin. 1922-2022\u201d.<\/p>\n\n\n\n<p>La programaci\u00f3n general del Centenario se podr\u00e1 consultar a trav\u00e9s de la p\u00e1gina oficial de la SC, as\u00ed como en la Fanpage de la Fundaci\u00f3n \u201cDesiderio Hern\u00e1ndez Xochitiotzin\u201d.<\/p>\n","protected":false},"excerpt":{"rendered":"<p>*Coloquios, ponencias y exposici\u00f3n, ser\u00e1n algunas de las actividades culturales contempladas en el homenaje dedicado al artista tlaxcalteca El Gobierno del Estado, a trav\u00e9s de la Secretar\u00eda de Cultura de Tlaxcala (SC), en coordinaci\u00f3n con el Gobierno de Puebla y la Fundaci\u00f3n \u201cDesiderio Hern\u00e1ndez Xochitiotzin\u201d, celebrar\u00e1 el centenario del \u00faltimo gran muralista mexicano. El secretario [&hellip;]<\/p>\n","protected":false},"author":1,"featured_media":87638,"comment_status":"open","ping_status":"open","sticky":false,"template":"","format":"standard","meta":{"footnotes":""},"categories":[21],"tags":[],"class_list":["post-87637","post","type-post","status-publish","format-standard","has-post-thumbnail","hentry","category-estatal"],"blog_post_layout_featured_media_urls":{"thumbnail":["https:\/\/diariolanoticia.com.mx\/wp-content\/uploads\/2022\/02\/90F747A1-628D-47B1-9EE1-FA208FA186F3-216x160.jpeg",216,160,true],"full":["https:\/\/diariolanoticia.com.mx\/wp-content\/uploads\/2022\/02\/90F747A1-628D-47B1-9EE1-FA208FA186F3.jpeg",1280,853,false]},"categories_names":{"21":{"name":"Estatal","link":"https:\/\/diariolanoticia.com.mx\/?cat=21"}},"tags_names":[],"comments_number":"0","wpmagazine_modules_lite_featured_media_urls":{"thumbnail":["https:\/\/diariolanoticia.com.mx\/wp-content\/uploads\/2022\/02\/90F747A1-628D-47B1-9EE1-FA208FA186F3-216x160.jpeg",216,160,true],"cvmm-medium":["https:\/\/diariolanoticia.com.mx\/wp-content\/uploads\/2022\/02\/90F747A1-628D-47B1-9EE1-FA208FA186F3-300x300.jpeg",300,300,true],"cvmm-medium-plus":["https:\/\/diariolanoticia.com.mx\/wp-content\/uploads\/2022\/02\/90F747A1-628D-47B1-9EE1-FA208FA186F3-305x207.jpeg",305,207,true],"cvmm-portrait":["https:\/\/diariolanoticia.com.mx\/wp-content\/uploads\/2022\/02\/90F747A1-628D-47B1-9EE1-FA208FA186F3-400x600.jpeg",400,600,true],"cvmm-medium-square":["https:\/\/diariolanoticia.com.mx\/wp-content\/uploads\/2022\/02\/90F747A1-628D-47B1-9EE1-FA208FA186F3-600x600.jpeg",600,600,true],"cvmm-large":["https:\/\/diariolanoticia.com.mx\/wp-content\/uploads\/2022\/02\/90F747A1-628D-47B1-9EE1-FA208FA186F3-1024x853.jpeg",1024,853,true],"cvmm-small":["https:\/\/diariolanoticia.com.mx\/wp-content\/uploads\/2022\/02\/90F747A1-628D-47B1-9EE1-FA208FA186F3-130x95.jpeg",130,95,true],"full":["https:\/\/diariolanoticia.com.mx\/wp-content\/uploads\/2022\/02\/90F747A1-628D-47B1-9EE1-FA208FA186F3.jpeg",1280,853,false]},"_links":{"self":[{"href":"https:\/\/diariolanoticia.com.mx\/index.php?rest_route=\/wp\/v2\/posts\/87637","targetHints":{"allow":["GET"]}}],"collection":[{"href":"https:\/\/diariolanoticia.com.mx\/index.php?rest_route=\/wp\/v2\/posts"}],"about":[{"href":"https:\/\/diariolanoticia.com.mx\/index.php?rest_route=\/wp\/v2\/types\/post"}],"author":[{"embeddable":true,"href":"https:\/\/diariolanoticia.com.mx\/index.php?rest_route=\/wp\/v2\/users\/1"}],"replies":[{"embeddable":true,"href":"https:\/\/diariolanoticia.com.mx\/index.php?rest_route=%2Fwp%2Fv2%2Fcomments&post=87637"}],"version-history":[{"count":1,"href":"https:\/\/diariolanoticia.com.mx\/index.php?rest_route=\/wp\/v2\/posts\/87637\/revisions"}],"predecessor-version":[{"id":87639,"href":"https:\/\/diariolanoticia.com.mx\/index.php?rest_route=\/wp\/v2\/posts\/87637\/revisions\/87639"}],"wp:featuredmedia":[{"embeddable":true,"href":"https:\/\/diariolanoticia.com.mx\/index.php?rest_route=\/wp\/v2\/media\/87638"}],"wp:attachment":[{"href":"https:\/\/diariolanoticia.com.mx\/index.php?rest_route=%2Fwp%2Fv2%2Fmedia&parent=87637"}],"wp:term":[{"taxonomy":"category","embeddable":true,"href":"https:\/\/diariolanoticia.com.mx\/index.php?rest_route=%2Fwp%2Fv2%2Fcategories&post=87637"},{"taxonomy":"post_tag","embeddable":true,"href":"https:\/\/diariolanoticia.com.mx\/index.php?rest_route=%2Fwp%2Fv2%2Ftags&post=87637"}],"curies":[{"name":"wp","href":"https:\/\/api.w.org\/{rel}","templated":true}]}}