{"id":87924,"date":"2022-02-08T21:17:35","date_gmt":"2022-02-08T21:17:35","guid":{"rendered":"https:\/\/diariolanoticia.com.mx\/?p=87924"},"modified":"2022-02-08T21:17:36","modified_gmt":"2022-02-08T21:17:36","slug":"elementos-de-bomberos-sofocaron-incendio-de-una-unidad","status":"publish","type":"post","link":"https:\/\/diariolanoticia.com.mx\/?p=87924","title":{"rendered":"Elementos de bomberos sofocaron incendio de una unidad"},"content":{"rendered":"\n<p>\u2022&nbsp;&nbsp;&nbsp;&nbsp;&nbsp;&nbsp;&nbsp;&nbsp;Elementos de la SSC brindaron la atenci\u00f3n necesaria para extinguir las llamas de una unidad en Yauhquemehcan.&nbsp;<\/p>\n\n\n\n<p>La Secretar\u00eda de Seguridad Ciudadana (SSC) a trav\u00e9s del Heroico Cuerpo de Bomberos, sofoc\u00f3 el incendio de un veh\u00edculo.&nbsp;&nbsp;<\/p>\n\n\n\n<p>Est\u00e1 acci\u00f3n se deriv\u00f3 luego de que un veh\u00edculo presentara una falla mec\u00e1nica ocasionando que este se prendiera fuego y quedara varado en carretera Apizaco-Tlaxcala a la altura de los puentes de Atlihuetzia del municipio de Yauhquemehcan;&nbsp;&nbsp;por lo que elementos de Bomberos se trasladaron al lugar para controlar el incendio de la unidad, donde solo resultaron da\u00f1os materiales.&nbsp;<\/p>\n\n\n\n<p>Cabe mencionar que al lugar acudi\u00f3 la Polic\u00eda Municipal qui\u00e9nes acordonaron la zona para evitar incidentes, al mismo tiempo brindaron los se\u00f1alamientos correspondientes para no afectar la vialidad de los conductores.&nbsp;&nbsp;La SSC hace un llamado a la ciudadan\u00eda a revisar peri\u00f3dicamente el funcionamiento de sus veh\u00edculos, a fin de evitar alg\u00fan accidente que ponga en riesgo la integridad f\u00edsica de las personas y bienes materiales.<\/p>\n","protected":false},"excerpt":{"rendered":"<p>\u2022&nbsp;&nbsp;&nbsp;&nbsp;&nbsp;&nbsp;&nbsp;&nbsp;Elementos de la SSC brindaron la atenci\u00f3n necesaria para extinguir las llamas de una unidad en Yauhquemehcan.&nbsp; La Secretar\u00eda de Seguridad Ciudadana (SSC) a trav\u00e9s del Heroico Cuerpo de Bomberos, sofoc\u00f3 el incendio de un veh\u00edculo.&nbsp;&nbsp; Est\u00e1 acci\u00f3n se deriv\u00f3 luego de que un veh\u00edculo presentara una falla mec\u00e1nica ocasionando que este se prendiera fuego [&hellip;]<\/p>\n","protected":false},"author":1,"featured_media":87925,"comment_status":"open","ping_status":"open","sticky":false,"template":"","format":"standard","meta":{"footnotes":""},"categories":[11],"tags":[],"class_list":["post-87924","post","type-post","status-publish","format-standard","has-post-thumbnail","hentry","category-policia"],"blog_post_layout_featured_media_urls":{"thumbnail":["https:\/\/diariolanoticia.com.mx\/wp-content\/uploads\/2022\/02\/BOMBEROS-1-216x160.jpeg",216,160,true],"full":["https:\/\/diariolanoticia.com.mx\/wp-content\/uploads\/2022\/02\/BOMBEROS-1.jpeg",1200,1600,false]},"categories_names":{"11":{"name":"Polic\u00eda","link":"https:\/\/diariolanoticia.com.mx\/?cat=11"}},"tags_names":[],"comments_number":"0","wpmagazine_modules_lite_featured_media_urls":{"thumbnail":["https:\/\/diariolanoticia.com.mx\/wp-content\/uploads\/2022\/02\/BOMBEROS-1-216x160.jpeg",216,160,true],"cvmm-medium":["https:\/\/diariolanoticia.com.mx\/wp-content\/uploads\/2022\/02\/BOMBEROS-1-300x300.jpeg",300,300,true],"cvmm-medium-plus":["https:\/\/diariolanoticia.com.mx\/wp-content\/uploads\/2022\/02\/BOMBEROS-1-305x207.jpeg",305,207,true],"cvmm-portrait":["https:\/\/diariolanoticia.com.mx\/wp-content\/uploads\/2022\/02\/BOMBEROS-1-400x600.jpeg",400,600,true],"cvmm-medium-square":["https:\/\/diariolanoticia.com.mx\/wp-content\/uploads\/2022\/02\/BOMBEROS-1-600x600.jpeg",600,600,true],"cvmm-large":["https:\/\/diariolanoticia.com.mx\/wp-content\/uploads\/2022\/02\/BOMBEROS-1-1024x1024.jpeg",1024,1024,true],"cvmm-small":["https:\/\/diariolanoticia.com.mx\/wp-content\/uploads\/2022\/02\/BOMBEROS-1-130x95.jpeg",130,95,true],"full":["https:\/\/diariolanoticia.com.mx\/wp-content\/uploads\/2022\/02\/BOMBEROS-1.jpeg",1200,1600,false]},"_links":{"self":[{"href":"https:\/\/diariolanoticia.com.mx\/index.php?rest_route=\/wp\/v2\/posts\/87924","targetHints":{"allow":["GET"]}}],"collection":[{"href":"https:\/\/diariolanoticia.com.mx\/index.php?rest_route=\/wp\/v2\/posts"}],"about":[{"href":"https:\/\/diariolanoticia.com.mx\/index.php?rest_route=\/wp\/v2\/types\/post"}],"author":[{"embeddable":true,"href":"https:\/\/diariolanoticia.com.mx\/index.php?rest_route=\/wp\/v2\/users\/1"}],"replies":[{"embeddable":true,"href":"https:\/\/diariolanoticia.com.mx\/index.php?rest_route=%2Fwp%2Fv2%2Fcomments&post=87924"}],"version-history":[{"count":1,"href":"https:\/\/diariolanoticia.com.mx\/index.php?rest_route=\/wp\/v2\/posts\/87924\/revisions"}],"predecessor-version":[{"id":87926,"href":"https:\/\/diariolanoticia.com.mx\/index.php?rest_route=\/wp\/v2\/posts\/87924\/revisions\/87926"}],"wp:featuredmedia":[{"embeddable":true,"href":"https:\/\/diariolanoticia.com.mx\/index.php?rest_route=\/wp\/v2\/media\/87925"}],"wp:attachment":[{"href":"https:\/\/diariolanoticia.com.mx\/index.php?rest_route=%2Fwp%2Fv2%2Fmedia&parent=87924"}],"wp:term":[{"taxonomy":"category","embeddable":true,"href":"https:\/\/diariolanoticia.com.mx\/index.php?rest_route=%2Fwp%2Fv2%2Fcategories&post=87924"},{"taxonomy":"post_tag","embeddable":true,"href":"https:\/\/diariolanoticia.com.mx\/index.php?rest_route=%2Fwp%2Fv2%2Ftags&post=87924"}],"curies":[{"name":"wp","href":"https:\/\/api.w.org\/{rel}","templated":true}]}}