{"id":88351,"date":"2022-02-16T18:17:55","date_gmt":"2022-02-16T18:17:55","guid":{"rendered":"https:\/\/diariolanoticia.com.mx\/?p=88351"},"modified":"2022-02-16T18:17:54","modified_gmt":"2022-02-16T18:17:54","slug":"tiene-puebla-capacidad-para-atender-la-cresta-de-contagios-covid-19-mbh","status":"publish","type":"post","link":"https:\/\/diariolanoticia.com.mx\/?p=88351","title":{"rendered":"Tiene Puebla capacidad para atender la cresta de contagios COVID-19: MBH"},"content":{"rendered":"\n<p>\ud83d\udd39 El gobernador indic\u00f3 que existen las camas y los medicamentos suficientes para hacerle frente a la enfermedad<\/p>\n\n\n\n<p>CIUDAD DE PUEBLA, Pue.- El sistema hospitalario de Puebla tiene la capacidad para atender la cresta de personas contagiadas de COVID- 19, como parte de la cuarta ola de esta pandemia, afirm\u00f3 el gobernador Miguel Barbosa Huerta.<\/p>\n\n\n\n<p>Abund\u00f3, en la habitual videoconferencia de prensa que ofrece desde Casa Aguayo, que existen suficientes camas para hospitalizar a aquellas personas infectadas de coronavirus que lo requieran, as\u00ed como el medicamento para atender y darle seguimiento a los pacientes ambulatorios.<\/p>\n\n\n\n<p>Al respecto, el secretario de Salud, Jos\u00e9 Antonio Mart\u00ednez Garc\u00eda explic\u00f3 que la capacidad hospitalaria de Puebla, es decir, el n\u00famero de camas censables con las que se cuentan en la entidad para atender a pacientes con coronavirus, es mayor a la reportada a la federaci\u00f3n.<\/p>\n\n\n\n<p>En ese sentido, explic\u00f3 que el n\u00famero de camas disponibles reportado depende de la demanda del servicio, lo cual no significa que esa sea la capacidad total.<\/p>\n\n\n\n<p>A\u00f1adi\u00f3 que Puebla tiene dadas de alta a nivel federal un total de 254 camas, pero tan solo los servicios de salud tienen una disponibilidad de 805, n\u00famero al que se deben de sumar las del IMSS, ISSSTE e ISSSTEP; de tal suerte que la ocupaci\u00f3n actual y real es de tan solo el 15 por ciento.<\/p>\n\n\n\n<p><strong>BARBOSA HUERTA LLAMA A LA POBLACI\u00d3N A SEGUIR VACUN\u00c1NDOSE<\/strong><\/p>\n\n\n\n<p>Barbosa Huerta aprovech\u00f3 la ocasi\u00f3n para hacer un llamado a las y los poblanos de los sectores de edad que se est\u00e1n vacunando, a que acudan a aplicarse el biol\u00f3gico contra esta enfermedad en las jornadas desplegadas en el territorio poblano.<\/p>\n\n\n\n<p>Este exhorto lo aterriz\u00f3 a las y los maestros, a fin de que contin\u00faen inmuniz\u00e1ndose y de esta forma poder concretar el regreso presencial a las instituciones educativas.<\/p>\n","protected":false},"excerpt":{"rendered":"<p>\ud83d\udd39 El gobernador indic\u00f3 que existen las camas y los medicamentos suficientes para hacerle frente a la enfermedad CIUDAD DE PUEBLA, Pue.- El sistema hospitalario de Puebla tiene la capacidad para atender la cresta de personas contagiadas de COVID- 19, como parte de la cuarta ola de esta pandemia, afirm\u00f3 el gobernador Miguel Barbosa Huerta. [&hellip;]<\/p>\n","protected":false},"author":1,"featured_media":88350,"comment_status":"open","ping_status":"open","sticky":false,"template":"","format":"standard","meta":{"footnotes":""},"categories":[20],"tags":[52],"class_list":["post-88351","post","type-post","status-publish","format-standard","has-post-thumbnail","hentry","category-norte-de-puebla","tag-puebla"],"blog_post_layout_featured_media_urls":{"thumbnail":["https:\/\/diariolanoticia.com.mx\/wp-content\/uploads\/2022\/02\/img_7035-216x160.jpg",216,160,true],"full":["https:\/\/diariolanoticia.com.mx\/wp-content\/uploads\/2022\/02\/img_7035.jpg",1500,1000,false]},"categories_names":{"20":{"name":"Norte de Puebla","link":"https:\/\/diariolanoticia.com.mx\/?cat=20"}},"tags_names":{"52":{"name":"Puebla","link":"https:\/\/diariolanoticia.com.mx\/?tag=puebla"}},"comments_number":"0","wpmagazine_modules_lite_featured_media_urls":{"thumbnail":["https:\/\/diariolanoticia.com.mx\/wp-content\/uploads\/2022\/02\/img_7035-216x160.jpg",216,160,true],"cvmm-medium":["https:\/\/diariolanoticia.com.mx\/wp-content\/uploads\/2022\/02\/img_7035-300x300.jpg",300,300,true],"cvmm-medium-plus":["https:\/\/diariolanoticia.com.mx\/wp-content\/uploads\/2022\/02\/img_7035-305x207.jpg",305,207,true],"cvmm-portrait":["https:\/\/diariolanoticia.com.mx\/wp-content\/uploads\/2022\/02\/img_7035-400x600.jpg",400,600,true],"cvmm-medium-square":["https:\/\/diariolanoticia.com.mx\/wp-content\/uploads\/2022\/02\/img_7035-600x600.jpg",600,600,true],"cvmm-large":["https:\/\/diariolanoticia.com.mx\/wp-content\/uploads\/2022\/02\/img_7035-1024x1000.jpg",1024,1000,true],"cvmm-small":["https:\/\/diariolanoticia.com.mx\/wp-content\/uploads\/2022\/02\/img_7035-130x95.jpg",130,95,true],"full":["https:\/\/diariolanoticia.com.mx\/wp-content\/uploads\/2022\/02\/img_7035.jpg",1500,1000,false]},"_links":{"self":[{"href":"https:\/\/diariolanoticia.com.mx\/index.php?rest_route=\/wp\/v2\/posts\/88351","targetHints":{"allow":["GET"]}}],"collection":[{"href":"https:\/\/diariolanoticia.com.mx\/index.php?rest_route=\/wp\/v2\/posts"}],"about":[{"href":"https:\/\/diariolanoticia.com.mx\/index.php?rest_route=\/wp\/v2\/types\/post"}],"author":[{"embeddable":true,"href":"https:\/\/diariolanoticia.com.mx\/index.php?rest_route=\/wp\/v2\/users\/1"}],"replies":[{"embeddable":true,"href":"https:\/\/diariolanoticia.com.mx\/index.php?rest_route=%2Fwp%2Fv2%2Fcomments&post=88351"}],"version-history":[{"count":1,"href":"https:\/\/diariolanoticia.com.mx\/index.php?rest_route=\/wp\/v2\/posts\/88351\/revisions"}],"predecessor-version":[{"id":88352,"href":"https:\/\/diariolanoticia.com.mx\/index.php?rest_route=\/wp\/v2\/posts\/88351\/revisions\/88352"}],"wp:featuredmedia":[{"embeddable":true,"href":"https:\/\/diariolanoticia.com.mx\/index.php?rest_route=\/wp\/v2\/media\/88350"}],"wp:attachment":[{"href":"https:\/\/diariolanoticia.com.mx\/index.php?rest_route=%2Fwp%2Fv2%2Fmedia&parent=88351"}],"wp:term":[{"taxonomy":"category","embeddable":true,"href":"https:\/\/diariolanoticia.com.mx\/index.php?rest_route=%2Fwp%2Fv2%2Fcategories&post=88351"},{"taxonomy":"post_tag","embeddable":true,"href":"https:\/\/diariolanoticia.com.mx\/index.php?rest_route=%2Fwp%2Fv2%2Ftags&post=88351"}],"curies":[{"name":"wp","href":"https:\/\/api.w.org\/{rel}","templated":true}]}}