{"id":88809,"date":"2022-02-23T17:06:00","date_gmt":"2022-02-23T17:06:00","guid":{"rendered":"https:\/\/diariolanoticia.com.mx\/?p=88809"},"modified":"2022-02-23T17:06:02","modified_gmt":"2022-02-23T17:06:02","slug":"yauhquemehcan-recibe-capacitacion-de-la-cebp","status":"publish","type":"post","link":"https:\/\/diariolanoticia.com.mx\/?p=88809","title":{"rendered":"Yauhquemehcan recibe capacitaci\u00f3n de la CEBP"},"content":{"rendered":"\n<p>La Presidenta Municipal, Mar\u00eda Anita Chamorro Badillo presidi\u00f3 la capacitaci\u00f3n que imparti\u00f3 personal de la Comisi\u00f3n Estatal de B\u00fasqueda de Personas (CEBP) a servidores p\u00fablicos del H. Ayuntamiento de Yauhquemehcan.<\/p>\n","protected":false},"excerpt":{"rendered":"<p>La Presidenta Municipal, Mar\u00eda Anita Chamorro Badillo presidi\u00f3 la capacitaci\u00f3n que imparti\u00f3 personal de la Comisi\u00f3n Estatal de B\u00fasqueda de Personas (CEBP) a servidores p\u00fablicos del H. Ayuntamiento de Yauhquemehcan.<\/p>\n","protected":false},"author":1,"featured_media":88810,"comment_status":"open","ping_status":"open","sticky":false,"template":"","format":"standard","meta":{"footnotes":""},"categories":[46],"tags":[],"class_list":["post-88809","post","type-post","status-publish","format-standard","has-post-thumbnail","hentry","category-yauhquemehcan"],"blog_post_layout_featured_media_urls":{"thumbnail":["https:\/\/diariolanoticia.com.mx\/wp-content\/uploads\/2022\/02\/WhatsApp-Image-2022-02-22-at-19.50.02-216x160.jpeg",216,160,true],"full":["https:\/\/diariolanoticia.com.mx\/wp-content\/uploads\/2022\/02\/WhatsApp-Image-2022-02-22-at-19.50.02.jpeg",960,720,false]},"categories_names":{"46":{"name":"Yauhquemehcan","link":"https:\/\/diariolanoticia.com.mx\/?cat=46"}},"tags_names":[],"comments_number":"0","wpmagazine_modules_lite_featured_media_urls":{"thumbnail":["https:\/\/diariolanoticia.com.mx\/wp-content\/uploads\/2022\/02\/WhatsApp-Image-2022-02-22-at-19.50.02-216x160.jpeg",216,160,true],"cvmm-medium":["https:\/\/diariolanoticia.com.mx\/wp-content\/uploads\/2022\/02\/WhatsApp-Image-2022-02-22-at-19.50.02-300x300.jpeg",300,300,true],"cvmm-medium-plus":["https:\/\/diariolanoticia.com.mx\/wp-content\/uploads\/2022\/02\/WhatsApp-Image-2022-02-22-at-19.50.02-305x207.jpeg",305,207,true],"cvmm-portrait":["https:\/\/diariolanoticia.com.mx\/wp-content\/uploads\/2022\/02\/WhatsApp-Image-2022-02-22-at-19.50.02-400x600.jpeg",400,600,true],"cvmm-medium-square":["https:\/\/diariolanoticia.com.mx\/wp-content\/uploads\/2022\/02\/WhatsApp-Image-2022-02-22-at-19.50.02-600x600.jpeg",600,600,true],"cvmm-large":["https:\/\/diariolanoticia.com.mx\/wp-content\/uploads\/2022\/02\/WhatsApp-Image-2022-02-22-at-19.50.02.jpeg",960,720,false],"cvmm-small":["https:\/\/diariolanoticia.com.mx\/wp-content\/uploads\/2022\/02\/WhatsApp-Image-2022-02-22-at-19.50.02-130x95.jpeg",130,95,true],"full":["https:\/\/diariolanoticia.com.mx\/wp-content\/uploads\/2022\/02\/WhatsApp-Image-2022-02-22-at-19.50.02.jpeg",960,720,false]},"_links":{"self":[{"href":"https:\/\/diariolanoticia.com.mx\/index.php?rest_route=\/wp\/v2\/posts\/88809","targetHints":{"allow":["GET"]}}],"collection":[{"href":"https:\/\/diariolanoticia.com.mx\/index.php?rest_route=\/wp\/v2\/posts"}],"about":[{"href":"https:\/\/diariolanoticia.com.mx\/index.php?rest_route=\/wp\/v2\/types\/post"}],"author":[{"embeddable":true,"href":"https:\/\/diariolanoticia.com.mx\/index.php?rest_route=\/wp\/v2\/users\/1"}],"replies":[{"embeddable":true,"href":"https:\/\/diariolanoticia.com.mx\/index.php?rest_route=%2Fwp%2Fv2%2Fcomments&post=88809"}],"version-history":[{"count":1,"href":"https:\/\/diariolanoticia.com.mx\/index.php?rest_route=\/wp\/v2\/posts\/88809\/revisions"}],"predecessor-version":[{"id":88811,"href":"https:\/\/diariolanoticia.com.mx\/index.php?rest_route=\/wp\/v2\/posts\/88809\/revisions\/88811"}],"wp:featuredmedia":[{"embeddable":true,"href":"https:\/\/diariolanoticia.com.mx\/index.php?rest_route=\/wp\/v2\/media\/88810"}],"wp:attachment":[{"href":"https:\/\/diariolanoticia.com.mx\/index.php?rest_route=%2Fwp%2Fv2%2Fmedia&parent=88809"}],"wp:term":[{"taxonomy":"category","embeddable":true,"href":"https:\/\/diariolanoticia.com.mx\/index.php?rest_route=%2Fwp%2Fv2%2Fcategories&post=88809"},{"taxonomy":"post_tag","embeddable":true,"href":"https:\/\/diariolanoticia.com.mx\/index.php?rest_route=%2Fwp%2Fv2%2Ftags&post=88809"}],"curies":[{"name":"wp","href":"https:\/\/api.w.org\/{rel}","templated":true}]}}