{"id":89414,"date":"2022-03-06T21:32:07","date_gmt":"2022-03-06T21:32:07","guid":{"rendered":"https:\/\/diariolanoticia.com.mx\/?p=89414"},"modified":"2022-03-06T21:32:08","modified_gmt":"2022-03-06T21:32:08","slug":"conmemoraran-el-dia-internacional-de-la-mujer-en-tlaxcala-capital","status":"publish","type":"post","link":"https:\/\/diariolanoticia.com.mx\/?p=89414","title":{"rendered":"Conmemorar\u00e1n el D\u00eda Internacional de la Mujer en Tlaxcala Capital"},"content":{"rendered":"\n<p>\u2022 El programa incluye conferencias, charlas sobre sexualidad y cuidados emocionales, as\u00ed como talleres de sensibilizaci\u00f3n<\/p>\n\n\n\n<p>El Ayuntamiento de Tlaxcala contin\u00faa dando muestras de su compromiso con la promoci\u00f3n y defensa de los derechos humanos, la igualdad y equidad de g\u00e9nero a trav\u00e9s del Instituto Municipal de la Mujer, por lo que alista una serie de actividades conmemorativas para el 8 de marzo, D\u00eda Internacional de la Mujer.<\/p>\n\n\n\n<p>Con la colaboraci\u00f3n de especialistas en temas como salud emocional, sexualidad, liderazgo femenino, psicolog\u00eda y de organizaciones como la Red de Derechos Sexuales y Reproductivos en M\u00e9xico (DDESER Tlaxcala), la Administraci\u00f3n capitalina ofrecer\u00e1 un amplio programa el cual se desarrollar\u00e1 del 7 al 9 de marzo en diversas sedes del municipio.<\/p>\n\n\n\n<p>La primera de estas conferencias se llevar\u00e1 a cabo el 7 de marzo con el tema \u201cLos derechos de las mujeres en el contexto actual\u201d, a cargo de la doctora Mar\u00eda del Rosario Texis Z\u00fa\u00f1iga, directora y representante de DDESER Tlaxcala, en el patio central del Ayuntamiento a las 17:00 horas.<\/p>\n\n\n\n<p>El 8 de marzo, a las 10:00 horas se realizar\u00e1 la inauguraci\u00f3n del taller de sensibilizaci\u00f3n para mujeres \u201cReconociendo mi ser\u201d a cargo de la Lic. Martha Karina Hern\u00e1ndez Mart\u00ednez en el patio central de la presidencia de comunidad de San Lucas Cuahtelulpan.<\/p>\n\n\n\n<p>A las 10:00 horas se impartir\u00e1 la conferencia \u201cMansplaining y su impacto en la participaci\u00f3n pol\u00edtica de las mujeres\u201d, a cargo de la maestra Marlene Alonso Meneses en el auditorio del Centro de Capacitaci\u00f3n para el Trabajo Industrial (CECATI).<\/p>\n\n\n\n<p>Posteriormente, a las 17:30 horas, se llevar\u00e1 a cabo una experiencia de inclusi\u00f3n de las mujeres en las Fuerzas Armadas a cargo de integrantes de la Secretar\u00eda de la Defensa Naciona en el teatro abierto del parque tem\u00e1tico de Tizatl\u00e1n.<\/p>\n\n\n\n<p>Y para concluir con este ciclo de actividades, el 9 de marzo se impartir\u00e1n las charlas \u201cCuidados emocionales y toma de decisiones en la mujer\u201d, del Mtro. Gustavo Carpintero Vega; \u201cMenstruaci\u00f3n consiente y sus alternativas ecol\u00f3gicas\u201d, de la Mtra. Sara Alejandra Bueno Castro y \u201cEl rol de la mujer en la educaci\u00f3n\u201d, de la Mtra. Mar\u00eda del Mar Mora L\u00f3pez, en el auditorio de la comunidad de San Sebasti\u00e1n Atlahapa.<\/p>\n\n\n\n<p>Todas las actividades estar\u00e1n estrictamente apegadas a los protocolos de salud y dirigidas a las mujeres y personas interesadas en estos temas y su impacto social en el marco de esta importante conmemoraci\u00f3n.<\/p>\n","protected":false},"excerpt":{"rendered":"<p>\u2022 El programa incluye conferencias, charlas sobre sexualidad y cuidados emocionales, as\u00ed como talleres de sensibilizaci\u00f3n El Ayuntamiento de Tlaxcala contin\u00faa dando muestras de su compromiso con la promoci\u00f3n y defensa de los derechos humanos, la igualdad y equidad de g\u00e9nero a trav\u00e9s del Instituto Municipal de la Mujer, por lo que alista una serie [&hellip;]<\/p>\n","protected":false},"author":1,"featured_media":89415,"comment_status":"open","ping_status":"open","sticky":false,"template":"","format":"standard","meta":{"footnotes":""},"categories":[21],"tags":[],"class_list":["post-89414","post","type-post","status-publish","format-standard","has-post-thumbnail","hentry","category-estatal"],"blog_post_layout_featured_media_urls":{"thumbnail":["https:\/\/diariolanoticia.com.mx\/wp-content\/uploads\/2022\/03\/CDF4164D-59C8-4A79-B3D0-BDB125F12A11-216x160.jpeg",216,160,true],"full":["https:\/\/diariolanoticia.com.mx\/wp-content\/uploads\/2022\/03\/CDF4164D-59C8-4A79-B3D0-BDB125F12A11.jpeg",1280,854,false]},"categories_names":{"21":{"name":"Estatal","link":"https:\/\/diariolanoticia.com.mx\/?cat=21"}},"tags_names":[],"comments_number":"0","wpmagazine_modules_lite_featured_media_urls":{"thumbnail":["https:\/\/diariolanoticia.com.mx\/wp-content\/uploads\/2022\/03\/CDF4164D-59C8-4A79-B3D0-BDB125F12A11-216x160.jpeg",216,160,true],"cvmm-medium":["https:\/\/diariolanoticia.com.mx\/wp-content\/uploads\/2022\/03\/CDF4164D-59C8-4A79-B3D0-BDB125F12A11-300x300.jpeg",300,300,true],"cvmm-medium-plus":["https:\/\/diariolanoticia.com.mx\/wp-content\/uploads\/2022\/03\/CDF4164D-59C8-4A79-B3D0-BDB125F12A11-305x207.jpeg",305,207,true],"cvmm-portrait":["https:\/\/diariolanoticia.com.mx\/wp-content\/uploads\/2022\/03\/CDF4164D-59C8-4A79-B3D0-BDB125F12A11-400x600.jpeg",400,600,true],"cvmm-medium-square":["https:\/\/diariolanoticia.com.mx\/wp-content\/uploads\/2022\/03\/CDF4164D-59C8-4A79-B3D0-BDB125F12A11-600x600.jpeg",600,600,true],"cvmm-large":["https:\/\/diariolanoticia.com.mx\/wp-content\/uploads\/2022\/03\/CDF4164D-59C8-4A79-B3D0-BDB125F12A11-1024x854.jpeg",1024,854,true],"cvmm-small":["https:\/\/diariolanoticia.com.mx\/wp-content\/uploads\/2022\/03\/CDF4164D-59C8-4A79-B3D0-BDB125F12A11-130x95.jpeg",130,95,true],"full":["https:\/\/diariolanoticia.com.mx\/wp-content\/uploads\/2022\/03\/CDF4164D-59C8-4A79-B3D0-BDB125F12A11.jpeg",1280,854,false]},"_links":{"self":[{"href":"https:\/\/diariolanoticia.com.mx\/index.php?rest_route=\/wp\/v2\/posts\/89414","targetHints":{"allow":["GET"]}}],"collection":[{"href":"https:\/\/diariolanoticia.com.mx\/index.php?rest_route=\/wp\/v2\/posts"}],"about":[{"href":"https:\/\/diariolanoticia.com.mx\/index.php?rest_route=\/wp\/v2\/types\/post"}],"author":[{"embeddable":true,"href":"https:\/\/diariolanoticia.com.mx\/index.php?rest_route=\/wp\/v2\/users\/1"}],"replies":[{"embeddable":true,"href":"https:\/\/diariolanoticia.com.mx\/index.php?rest_route=%2Fwp%2Fv2%2Fcomments&post=89414"}],"version-history":[{"count":1,"href":"https:\/\/diariolanoticia.com.mx\/index.php?rest_route=\/wp\/v2\/posts\/89414\/revisions"}],"predecessor-version":[{"id":89416,"href":"https:\/\/diariolanoticia.com.mx\/index.php?rest_route=\/wp\/v2\/posts\/89414\/revisions\/89416"}],"wp:featuredmedia":[{"embeddable":true,"href":"https:\/\/diariolanoticia.com.mx\/index.php?rest_route=\/wp\/v2\/media\/89415"}],"wp:attachment":[{"href":"https:\/\/diariolanoticia.com.mx\/index.php?rest_route=%2Fwp%2Fv2%2Fmedia&parent=89414"}],"wp:term":[{"taxonomy":"category","embeddable":true,"href":"https:\/\/diariolanoticia.com.mx\/index.php?rest_route=%2Fwp%2Fv2%2Fcategories&post=89414"},{"taxonomy":"post_tag","embeddable":true,"href":"https:\/\/diariolanoticia.com.mx\/index.php?rest_route=%2Fwp%2Fv2%2Ftags&post=89414"}],"curies":[{"name":"wp","href":"https:\/\/api.w.org\/{rel}","templated":true}]}}