{"id":89423,"date":"2022-03-06T21:38:53","date_gmt":"2022-03-06T21:38:53","guid":{"rendered":"https:\/\/diariolanoticia.com.mx\/?p=89423"},"modified":"2022-03-06T21:38:54","modified_gmt":"2022-03-06T21:38:54","slug":"celebrara-el-pan-el-foro-mujer-futuro-y-politica-en-el-marco-del-8m","status":"publish","type":"post","link":"https:\/\/diariolanoticia.com.mx\/?p=89423","title":{"rendered":"Celebrar\u00e1 el PAN el foro #Mujer Futuro y Pol\u00edtica en el marco del 8M"},"content":{"rendered":"\n<p>En el marco del D\u00eda Internacional de la Mujer, el Comit\u00e9 Directivo Estatal del PAN, a trav\u00e9s de la Secretar\u00eda de Promoci\u00f3n Pol\u00edtica de la Mujer celebrar\u00e1 el foro #Mujer Futuro y Pol\u00edtica, en el que estar\u00e1n presentes destacadas investigadoras y emprendedoras, as\u00ed como presidentas de organismos p\u00fablicos electorales.<\/p>\n\n\n\n<p>Miriam Mart\u00ednez S\u00e1nchez, Presidenta del PAN en el estado, dio a conocer que el evento, programado para este lunes 7 de marzo en las instalaciones del PAN de Tlaxcala a partir de las 9:30 de la ma\u00f1ana, contar\u00e1 con la presencia de la Maestra Elizabeth Piedras Mart\u00ednez, Presidenta del Instituto Tlaxcalteca de Elecciones, quien presentar\u00e1 el libro \u00abLa participaci\u00f3n de las mujeres tlaxcaltecas en el proceso electoral ordinario 2021\u00bb.<\/p>\n\n\n\n<p>Tambi\u00e9n estar\u00e1 presente la Licenciada Claudia Salvador \u00c1ngel, Presidenta del Tribunal Electoral de Tlaxcala, quien disertar\u00e1 sobre las garant\u00edas de los derechos pol\u00edticos electorales de las mujeres.<\/p>\n\n\n\n<p>En tanto que la gestora empresarial Michelle Garc\u00eda R\u00edos, har\u00e1 una ponencia titulada \u00abEmpezar desde cero\u00bb, la cual versar\u00e1 sobre el empoderamiento femenino desde el sector privado.<\/p>\n\n\n\n<p>Asimismo, la Doctora Emelia Higueras Zamora, investigadora del Colegio de Tlaxcala, expondr\u00e1 el tema la participaci\u00f3n de las mujeres en pol\u00edtica y el combate a la violencia pol\u00edtica en raz\u00f3n de g\u00e9nero<\/p>\n","protected":false},"excerpt":{"rendered":"<p>En el marco del D\u00eda Internacional de la Mujer, el Comit\u00e9 Directivo Estatal del PAN, a trav\u00e9s de la Secretar\u00eda de Promoci\u00f3n Pol\u00edtica de la Mujer celebrar\u00e1 el foro #Mujer Futuro y Pol\u00edtica, en el que estar\u00e1n presentes destacadas investigadoras y emprendedoras, as\u00ed como presidentas de organismos p\u00fablicos electorales. Miriam Mart\u00ednez S\u00e1nchez, Presidenta del PAN [&hellip;]<\/p>\n","protected":false},"author":1,"featured_media":89424,"comment_status":"open","ping_status":"open","sticky":false,"template":"","format":"standard","meta":{"footnotes":""},"categories":[38],"tags":[],"class_list":["post-89423","post","type-post","status-publish","format-standard","has-post-thumbnail","hentry","category-politica"],"blog_post_layout_featured_media_urls":{"thumbnail":["https:\/\/diariolanoticia.com.mx\/wp-content\/uploads\/2022\/03\/250792BA-CD80-4A43-BD68-E9A56D59376B-216x160.jpeg",216,160,true],"full":["https:\/\/diariolanoticia.com.mx\/wp-content\/uploads\/2022\/03\/250792BA-CD80-4A43-BD68-E9A56D59376B.jpeg",1018,1600,false]},"categories_names":{"38":{"name":"Pol\u00edtica","link":"https:\/\/diariolanoticia.com.mx\/?cat=38"}},"tags_names":[],"comments_number":"0","wpmagazine_modules_lite_featured_media_urls":{"thumbnail":["https:\/\/diariolanoticia.com.mx\/wp-content\/uploads\/2022\/03\/250792BA-CD80-4A43-BD68-E9A56D59376B-216x160.jpeg",216,160,true],"cvmm-medium":["https:\/\/diariolanoticia.com.mx\/wp-content\/uploads\/2022\/03\/250792BA-CD80-4A43-BD68-E9A56D59376B-300x300.jpeg",300,300,true],"cvmm-medium-plus":["https:\/\/diariolanoticia.com.mx\/wp-content\/uploads\/2022\/03\/250792BA-CD80-4A43-BD68-E9A56D59376B-305x207.jpeg",305,207,true],"cvmm-portrait":["https:\/\/diariolanoticia.com.mx\/wp-content\/uploads\/2022\/03\/250792BA-CD80-4A43-BD68-E9A56D59376B-400x600.jpeg",400,600,true],"cvmm-medium-square":["https:\/\/diariolanoticia.com.mx\/wp-content\/uploads\/2022\/03\/250792BA-CD80-4A43-BD68-E9A56D59376B-600x600.jpeg",600,600,true],"cvmm-large":["https:\/\/diariolanoticia.com.mx\/wp-content\/uploads\/2022\/03\/250792BA-CD80-4A43-BD68-E9A56D59376B-1018x1024.jpeg",1018,1024,true],"cvmm-small":["https:\/\/diariolanoticia.com.mx\/wp-content\/uploads\/2022\/03\/250792BA-CD80-4A43-BD68-E9A56D59376B-130x95.jpeg",130,95,true],"full":["https:\/\/diariolanoticia.com.mx\/wp-content\/uploads\/2022\/03\/250792BA-CD80-4A43-BD68-E9A56D59376B.jpeg",1018,1600,false]},"_links":{"self":[{"href":"https:\/\/diariolanoticia.com.mx\/index.php?rest_route=\/wp\/v2\/posts\/89423","targetHints":{"allow":["GET"]}}],"collection":[{"href":"https:\/\/diariolanoticia.com.mx\/index.php?rest_route=\/wp\/v2\/posts"}],"about":[{"href":"https:\/\/diariolanoticia.com.mx\/index.php?rest_route=\/wp\/v2\/types\/post"}],"author":[{"embeddable":true,"href":"https:\/\/diariolanoticia.com.mx\/index.php?rest_route=\/wp\/v2\/users\/1"}],"replies":[{"embeddable":true,"href":"https:\/\/diariolanoticia.com.mx\/index.php?rest_route=%2Fwp%2Fv2%2Fcomments&post=89423"}],"version-history":[{"count":1,"href":"https:\/\/diariolanoticia.com.mx\/index.php?rest_route=\/wp\/v2\/posts\/89423\/revisions"}],"predecessor-version":[{"id":89425,"href":"https:\/\/diariolanoticia.com.mx\/index.php?rest_route=\/wp\/v2\/posts\/89423\/revisions\/89425"}],"wp:featuredmedia":[{"embeddable":true,"href":"https:\/\/diariolanoticia.com.mx\/index.php?rest_route=\/wp\/v2\/media\/89424"}],"wp:attachment":[{"href":"https:\/\/diariolanoticia.com.mx\/index.php?rest_route=%2Fwp%2Fv2%2Fmedia&parent=89423"}],"wp:term":[{"taxonomy":"category","embeddable":true,"href":"https:\/\/diariolanoticia.com.mx\/index.php?rest_route=%2Fwp%2Fv2%2Fcategories&post=89423"},{"taxonomy":"post_tag","embeddable":true,"href":"https:\/\/diariolanoticia.com.mx\/index.php?rest_route=%2Fwp%2Fv2%2Ftags&post=89423"}],"curies":[{"name":"wp","href":"https:\/\/api.w.org\/{rel}","templated":true}]}}