{"id":89649,"date":"2022-03-09T22:56:27","date_gmt":"2022-03-09T22:56:27","guid":{"rendered":"https:\/\/diariolanoticia.com.mx\/?p=89649"},"modified":"2022-03-09T22:56:28","modified_gmt":"2022-03-09T22:56:28","slug":"reprobable-que-el-gobierno-federal-desaparezca-la-institucion-para-jovenes-con-el-fin-de-ahorrar-recursos-secretario-juvenil-del-pan","status":"publish","type":"post","link":"https:\/\/diariolanoticia.com.mx\/?p=89649","title":{"rendered":"Reprobable que el gobierno federal desaparezca la instituci\u00f3n para j\u00f3venes con el fin de \u201cahorrar recursos\u201d: Secretario Juvenil del PAN"},"content":{"rendered":"\n<p>\u2022 Iniciativa unifica 16 instituciones desconcentradas y\/o descentralizadas con dependencias federales para ahorrar recursos; el primer paso, trasladar Imjuve a STPS.<\/p>\n\n\n\n<p>H\u00e9ctor Ra\u00fal Rojas Hern\u00e1ndez, secretario de Acci\u00f3n Juvenil en Tlaxcala, calific\u00f3 como reprobable el hecho de que el gobierno federal alist\u00e9 la publicaci\u00f3n de un acuerdo presidencial para que en los pr\u00f3ximos d\u00edas, el Instituto Mexicano de la Juventud (Imjuve) pase a formar parte de la Secretar\u00eda del Trabajo y Previsi\u00f3n Social (STPS).<\/p>\n\n\n\n<p>Indic\u00f3 que con dicho movimiento, se est\u00e1 retrocediendo a pasos agigantados en todo el trabajo que se ha venido haciendo en favor de los j\u00f3venes y en los espacios que se han ido ganando en diferentes sectores de la sociedad, al mismo tiempo que dijo \u201ccon este movimiento est\u00e1 claro que a los j\u00f3venes no est\u00e1n viendo \u00fanicamente como mano de obra y una herramienta para fortalecer el voto a favor su partido\u201d.<\/p>\n\n\n\n<p>Y es que, en la justificaci\u00f3n que se da para la adherencia del Imjuve a la STPS est\u00e1 que el primero guarda estrecha relaci\u00f3n con las atribuciones otorgadas a la Secretar\u00eda del trabajo, y con ello se estar\u00eda dando congruencia a los programas y pol\u00edticas para j\u00f3venes.<\/p>\n\n\n\n<p>Ra\u00fal Rojas record\u00f3 que se han desaparecido programas que han afectado a los diferentes sectores vulnerables de la poblaci\u00f3n, tales como el Seguro Popular o el m\u00e1s reciente, las escuelas de tiempo completo.<br>Cabe mencionar que, seg\u00fan datos de El Universal, se prepara una reforma con la que se busca que 16 \u00f3rganos desconcentrados y descentralizados se fusionen con secretar\u00edas y dependencias federales, adem\u00e1s de desaparecer a la Secretar\u00eda Ejecutiva del Sistema Nacional Anticorrupci\u00f3n (SNA) y lo ahorrado se destinar\u00e1 a sus programas sociales.<\/p>\n","protected":false},"excerpt":{"rendered":"<p>\u2022 Iniciativa unifica 16 instituciones desconcentradas y\/o descentralizadas con dependencias federales para ahorrar recursos; el primer paso, trasladar Imjuve a STPS. H\u00e9ctor Ra\u00fal Rojas Hern\u00e1ndez, secretario de Acci\u00f3n Juvenil en Tlaxcala, calific\u00f3 como reprobable el hecho de que el gobierno federal alist\u00e9 la publicaci\u00f3n de un acuerdo presidencial para que en los pr\u00f3ximos d\u00edas, el [&hellip;]<\/p>\n","protected":false},"author":1,"featured_media":89650,"comment_status":"open","ping_status":"open","sticky":false,"template":"","format":"standard","meta":{"footnotes":""},"categories":[38],"tags":[],"class_list":["post-89649","post","type-post","status-publish","format-standard","has-post-thumbnail","hentry","category-politica"],"blog_post_layout_featured_media_urls":{"thumbnail":["https:\/\/diariolanoticia.com.mx\/wp-content\/uploads\/2022\/03\/19EBFB53-5802-46D6-A2BA-DEC19979F625-216x160.jpeg",216,160,true],"full":["https:\/\/diariolanoticia.com.mx\/wp-content\/uploads\/2022\/03\/19EBFB53-5802-46D6-A2BA-DEC19979F625.jpeg",1280,1280,false]},"categories_names":{"38":{"name":"Pol\u00edtica","link":"https:\/\/diariolanoticia.com.mx\/?cat=38"}},"tags_names":[],"comments_number":"0","wpmagazine_modules_lite_featured_media_urls":{"thumbnail":["https:\/\/diariolanoticia.com.mx\/wp-content\/uploads\/2022\/03\/19EBFB53-5802-46D6-A2BA-DEC19979F625-216x160.jpeg",216,160,true],"cvmm-medium":["https:\/\/diariolanoticia.com.mx\/wp-content\/uploads\/2022\/03\/19EBFB53-5802-46D6-A2BA-DEC19979F625-300x300.jpeg",300,300,true],"cvmm-medium-plus":["https:\/\/diariolanoticia.com.mx\/wp-content\/uploads\/2022\/03\/19EBFB53-5802-46D6-A2BA-DEC19979F625-305x207.jpeg",305,207,true],"cvmm-portrait":["https:\/\/diariolanoticia.com.mx\/wp-content\/uploads\/2022\/03\/19EBFB53-5802-46D6-A2BA-DEC19979F625-400x600.jpeg",400,600,true],"cvmm-medium-square":["https:\/\/diariolanoticia.com.mx\/wp-content\/uploads\/2022\/03\/19EBFB53-5802-46D6-A2BA-DEC19979F625-600x600.jpeg",600,600,true],"cvmm-large":["https:\/\/diariolanoticia.com.mx\/wp-content\/uploads\/2022\/03\/19EBFB53-5802-46D6-A2BA-DEC19979F625-1024x1024.jpeg",1024,1024,true],"cvmm-small":["https:\/\/diariolanoticia.com.mx\/wp-content\/uploads\/2022\/03\/19EBFB53-5802-46D6-A2BA-DEC19979F625-130x95.jpeg",130,95,true],"full":["https:\/\/diariolanoticia.com.mx\/wp-content\/uploads\/2022\/03\/19EBFB53-5802-46D6-A2BA-DEC19979F625.jpeg",1280,1280,false]},"_links":{"self":[{"href":"https:\/\/diariolanoticia.com.mx\/index.php?rest_route=\/wp\/v2\/posts\/89649","targetHints":{"allow":["GET"]}}],"collection":[{"href":"https:\/\/diariolanoticia.com.mx\/index.php?rest_route=\/wp\/v2\/posts"}],"about":[{"href":"https:\/\/diariolanoticia.com.mx\/index.php?rest_route=\/wp\/v2\/types\/post"}],"author":[{"embeddable":true,"href":"https:\/\/diariolanoticia.com.mx\/index.php?rest_route=\/wp\/v2\/users\/1"}],"replies":[{"embeddable":true,"href":"https:\/\/diariolanoticia.com.mx\/index.php?rest_route=%2Fwp%2Fv2%2Fcomments&post=89649"}],"version-history":[{"count":1,"href":"https:\/\/diariolanoticia.com.mx\/index.php?rest_route=\/wp\/v2\/posts\/89649\/revisions"}],"predecessor-version":[{"id":89651,"href":"https:\/\/diariolanoticia.com.mx\/index.php?rest_route=\/wp\/v2\/posts\/89649\/revisions\/89651"}],"wp:featuredmedia":[{"embeddable":true,"href":"https:\/\/diariolanoticia.com.mx\/index.php?rest_route=\/wp\/v2\/media\/89650"}],"wp:attachment":[{"href":"https:\/\/diariolanoticia.com.mx\/index.php?rest_route=%2Fwp%2Fv2%2Fmedia&parent=89649"}],"wp:term":[{"taxonomy":"category","embeddable":true,"href":"https:\/\/diariolanoticia.com.mx\/index.php?rest_route=%2Fwp%2Fv2%2Fcategories&post=89649"},{"taxonomy":"post_tag","embeddable":true,"href":"https:\/\/diariolanoticia.com.mx\/index.php?rest_route=%2Fwp%2Fv2%2Ftags&post=89649"}],"curies":[{"name":"wp","href":"https:\/\/api.w.org\/{rel}","templated":true}]}}