{"id":90147,"date":"2022-03-17T14:49:50","date_gmt":"2022-03-17T14:49:50","guid":{"rendered":"https:\/\/diariolanoticia.com.mx\/?p=90147"},"modified":"2022-03-17T14:49:51","modified_gmt":"2022-03-17T14:49:51","slug":"realizan-foro-integral-de-autocuidado-para-mujeres","status":"publish","type":"post","link":"https:\/\/diariolanoticia.com.mx\/?p=90147","title":{"rendered":"Realizan foro integral de autocuidado para mujeres"},"content":{"rendered":"\n<p><em>*En Huamantla, personas de este g\u00e9nero de la regi\u00f3n disfrutaron de un momento para ellas mismas<\/em><\/p>\n\n\n\n<p>Los institutos Estatal de la Mujer (IEM) y de Capacitaci\u00f3n para el Trabajo del Estado de Tlaxcala (Icatlax), as\u00ed como la Secretar\u00eda de Salud (SESA), realizaron el Foro Integral de Autocuidado para Mujeres con el tema \u201cMe amo y me cuido\u201d, en el municipio de Huamantla, donde participaron presidentas de comunidad, autoridades municipales, la estructura de Mujeres Constructoras de la Paz (Mucpaz) y ciudadan\u00eda en general.<\/p>\n\n\n\n<p>Esta actividad se llev\u00f3 a cabo en el marco de los 16 D\u00edas de Activismo para conmemorar el D\u00eda Internacional de la Mujer (DIM), con el objetivo de fomentar el empoderamiento de la mujer y que \u00e9ste sea integral, no solamente en materia econ\u00f3mica, sino tambi\u00e9n f\u00edsico y emocional, pues son parte b\u00e1sica para la prevenci\u00f3n de la violencia contra las mujeres.<\/p>\n\n\n\n<p>Personal del programa Violencia de G\u00e9nero y Aborto de la Secretar\u00eda de Salud inform\u00f3 en el foro que la mayor\u00eda de las mujeres ponen poca atenci\u00f3n a su salud f\u00edsica y emocional por llevar la responsabilidad de los cuidados de los dem\u00e1s miembros de la familia, por lo que sus metas y sue\u00f1os quedan relegados por el exceso de actividades que una mujer suele tener en el hogar.&nbsp;<\/p>\n\n\n\n<p>Por lo anterior, exhortaron a las asistentes a tener cuidado en la salud f\u00edsica y emocional, que asistan por ayuda a los Centros de Salud de la comunidades y municipios, ya que es de gran importancia para la administraci\u00f3n estatal que las mujeres sepan que no se encuentran solas y podr\u00e1n salir adelante.<\/p>\n\n\n\n<p>Durante el evento, mujeres de todas las edades pudieron disfrutar de un momento para ellas mismas, mediante cortes, peinados y aplicaci\u00f3n de u\u00f1as con diversos colores y modelos, de forma gratuita por parte de las alumnas y egresadas del Icatlax.<\/p>\n","protected":false},"excerpt":{"rendered":"<p>*En Huamantla, personas de este g\u00e9nero de la regi\u00f3n disfrutaron de un momento para ellas mismas Los institutos Estatal de la Mujer (IEM) y de Capacitaci\u00f3n para el Trabajo del Estado de Tlaxcala (Icatlax), as\u00ed como la Secretar\u00eda de Salud (SESA), realizaron el Foro Integral de Autocuidado para Mujeres con el tema \u201cMe amo y [&hellip;]<\/p>\n","protected":false},"author":1,"featured_media":90148,"comment_status":"open","ping_status":"open","sticky":false,"template":"","format":"standard","meta":{"footnotes":""},"categories":[21],"tags":[],"class_list":["post-90147","post","type-post","status-publish","format-standard","has-post-thumbnail","hentry","category-estatal"],"blog_post_layout_featured_media_urls":{"thumbnail":["https:\/\/diariolanoticia.com.mx\/wp-content\/uploads\/2022\/03\/160322_IEM_ACTIVISMO-3-1-216x160.jpeg",216,160,true],"full":["https:\/\/diariolanoticia.com.mx\/wp-content\/uploads\/2022\/03\/160322_IEM_ACTIVISMO-3-1.jpeg",1600,1204,false]},"categories_names":{"21":{"name":"Estatal","link":"https:\/\/diariolanoticia.com.mx\/?cat=21"}},"tags_names":[],"comments_number":"0","wpmagazine_modules_lite_featured_media_urls":{"thumbnail":["https:\/\/diariolanoticia.com.mx\/wp-content\/uploads\/2022\/03\/160322_IEM_ACTIVISMO-3-1-216x160.jpeg",216,160,true],"cvmm-medium":["https:\/\/diariolanoticia.com.mx\/wp-content\/uploads\/2022\/03\/160322_IEM_ACTIVISMO-3-1-300x300.jpeg",300,300,true],"cvmm-medium-plus":["https:\/\/diariolanoticia.com.mx\/wp-content\/uploads\/2022\/03\/160322_IEM_ACTIVISMO-3-1-305x207.jpeg",305,207,true],"cvmm-portrait":["https:\/\/diariolanoticia.com.mx\/wp-content\/uploads\/2022\/03\/160322_IEM_ACTIVISMO-3-1-400x600.jpeg",400,600,true],"cvmm-medium-square":["https:\/\/diariolanoticia.com.mx\/wp-content\/uploads\/2022\/03\/160322_IEM_ACTIVISMO-3-1-600x600.jpeg",600,600,true],"cvmm-large":["https:\/\/diariolanoticia.com.mx\/wp-content\/uploads\/2022\/03\/160322_IEM_ACTIVISMO-3-1-1024x1024.jpeg",1024,1024,true],"cvmm-small":["https:\/\/diariolanoticia.com.mx\/wp-content\/uploads\/2022\/03\/160322_IEM_ACTIVISMO-3-1-130x95.jpeg",130,95,true],"full":["https:\/\/diariolanoticia.com.mx\/wp-content\/uploads\/2022\/03\/160322_IEM_ACTIVISMO-3-1.jpeg",1600,1204,false]},"_links":{"self":[{"href":"https:\/\/diariolanoticia.com.mx\/index.php?rest_route=\/wp\/v2\/posts\/90147","targetHints":{"allow":["GET"]}}],"collection":[{"href":"https:\/\/diariolanoticia.com.mx\/index.php?rest_route=\/wp\/v2\/posts"}],"about":[{"href":"https:\/\/diariolanoticia.com.mx\/index.php?rest_route=\/wp\/v2\/types\/post"}],"author":[{"embeddable":true,"href":"https:\/\/diariolanoticia.com.mx\/index.php?rest_route=\/wp\/v2\/users\/1"}],"replies":[{"embeddable":true,"href":"https:\/\/diariolanoticia.com.mx\/index.php?rest_route=%2Fwp%2Fv2%2Fcomments&post=90147"}],"version-history":[{"count":1,"href":"https:\/\/diariolanoticia.com.mx\/index.php?rest_route=\/wp\/v2\/posts\/90147\/revisions"}],"predecessor-version":[{"id":90149,"href":"https:\/\/diariolanoticia.com.mx\/index.php?rest_route=\/wp\/v2\/posts\/90147\/revisions\/90149"}],"wp:featuredmedia":[{"embeddable":true,"href":"https:\/\/diariolanoticia.com.mx\/index.php?rest_route=\/wp\/v2\/media\/90148"}],"wp:attachment":[{"href":"https:\/\/diariolanoticia.com.mx\/index.php?rest_route=%2Fwp%2Fv2%2Fmedia&parent=90147"}],"wp:term":[{"taxonomy":"category","embeddable":true,"href":"https:\/\/diariolanoticia.com.mx\/index.php?rest_route=%2Fwp%2Fv2%2Fcategories&post=90147"},{"taxonomy":"post_tag","embeddable":true,"href":"https:\/\/diariolanoticia.com.mx\/index.php?rest_route=%2Fwp%2Fv2%2Ftags&post=90147"}],"curies":[{"name":"wp","href":"https:\/\/api.w.org\/{rel}","templated":true}]}}