{"id":90414,"date":"2022-03-21T20:32:06","date_gmt":"2022-03-21T20:32:06","guid":{"rendered":"https:\/\/diariolanoticia.com.mx\/?p=90414"},"modified":"2022-03-21T20:32:07","modified_gmt":"2022-03-21T20:32:07","slug":"dia-mundial-del-sindrome-de-down","status":"publish","type":"post","link":"https:\/\/diariolanoticia.com.mx\/?p=90414","title":{"rendered":"D\u00eda mundial del S\u00edndrome de Down"},"content":{"rendered":"\n<p>El S\u00edndrome de Down no es una enfermedad, pero s\u00ed es responsabilidad de todos la inclusi\u00f3n y el respeto hacia las personas que tienen esta condici\u00f3n. <\/p>\n","protected":false},"excerpt":{"rendered":"<p>El S\u00edndrome de Down no es una enfermedad, pero s\u00ed es responsabilidad de todos la inclusi\u00f3n y el respeto hacia las personas que tienen esta condici\u00f3n.<\/p>\n","protected":false},"author":1,"featured_media":90415,"comment_status":"open","ping_status":"open","sticky":false,"template":"","format":"standard","meta":{"footnotes":""},"categories":[3],"tags":[],"class_list":["post-90414","post","type-post","status-publish","format-standard","has-post-thumbnail","hentry","category-apizaco"],"blog_post_layout_featured_media_urls":{"thumbnail":["https:\/\/diariolanoticia.com.mx\/wp-content\/uploads\/2022\/03\/E7F628D4-7901-4019-9F08-979AB8FEEBE8-216x160.jpeg",216,160,true],"full":["https:\/\/diariolanoticia.com.mx\/wp-content\/uploads\/2022\/03\/E7F628D4-7901-4019-9F08-979AB8FEEBE8.jpeg",1080,1080,false]},"categories_names":{"3":{"name":"Apizaco","link":"https:\/\/diariolanoticia.com.mx\/?cat=3"}},"tags_names":[],"comments_number":"0","wpmagazine_modules_lite_featured_media_urls":{"thumbnail":["https:\/\/diariolanoticia.com.mx\/wp-content\/uploads\/2022\/03\/E7F628D4-7901-4019-9F08-979AB8FEEBE8-216x160.jpeg",216,160,true],"cvmm-medium":["https:\/\/diariolanoticia.com.mx\/wp-content\/uploads\/2022\/03\/E7F628D4-7901-4019-9F08-979AB8FEEBE8-300x300.jpeg",300,300,true],"cvmm-medium-plus":["https:\/\/diariolanoticia.com.mx\/wp-content\/uploads\/2022\/03\/E7F628D4-7901-4019-9F08-979AB8FEEBE8-305x207.jpeg",305,207,true],"cvmm-portrait":["https:\/\/diariolanoticia.com.mx\/wp-content\/uploads\/2022\/03\/E7F628D4-7901-4019-9F08-979AB8FEEBE8-400x600.jpeg",400,600,true],"cvmm-medium-square":["https:\/\/diariolanoticia.com.mx\/wp-content\/uploads\/2022\/03\/E7F628D4-7901-4019-9F08-979AB8FEEBE8-600x600.jpeg",600,600,true],"cvmm-large":["https:\/\/diariolanoticia.com.mx\/wp-content\/uploads\/2022\/03\/E7F628D4-7901-4019-9F08-979AB8FEEBE8-1024x1024.jpeg",1024,1024,true],"cvmm-small":["https:\/\/diariolanoticia.com.mx\/wp-content\/uploads\/2022\/03\/E7F628D4-7901-4019-9F08-979AB8FEEBE8-130x95.jpeg",130,95,true],"full":["https:\/\/diariolanoticia.com.mx\/wp-content\/uploads\/2022\/03\/E7F628D4-7901-4019-9F08-979AB8FEEBE8.jpeg",1080,1080,false]},"_links":{"self":[{"href":"https:\/\/diariolanoticia.com.mx\/index.php?rest_route=\/wp\/v2\/posts\/90414","targetHints":{"allow":["GET"]}}],"collection":[{"href":"https:\/\/diariolanoticia.com.mx\/index.php?rest_route=\/wp\/v2\/posts"}],"about":[{"href":"https:\/\/diariolanoticia.com.mx\/index.php?rest_route=\/wp\/v2\/types\/post"}],"author":[{"embeddable":true,"href":"https:\/\/diariolanoticia.com.mx\/index.php?rest_route=\/wp\/v2\/users\/1"}],"replies":[{"embeddable":true,"href":"https:\/\/diariolanoticia.com.mx\/index.php?rest_route=%2Fwp%2Fv2%2Fcomments&post=90414"}],"version-history":[{"count":1,"href":"https:\/\/diariolanoticia.com.mx\/index.php?rest_route=\/wp\/v2\/posts\/90414\/revisions"}],"predecessor-version":[{"id":90416,"href":"https:\/\/diariolanoticia.com.mx\/index.php?rest_route=\/wp\/v2\/posts\/90414\/revisions\/90416"}],"wp:featuredmedia":[{"embeddable":true,"href":"https:\/\/diariolanoticia.com.mx\/index.php?rest_route=\/wp\/v2\/media\/90415"}],"wp:attachment":[{"href":"https:\/\/diariolanoticia.com.mx\/index.php?rest_route=%2Fwp%2Fv2%2Fmedia&parent=90414"}],"wp:term":[{"taxonomy":"category","embeddable":true,"href":"https:\/\/diariolanoticia.com.mx\/index.php?rest_route=%2Fwp%2Fv2%2Fcategories&post=90414"},{"taxonomy":"post_tag","embeddable":true,"href":"https:\/\/diariolanoticia.com.mx\/index.php?rest_route=%2Fwp%2Fv2%2Ftags&post=90414"}],"curies":[{"name":"wp","href":"https:\/\/api.w.org\/{rel}","templated":true}]}}