{"id":91029,"date":"2022-03-30T14:45:25","date_gmt":"2022-03-30T14:45:25","guid":{"rendered":"https:\/\/diariolanoticia.com.mx\/?p=91029"},"modified":"2022-03-30T14:45:27","modified_gmt":"2022-03-30T14:45:27","slug":"realiza-uset-foro-para-rediseno-curricular-en-educacion-basica-de-regiones-indigenas-y-afroamericanas-en-el-estado","status":"publish","type":"post","link":"https:\/\/diariolanoticia.com.mx\/?p=91029","title":{"rendered":"Realiza USET foro para redise\u00f1o curricular en educaci\u00f3n b\u00e1sica de regiones ind\u00edgenas y afroamericanas en el estado"},"content":{"rendered":"\n<p><em>*La autoridad federal reconoci\u00f3 el inter\u00e9s, participaci\u00f3n, di\u00e1logo y aportaci\u00f3n que realizaron las figuras tlaxcaltecas a favor de la educaci\u00f3n<\/em><\/p>\n\n\n\n<p>Autoridades de la Unidad de Servicios Educativos de Tlaxcala (USET), directivos y figuras educativas realizaron el foro denominado \u201cPropuesta para los di\u00e1logos comunitarios en regiones ind\u00edgenas y afroamericanas sobre el redise\u00f1o curricular en educaci\u00f3n b\u00e1sica en el estado de Tlaxcala\u201d, con el prop\u00f3sito de recabar propuestas que contribuyan a la educaci\u00f3n.<\/p>\n\n\n\n<p>Al foro asisti\u00f3 un representante de la Secretar\u00eda de Educaci\u00f3n P\u00fablica (SEP) federal que observ\u00f3 la reuni\u00f3n que sostuvieron las y los maestros tlaxcaltecas del subsistema de educaci\u00f3n ind\u00edgena en el municipio sede de San Francisco Tetlanohcan.<\/p>\n\n\n\n<p>A estos di\u00e1logos comunitarios asistieron autoridades y figuras educativas que analizaron la propuesta de transformaci\u00f3n para los programas de educaci\u00f3n b\u00e1sica sobre el sentido pluricultural y plurilingu\u00edstico, con el objetivo de recoger experiencias, planteamientos y opiniones que consoliden la transformaci\u00f3n de dise\u00f1o curricular.<\/p>\n\n\n\n<p>En su mensaje, el secretario de Educaci\u00f3n agradeci\u00f3 la participaci\u00f3n y excelente disposici\u00f3n de las y los maestros de educaci\u00f3n ind\u00edgena, quienes atienden a m\u00e1s de 5 mil 500 ni\u00f1as y ni\u00f1os en todo el estado.<\/p>\n\n\n\n<p>Explic\u00f3 que la Nueva Escuela Mexicana tiene como referente el art\u00edculo 11 de la Ley General de Educaci\u00f3n y en Tlaxcala el gobierno local propone, dise\u00f1a y establece seis programas generales y 15 objetivos, cada uno tiene l\u00edneas de acci\u00f3n que conducen a la creaci\u00f3n del Nuevo Modelo Educativo Tlaxcalteca (Numet) con ejes de comunicaci\u00f3n-acci\u00f3n que convocan a un di\u00e1logo constante, y a una construcci\u00f3n permanente y participativa.<\/p>\n\n\n\n<p>En este foro se cont\u00f3 con la participaci\u00f3n virtual del subsecretario de Educaci\u00f3n Superior de la SEP federal, quien en su mensaje resalt\u00f3 la importancia de participar, dialogar, analizar y aportar propuestas para la consolidaci\u00f3n de la Nueva Escuela Mexicana.<\/p>\n\n\n\n<p>Finalmente, las propuestas acordadas entre las figuras educativas y los participantes fueron entregadas a las autoridades federales de la SEP, quienes se congratularon por el inter\u00e9s, di\u00e1logo, an\u00e1lisis y aportaci\u00f3n que mostraron las figuras educativas que en todo momento priorizaron el inter\u00e9s por la educaci\u00f3n de Tlaxcala y sus habitantes.<\/p>\n","protected":false},"excerpt":{"rendered":"<p>*La autoridad federal reconoci\u00f3 el inter\u00e9s, participaci\u00f3n, di\u00e1logo y aportaci\u00f3n que realizaron las figuras tlaxcaltecas a favor de la educaci\u00f3n Autoridades de la Unidad de Servicios Educativos de Tlaxcala (USET), directivos y figuras educativas realizaron el foro denominado \u201cPropuesta para los di\u00e1logos comunitarios en regiones ind\u00edgenas y afroamericanas sobre el redise\u00f1o curricular en educaci\u00f3n b\u00e1sica [&hellip;]<\/p>\n","protected":false},"author":1,"featured_media":91030,"comment_status":"open","ping_status":"open","sticky":false,"template":"","format":"standard","meta":{"footnotes":""},"categories":[21],"tags":[],"class_list":["post-91029","post","type-post","status-publish","format-standard","has-post-thumbnail","hentry","category-estatal"],"blog_post_layout_featured_media_urls":{"thumbnail":["https:\/\/diariolanoticia.com.mx\/wp-content\/uploads\/2022\/03\/290322_SEPE-FORO-REGIONES-1-216x160.jpeg",216,160,true],"full":["https:\/\/diariolanoticia.com.mx\/wp-content\/uploads\/2022\/03\/290322_SEPE-FORO-REGIONES-1.jpeg",1280,853,false]},"categories_names":{"21":{"name":"Estatal","link":"https:\/\/diariolanoticia.com.mx\/?cat=21"}},"tags_names":[],"comments_number":"0","wpmagazine_modules_lite_featured_media_urls":{"thumbnail":["https:\/\/diariolanoticia.com.mx\/wp-content\/uploads\/2022\/03\/290322_SEPE-FORO-REGIONES-1-216x160.jpeg",216,160,true],"cvmm-medium":["https:\/\/diariolanoticia.com.mx\/wp-content\/uploads\/2022\/03\/290322_SEPE-FORO-REGIONES-1-300x300.jpeg",300,300,true],"cvmm-medium-plus":["https:\/\/diariolanoticia.com.mx\/wp-content\/uploads\/2022\/03\/290322_SEPE-FORO-REGIONES-1-305x207.jpeg",305,207,true],"cvmm-portrait":["https:\/\/diariolanoticia.com.mx\/wp-content\/uploads\/2022\/03\/290322_SEPE-FORO-REGIONES-1-400x600.jpeg",400,600,true],"cvmm-medium-square":["https:\/\/diariolanoticia.com.mx\/wp-content\/uploads\/2022\/03\/290322_SEPE-FORO-REGIONES-1-600x600.jpeg",600,600,true],"cvmm-large":["https:\/\/diariolanoticia.com.mx\/wp-content\/uploads\/2022\/03\/290322_SEPE-FORO-REGIONES-1-1024x853.jpeg",1024,853,true],"cvmm-small":["https:\/\/diariolanoticia.com.mx\/wp-content\/uploads\/2022\/03\/290322_SEPE-FORO-REGIONES-1-130x95.jpeg",130,95,true],"full":["https:\/\/diariolanoticia.com.mx\/wp-content\/uploads\/2022\/03\/290322_SEPE-FORO-REGIONES-1.jpeg",1280,853,false]},"_links":{"self":[{"href":"https:\/\/diariolanoticia.com.mx\/index.php?rest_route=\/wp\/v2\/posts\/91029","targetHints":{"allow":["GET"]}}],"collection":[{"href":"https:\/\/diariolanoticia.com.mx\/index.php?rest_route=\/wp\/v2\/posts"}],"about":[{"href":"https:\/\/diariolanoticia.com.mx\/index.php?rest_route=\/wp\/v2\/types\/post"}],"author":[{"embeddable":true,"href":"https:\/\/diariolanoticia.com.mx\/index.php?rest_route=\/wp\/v2\/users\/1"}],"replies":[{"embeddable":true,"href":"https:\/\/diariolanoticia.com.mx\/index.php?rest_route=%2Fwp%2Fv2%2Fcomments&post=91029"}],"version-history":[{"count":1,"href":"https:\/\/diariolanoticia.com.mx\/index.php?rest_route=\/wp\/v2\/posts\/91029\/revisions"}],"predecessor-version":[{"id":91031,"href":"https:\/\/diariolanoticia.com.mx\/index.php?rest_route=\/wp\/v2\/posts\/91029\/revisions\/91031"}],"wp:featuredmedia":[{"embeddable":true,"href":"https:\/\/diariolanoticia.com.mx\/index.php?rest_route=\/wp\/v2\/media\/91030"}],"wp:attachment":[{"href":"https:\/\/diariolanoticia.com.mx\/index.php?rest_route=%2Fwp%2Fv2%2Fmedia&parent=91029"}],"wp:term":[{"taxonomy":"category","embeddable":true,"href":"https:\/\/diariolanoticia.com.mx\/index.php?rest_route=%2Fwp%2Fv2%2Fcategories&post=91029"},{"taxonomy":"post_tag","embeddable":true,"href":"https:\/\/diariolanoticia.com.mx\/index.php?rest_route=%2Fwp%2Fv2%2Ftags&post=91029"}],"curies":[{"name":"wp","href":"https:\/\/api.w.org\/{rel}","templated":true}]}}