{"id":91203,"date":"2022-04-01T20:57:34","date_gmt":"2022-04-01T20:57:34","guid":{"rendered":"https:\/\/diariolanoticia.com.mx\/?p=91203"},"modified":"2022-04-01T20:57:35","modified_gmt":"2022-04-01T20:57:35","slug":"clausura-presidenta-del-tsj-jornadas-de-capacitacion-en-resolucion-de-sentencias","status":"publish","type":"post","link":"https:\/\/diariolanoticia.com.mx\/?p=91203","title":{"rendered":"Clausura Presidenta del TSJ jornadas de capacitaci\u00f3n en resoluci\u00f3n de sentencias"},"content":{"rendered":"\n<p>La Magistrada Presidenta del Tribunal Superior de Justicia y del Consejo de la Judicatura del Estado (TSJ-CJE), clausur\u00f3 v\u00eda remota, la segunda jornada de capacitaci\u00f3n denominada \u00abSentencias y resoluciones ciudadanas: claridad, precisi\u00f3n y lenguaje incluyente\u00bb.<br>Al concluir el \u00faltimo m\u00f3dulo de las disertaciones, la Magistrada Presidenta reconoci\u00f3 el inter\u00e9s mostrado por parte del personal jurisdiccional como Secretarios de Acuerdos, Proyectistas, Juezas y Jueces, pues afirm\u00f3 que ello, es muestra fehaciente de que en el Poder Judicial del Estado hay servidores p\u00fablicos comprometidos con eficientar sus funciones mediante la capacitaci\u00f3n constante.<br>Asimismo, resalt\u00f3 que los convenios de colaboraci\u00f3n que han signado con diversas instituciones y asociaciones, den como resultado este tipo de trabajos acad\u00e9micos que permiten mantener en un proceso de mejora constante al factor m\u00e1s importante del TSJ-CJE, el humano.<br>\u00abReconocer y agradecer al ponente, el Maestro Gustavo Gardu\u00f1o Dom\u00ednguez, por sus aportaciones que, estoy segura, ser\u00e1n de gran beneficio en el quehacer jurisdiccional de quienes tienen la tarea de elaborar las resoluciones y sentencias\u00bb, destac\u00f3 la Magistrada Presidenta.<br>Asimismo, el conferencista del Centro de \u00c9tica Judicial A.C., recibi\u00f3 un reconocimiento en l\u00ednea, de la Consejera de la Judicatura de la comisi\u00f3n de Carrera Judicial, por su loable participaci\u00f3n en la segunda jornada de capacitaci\u00f3n que el Poder Judicial del Estado dio al personal jurisdiccional.<br>Las jornadas de capacitaci\u00f3n fueron dirigidas, principalmente, a jueces, juezas, proyectistas de Juzgado de Primera Instancia que intervienen en la elaboraci\u00f3n de sentencias y resoluciones judiciales, y dem\u00e1s personal jurisdiccional y que, en suma, fueron un total de 75 horas de conferencias.<br>Entre los ponentes, destacaron V\u00edctor Ra\u00fal Malca Guaylupo, Magistrado Integrante de la Segunda Sala de Derecho Constitucional y social Transitoria de la Corte Suprema de Justicia de la Rep\u00fablica del Per\u00fa; Ra\u00fal \u00c1vila Ortiz, profesor investigador de la Escuela Judicial Electoral del Tribunal Electoral del Poder Judicial de la Federaci\u00f3n.<br>Asimismo, Augusto Arturo Col\u00edn Aguado, del Tribunal Electoral del Poder Judicial de la Federaci\u00f3n; Roberto Guadarrama, Director General en el Instituto para la Planeaci\u00f3n del Desarrollo A.C., y Gustavo Gardu\u00f1o Dom\u00ednguez, Centro de \u00c9tica Judicial.<\/p>\n","protected":false},"excerpt":{"rendered":"<p>La Magistrada Presidenta del Tribunal Superior de Justicia y del Consejo de la Judicatura del Estado (TSJ-CJE), clausur\u00f3 v\u00eda remota, la segunda jornada de capacitaci\u00f3n denominada \u00abSentencias y resoluciones ciudadanas: claridad, precisi\u00f3n y lenguaje incluyente\u00bb.Al concluir el \u00faltimo m\u00f3dulo de las disertaciones, la Magistrada Presidenta reconoci\u00f3 el inter\u00e9s mostrado por parte del personal jurisdiccional como [&hellip;]<\/p>\n","protected":false},"author":1,"featured_media":91204,"comment_status":"open","ping_status":"open","sticky":false,"template":"","format":"standard","meta":{"footnotes":""},"categories":[21],"tags":[],"class_list":["post-91203","post","type-post","status-publish","format-standard","has-post-thumbnail","hentry","category-estatal"],"blog_post_layout_featured_media_urls":{"thumbnail":["https:\/\/diariolanoticia.com.mx\/wp-content\/uploads\/2022\/04\/WhatsApp-Image-2022-03-31-at-6.47.56-PM-216x160.jpeg",216,160,true],"full":["https:\/\/diariolanoticia.com.mx\/wp-content\/uploads\/2022\/04\/WhatsApp-Image-2022-03-31-at-6.47.56-PM.jpeg",1280,719,false]},"categories_names":{"21":{"name":"Estatal","link":"https:\/\/diariolanoticia.com.mx\/?cat=21"}},"tags_names":[],"comments_number":"0","wpmagazine_modules_lite_featured_media_urls":{"thumbnail":["https:\/\/diariolanoticia.com.mx\/wp-content\/uploads\/2022\/04\/WhatsApp-Image-2022-03-31-at-6.47.56-PM-216x160.jpeg",216,160,true],"cvmm-medium":["https:\/\/diariolanoticia.com.mx\/wp-content\/uploads\/2022\/04\/WhatsApp-Image-2022-03-31-at-6.47.56-PM-300x300.jpeg",300,300,true],"cvmm-medium-plus":["https:\/\/diariolanoticia.com.mx\/wp-content\/uploads\/2022\/04\/WhatsApp-Image-2022-03-31-at-6.47.56-PM-305x207.jpeg",305,207,true],"cvmm-portrait":["https:\/\/diariolanoticia.com.mx\/wp-content\/uploads\/2022\/04\/WhatsApp-Image-2022-03-31-at-6.47.56-PM-400x600.jpeg",400,600,true],"cvmm-medium-square":["https:\/\/diariolanoticia.com.mx\/wp-content\/uploads\/2022\/04\/WhatsApp-Image-2022-03-31-at-6.47.56-PM-600x600.jpeg",600,600,true],"cvmm-large":["https:\/\/diariolanoticia.com.mx\/wp-content\/uploads\/2022\/04\/WhatsApp-Image-2022-03-31-at-6.47.56-PM-1024x719.jpeg",1024,719,true],"cvmm-small":["https:\/\/diariolanoticia.com.mx\/wp-content\/uploads\/2022\/04\/WhatsApp-Image-2022-03-31-at-6.47.56-PM-130x95.jpeg",130,95,true],"full":["https:\/\/diariolanoticia.com.mx\/wp-content\/uploads\/2022\/04\/WhatsApp-Image-2022-03-31-at-6.47.56-PM.jpeg",1280,719,false]},"_links":{"self":[{"href":"https:\/\/diariolanoticia.com.mx\/index.php?rest_route=\/wp\/v2\/posts\/91203","targetHints":{"allow":["GET"]}}],"collection":[{"href":"https:\/\/diariolanoticia.com.mx\/index.php?rest_route=\/wp\/v2\/posts"}],"about":[{"href":"https:\/\/diariolanoticia.com.mx\/index.php?rest_route=\/wp\/v2\/types\/post"}],"author":[{"embeddable":true,"href":"https:\/\/diariolanoticia.com.mx\/index.php?rest_route=\/wp\/v2\/users\/1"}],"replies":[{"embeddable":true,"href":"https:\/\/diariolanoticia.com.mx\/index.php?rest_route=%2Fwp%2Fv2%2Fcomments&post=91203"}],"version-history":[{"count":1,"href":"https:\/\/diariolanoticia.com.mx\/index.php?rest_route=\/wp\/v2\/posts\/91203\/revisions"}],"predecessor-version":[{"id":91205,"href":"https:\/\/diariolanoticia.com.mx\/index.php?rest_route=\/wp\/v2\/posts\/91203\/revisions\/91205"}],"wp:featuredmedia":[{"embeddable":true,"href":"https:\/\/diariolanoticia.com.mx\/index.php?rest_route=\/wp\/v2\/media\/91204"}],"wp:attachment":[{"href":"https:\/\/diariolanoticia.com.mx\/index.php?rest_route=%2Fwp%2Fv2%2Fmedia&parent=91203"}],"wp:term":[{"taxonomy":"category","embeddable":true,"href":"https:\/\/diariolanoticia.com.mx\/index.php?rest_route=%2Fwp%2Fv2%2Fcategories&post=91203"},{"taxonomy":"post_tag","embeddable":true,"href":"https:\/\/diariolanoticia.com.mx\/index.php?rest_route=%2Fwp%2Fv2%2Ftags&post=91203"}],"curies":[{"name":"wp","href":"https:\/\/api.w.org\/{rel}","templated":true}]}}