{"id":91206,"date":"2022-04-01T20:59:33","date_gmt":"2022-04-01T20:59:33","guid":{"rendered":"https:\/\/diariolanoticia.com.mx\/?p=91206"},"modified":"2022-04-01T20:59:34","modified_gmt":"2022-04-01T20:59:34","slug":"presenta-uatx-musica-y-danza-de-polonia","status":"publish","type":"post","link":"https:\/\/diariolanoticia.com.mx\/?p=91206","title":{"rendered":"Presenta UATx m\u00fasica y danza de Polonia"},"content":{"rendered":"\n<p>La Universidad Aut\u00f3noma de Tlaxcala (UATx), a trav\u00e9s de las Secretar\u00edas de Extensi\u00f3n Universitaria y Difusi\u00f3n Cultural, y de la de Autorrealizaci\u00f3n, llevaron a cabo la presentaci\u00f3n del grupo de m\u00fasica y danza folkl\u00f3rica Promni de la Universidad de Ciencias Naturales de Varsovia, Polonia, bajo la direcci\u00f3n del Mtro. Radoslaw Puszylo, en el Centro Cultural Universitario.<\/p>\n\n\n\n<p>Al tomar la palabra, el Mtro. Alejandro Palma Su\u00e1rez, Secretario de Extensi\u00f3n Universitaria y Difusi\u00f3n Cultural acompa\u00f1ado del Arq. Miguel Mois\u00e9s Garc\u00eda de Oca, Secretario de Autorrealizaci\u00f3n, felicitaron a la agrupaci\u00f3n y entregaron al Mtro. Radoslaw Puszylo un reconocimiento por su participaci\u00f3n que se hab\u00eda aplazado dos a\u00f1os debido a la pandemia ocasionada por la propagaci\u00f3n del COVID-19.<\/p>\n\n\n\n<p>Los asistentes a este concierto pudieron apreciar las coreograf\u00edas, las piezas instrumentales y las canciones tradicional de las 16 regiones de ese pa\u00eds del este de Europa.&nbsp;&nbsp;<\/p>\n\n\n\n<p>Por su trayectoria art\u00edstica las autoridades de su pa\u00eds han designado a esta agrupaci\u00f3n como representativa de la cultura de Polonia.<\/p>\n","protected":false},"excerpt":{"rendered":"<p>La Universidad Aut\u00f3noma de Tlaxcala (UATx), a trav\u00e9s de las Secretar\u00edas de Extensi\u00f3n Universitaria y Difusi\u00f3n Cultural, y de la de Autorrealizaci\u00f3n, llevaron a cabo la presentaci\u00f3n del grupo de m\u00fasica y danza folkl\u00f3rica Promni de la Universidad de Ciencias Naturales de Varsovia, Polonia, bajo la direcci\u00f3n del Mtro. Radoslaw Puszylo, en el Centro Cultural [&hellip;]<\/p>\n","protected":false},"author":1,"featured_media":91207,"comment_status":"open","ping_status":"open","sticky":false,"template":"","format":"standard","meta":{"footnotes":""},"categories":[10],"tags":[],"class_list":["post-91206","post","type-post","status-publish","format-standard","has-post-thumbnail","hentry","category-educacion"],"blog_post_layout_featured_media_urls":{"thumbnail":["https:\/\/diariolanoticia.com.mx\/wp-content\/uploads\/2022\/04\/01-Presenta-UATx-musica-y-danza-de-Polonia-216x160.jpg",216,160,true],"full":["https:\/\/diariolanoticia.com.mx\/wp-content\/uploads\/2022\/04\/01-Presenta-UATx-musica-y-danza-de-Polonia.jpg",1420,946,false]},"categories_names":{"10":{"name":"Educaci\u00f3n","link":"https:\/\/diariolanoticia.com.mx\/?cat=10"}},"tags_names":[],"comments_number":"0","wpmagazine_modules_lite_featured_media_urls":{"thumbnail":["https:\/\/diariolanoticia.com.mx\/wp-content\/uploads\/2022\/04\/01-Presenta-UATx-musica-y-danza-de-Polonia-216x160.jpg",216,160,true],"cvmm-medium":["https:\/\/diariolanoticia.com.mx\/wp-content\/uploads\/2022\/04\/01-Presenta-UATx-musica-y-danza-de-Polonia-300x300.jpg",300,300,true],"cvmm-medium-plus":["https:\/\/diariolanoticia.com.mx\/wp-content\/uploads\/2022\/04\/01-Presenta-UATx-musica-y-danza-de-Polonia-305x207.jpg",305,207,true],"cvmm-portrait":["https:\/\/diariolanoticia.com.mx\/wp-content\/uploads\/2022\/04\/01-Presenta-UATx-musica-y-danza-de-Polonia-400x600.jpg",400,600,true],"cvmm-medium-square":["https:\/\/diariolanoticia.com.mx\/wp-content\/uploads\/2022\/04\/01-Presenta-UATx-musica-y-danza-de-Polonia-600x600.jpg",600,600,true],"cvmm-large":["https:\/\/diariolanoticia.com.mx\/wp-content\/uploads\/2022\/04\/01-Presenta-UATx-musica-y-danza-de-Polonia-1024x946.jpg",1024,946,true],"cvmm-small":["https:\/\/diariolanoticia.com.mx\/wp-content\/uploads\/2022\/04\/01-Presenta-UATx-musica-y-danza-de-Polonia-130x95.jpg",130,95,true],"full":["https:\/\/diariolanoticia.com.mx\/wp-content\/uploads\/2022\/04\/01-Presenta-UATx-musica-y-danza-de-Polonia.jpg",1420,946,false]},"_links":{"self":[{"href":"https:\/\/diariolanoticia.com.mx\/index.php?rest_route=\/wp\/v2\/posts\/91206","targetHints":{"allow":["GET"]}}],"collection":[{"href":"https:\/\/diariolanoticia.com.mx\/index.php?rest_route=\/wp\/v2\/posts"}],"about":[{"href":"https:\/\/diariolanoticia.com.mx\/index.php?rest_route=\/wp\/v2\/types\/post"}],"author":[{"embeddable":true,"href":"https:\/\/diariolanoticia.com.mx\/index.php?rest_route=\/wp\/v2\/users\/1"}],"replies":[{"embeddable":true,"href":"https:\/\/diariolanoticia.com.mx\/index.php?rest_route=%2Fwp%2Fv2%2Fcomments&post=91206"}],"version-history":[{"count":1,"href":"https:\/\/diariolanoticia.com.mx\/index.php?rest_route=\/wp\/v2\/posts\/91206\/revisions"}],"predecessor-version":[{"id":91208,"href":"https:\/\/diariolanoticia.com.mx\/index.php?rest_route=\/wp\/v2\/posts\/91206\/revisions\/91208"}],"wp:featuredmedia":[{"embeddable":true,"href":"https:\/\/diariolanoticia.com.mx\/index.php?rest_route=\/wp\/v2\/media\/91207"}],"wp:attachment":[{"href":"https:\/\/diariolanoticia.com.mx\/index.php?rest_route=%2Fwp%2Fv2%2Fmedia&parent=91206"}],"wp:term":[{"taxonomy":"category","embeddable":true,"href":"https:\/\/diariolanoticia.com.mx\/index.php?rest_route=%2Fwp%2Fv2%2Fcategories&post=91206"},{"taxonomy":"post_tag","embeddable":true,"href":"https:\/\/diariolanoticia.com.mx\/index.php?rest_route=%2Fwp%2Fv2%2Ftags&post=91206"}],"curies":[{"name":"wp","href":"https:\/\/api.w.org\/{rel}","templated":true}]}}