{"id":91484,"date":"2022-04-06T17:29:10","date_gmt":"2022-04-06T17:29:10","guid":{"rendered":"https:\/\/diariolanoticia.com.mx\/?p=91484"},"modified":"2022-04-06T17:29:11","modified_gmt":"2022-04-06T17:29:11","slug":"sepe-realizo-proceso-de-asignacion-de-horas-adicionales-de-educacion-fisica","status":"publish","type":"post","link":"https:\/\/diariolanoticia.com.mx\/?p=91484","title":{"rendered":"SEPE realiz\u00f3 proceso de asignaci\u00f3n de horas adicionales de educaci\u00f3n f\u00edsica"},"content":{"rendered":"\n<p><em>*La SEPE y la UESICAMM cumplieron en tiempo y forma con el procedimiento marcado por la Ley para la Carrera de las y los Maestros&nbsp;<\/em><\/p>\n\n\n\n<p>Derivado del proceso de asignaci\u00f3n de horas adicionales, ciclo escolar 2021-2022 y en cumplimiento a la Ley para la Carrera de las y los Maestros, autoridades de la Secretar\u00eda de Educaci\u00f3n P\u00fablica del Estado (SEPE), a trav\u00e9s de la Unidad Estatal del Sistema para la Carrera de las Maestras y los Maestros (UESICAMM), realizaron la asignaci\u00f3n de 18 horas adicionales en beneficio de seis maestras y maestros de educaci\u00f3n f\u00edsica.&nbsp;<\/p>\n\n\n\n<p>En la sala \u201cLucio Caba\u00f1as Barrientos\u201d de oficinas centrales de la SEPE-USET se dio lectura al Marco Normativo del Proceso de Asignaci\u00f3n de Horas Adicionales por parte del jefe de departamento de la UESICAMM y se llev\u00f3 a cabo el protocolo de asignaci\u00f3n.&nbsp;<\/p>\n\n\n\n<p>Luego de cumplir con la normatividad, las autoridades procedieron a realizar el evento que fue dirigido a los participantes beneficiados de educaci\u00f3n f\u00edsica para los niveles de educaci\u00f3n preescolar y primaria, respectivamente.&nbsp;<\/p>\n\n\n\n<p>El proceso se realiz\u00f3 de manera transparente y apegado a la ley, por lo que cada figura educativa del cuarto grupo de desempe\u00f1o del \u00e1rea estatal eligi\u00f3 su centro de trabajo.&nbsp;<\/p>\n\n\n\n<p>Los docentes favorecidos con base en la lista de ordenamiento de personal de la promoci\u00f3n de horas adicionales son: Iv\u00e1n Mart\u00ednez Alonso, Edgar Maldonado Hern\u00e1ndez, Ver\u00f3nica Miroslava Olivares Nochebuena, Mauro Jes\u00fas Ruelas Santacruz, Luz Mar\u00eda de la Flor Hern\u00e1ndez Molina y Luz Ang\u00e9lica Salazar Rivera.&nbsp;<\/p>\n\n\n\n<p>Finalmente, es de mencionar que al evento asisti\u00f3 el director de Educaci\u00f3n B\u00e1sica de SEPE y el jefe del Departamento de Educaci\u00f3n F\u00edsica, as\u00ed como integrantes del Comit\u00e9 Ejecutivo Nacional del Sindicato Nacional de Trabajadores de la Educaci\u00f3n (SNTE) y de la secci\u00f3n 55.&nbsp;<\/p>\n","protected":false},"excerpt":{"rendered":"<p>*La SEPE y la UESICAMM cumplieron en tiempo y forma con el procedimiento marcado por la Ley para la Carrera de las y los Maestros&nbsp; Derivado del proceso de asignaci\u00f3n de horas adicionales, ciclo escolar 2021-2022 y en cumplimiento a la Ley para la Carrera de las y los Maestros, autoridades de la Secretar\u00eda de [&hellip;]<\/p>\n","protected":false},"author":1,"featured_media":91485,"comment_status":"open","ping_status":"open","sticky":false,"template":"","format":"standard","meta":{"footnotes":""},"categories":[21],"tags":[],"class_list":["post-91484","post","type-post","status-publish","format-standard","has-post-thumbnail","hentry","category-estatal"],"blog_post_layout_featured_media_urls":{"thumbnail":["https:\/\/diariolanoticia.com.mx\/wp-content\/uploads\/2022\/04\/060422_SEPE_EDUC_FISICA-1-216x160.jpeg",216,160,true],"full":["https:\/\/diariolanoticia.com.mx\/wp-content\/uploads\/2022\/04\/060422_SEPE_EDUC_FISICA-1.jpeg",1280,854,false]},"categories_names":{"21":{"name":"Estatal","link":"https:\/\/diariolanoticia.com.mx\/?cat=21"}},"tags_names":[],"comments_number":"0","wpmagazine_modules_lite_featured_media_urls":{"thumbnail":["https:\/\/diariolanoticia.com.mx\/wp-content\/uploads\/2022\/04\/060422_SEPE_EDUC_FISICA-1-216x160.jpeg",216,160,true],"cvmm-medium":["https:\/\/diariolanoticia.com.mx\/wp-content\/uploads\/2022\/04\/060422_SEPE_EDUC_FISICA-1-300x300.jpeg",300,300,true],"cvmm-medium-plus":["https:\/\/diariolanoticia.com.mx\/wp-content\/uploads\/2022\/04\/060422_SEPE_EDUC_FISICA-1-305x207.jpeg",305,207,true],"cvmm-portrait":["https:\/\/diariolanoticia.com.mx\/wp-content\/uploads\/2022\/04\/060422_SEPE_EDUC_FISICA-1-400x600.jpeg",400,600,true],"cvmm-medium-square":["https:\/\/diariolanoticia.com.mx\/wp-content\/uploads\/2022\/04\/060422_SEPE_EDUC_FISICA-1-600x600.jpeg",600,600,true],"cvmm-large":["https:\/\/diariolanoticia.com.mx\/wp-content\/uploads\/2022\/04\/060422_SEPE_EDUC_FISICA-1-1024x854.jpeg",1024,854,true],"cvmm-small":["https:\/\/diariolanoticia.com.mx\/wp-content\/uploads\/2022\/04\/060422_SEPE_EDUC_FISICA-1-130x95.jpeg",130,95,true],"full":["https:\/\/diariolanoticia.com.mx\/wp-content\/uploads\/2022\/04\/060422_SEPE_EDUC_FISICA-1.jpeg",1280,854,false]},"_links":{"self":[{"href":"https:\/\/diariolanoticia.com.mx\/index.php?rest_route=\/wp\/v2\/posts\/91484","targetHints":{"allow":["GET"]}}],"collection":[{"href":"https:\/\/diariolanoticia.com.mx\/index.php?rest_route=\/wp\/v2\/posts"}],"about":[{"href":"https:\/\/diariolanoticia.com.mx\/index.php?rest_route=\/wp\/v2\/types\/post"}],"author":[{"embeddable":true,"href":"https:\/\/diariolanoticia.com.mx\/index.php?rest_route=\/wp\/v2\/users\/1"}],"replies":[{"embeddable":true,"href":"https:\/\/diariolanoticia.com.mx\/index.php?rest_route=%2Fwp%2Fv2%2Fcomments&post=91484"}],"version-history":[{"count":1,"href":"https:\/\/diariolanoticia.com.mx\/index.php?rest_route=\/wp\/v2\/posts\/91484\/revisions"}],"predecessor-version":[{"id":91486,"href":"https:\/\/diariolanoticia.com.mx\/index.php?rest_route=\/wp\/v2\/posts\/91484\/revisions\/91486"}],"wp:featuredmedia":[{"embeddable":true,"href":"https:\/\/diariolanoticia.com.mx\/index.php?rest_route=\/wp\/v2\/media\/91485"}],"wp:attachment":[{"href":"https:\/\/diariolanoticia.com.mx\/index.php?rest_route=%2Fwp%2Fv2%2Fmedia&parent=91484"}],"wp:term":[{"taxonomy":"category","embeddable":true,"href":"https:\/\/diariolanoticia.com.mx\/index.php?rest_route=%2Fwp%2Fv2%2Fcategories&post=91484"},{"taxonomy":"post_tag","embeddable":true,"href":"https:\/\/diariolanoticia.com.mx\/index.php?rest_route=%2Fwp%2Fv2%2Ftags&post=91484"}],"curies":[{"name":"wp","href":"https:\/\/api.w.org\/{rel}","templated":true}]}}