{"id":91487,"date":"2022-04-06T17:30:35","date_gmt":"2022-04-06T17:30:35","guid":{"rendered":"https:\/\/diariolanoticia.com.mx\/?p=91487"},"modified":"2022-04-06T17:30:36","modified_gmt":"2022-04-06T17:30:36","slug":"iaip-exhorta-a-la-poblacion-a-orientar-a-ninos-y-ninas-sobre-cuidado-de-datos-personales","status":"publish","type":"post","link":"https:\/\/diariolanoticia.com.mx\/?p=91487","title":{"rendered":"IAIP exhorta a la poblaci\u00f3n a orientar a ni\u00f1os y ni\u00f1as sobre cuidado de datos personales."},"content":{"rendered":"\n<p>Debido a que ni\u00f1os y ni\u00f1as representan a uno de los segmentos de la poblaci\u00f3n que m\u00e1s utiliza aplicaciones alojadas en internet, el Instituto de Acceso a la Informaci\u00f3n P\u00fablica y Protecci\u00f3n de Datos Personales (IAIP) exhort\u00f3 a la poblaci\u00f3n a orientar a menores de edad sobre una adecuada protecci\u00f3n de informaci\u00f3n personal en este tipo de ecolog\u00eda medi\u00e1tica.<\/p>\n\n\n\n<p>Como parte de su campa\u00f1a \u201cMis datos personales valen, y los cuido\u201d, el \u00f3rgano garante en Tlaxcala reflexiona en torno a la realidad que se vive actualmente sobre la cada vez mayor utilizaci\u00f3n de herramientas de internet, en las que las nuevas generaciones se encuentran m\u00e1s familiarizadas.<\/p>\n\n\n\n<p>En este escenario, son precisamente los menores de edad quienes representan uno de los sectores de la audiencia que hacen mayor uso de internet para crear contenido, descargar m\u00fasica, interactuar con amigos o familiares, pero tambi\u00e9n con desconocidos.<\/p>\n\n\n\n<p>Asimismo, a ra\u00edz de la llegada de la pandemia por Covid-19 a inicios de 2020 increment\u00f3 el uso de internet para realizar actividades escolares e incluso para mantener contacto con personas de su entorno social.<\/p>\n\n\n\n<p>En esta l\u00ednea, de acuerdo con la Encuesta Nacional sobre Disponibilidad y&nbsp;Uso&nbsp;de Tecnolog\u00edas de la Informaci\u00f3n en los Hogares 2019 (ENDUTIH) del INEGI, en M\u00e9xico, 6 de cada 10 ni\u00f1os y ni\u00f1as entre los 6 y 11 a\u00f1os tienen acceso a internet.<\/p>\n\n\n\n<p>M\u00e1s a\u00fan, seg\u00fan la empresa especializada en seguridad cibern\u00e9tica Kaspersky, el 48 por ciento de los ni\u00f1os en M\u00e9xico cuenta con un perfil activo en redes sociales, espec\u00edficamente Instagram, YouTube, Facebook, y WhatsApp, plataformas en las que suelen compartir informaci\u00f3n como nombre, apellidos, fotograf\u00edas, direcci\u00f3n, escuela, entre otros que los identifican o hacen identificables.<\/p>\n\n\n\n<p>Por ello, el IAIP Tlaxcala emite una serie de recomendaciones que permitir\u00e1n reforzar la seguridad de ni\u00f1os y ni\u00f1as cuando naveguen o interact\u00faen a trav\u00e9s de herramientas digitales, videojuegos, redes sociales, o cualquier otra plataforma alojada en internet.<\/p>\n\n\n\n<p>Entre \u00e9stas, se encuentran: no proporcionar informaci\u00f3n personal a desconocidos o en sitios de internet no oficiales; evitar dar clic en enlaces que lleguen por correo electr\u00f3nico, podr\u00edan acceder a informaci\u00f3n personal, por ejemplo, cuentas bancarias de sus padres.<\/p>\n\n\n\n<p>Asimismo, reforzar la dificultad de las contrase\u00f1as en redes sociales para evitar que \u00e9stas sean sustra\u00eddas f\u00e1cilmente; si va a conocer personalmente a alguien que contact\u00f3 por internet, se recomienda ir acompa\u00f1ado por un adulto o alguien de confianza; platicar con mam\u00e1 o pap\u00e1, si considera que se encuentra en una situaci\u00f3n de riesgo.<\/p>\n\n\n\n<p>Para abundar sobre \u00e9sta y m\u00e1s informaci\u00f3n, el IAIP Tlaxcala pone a disposici\u00f3n del p\u00fablico el siguiente enlace electr\u00f3nico <a href=\"https:\/\/micrositios.inai.org.mx\/clic\/\">https:\/\/micrositios.inai.org.mx\/clic\/<\/a>, en donde el Instituto Nacional de Transparencia, Acceso a la Informaci\u00f3n y Protecci\u00f3n de Datos Personales (INAI) abunda sobre buenas pr\u00e1cticas en mantera de privacidad en menores de edad.<\/p>\n\n\n\n<p>Estas actividades van en concordancia con el plan de trabajo del IAIP que, en su tercer eje, especifica la socializaci\u00f3n de los derechos que tutela el IAIP como una de sus principales premisas.<\/p>\n\n\n\n<p>Con ello, la identificaci\u00f3n de audiencias espec\u00edficas permite la elaboraci\u00f3n de contenidos que refuercen el conocimiento, en este caso, de la protecci\u00f3n de datos personales en menores de edad.<\/p>\n","protected":false},"excerpt":{"rendered":"<p>Debido a que ni\u00f1os y ni\u00f1as representan a uno de los segmentos de la poblaci\u00f3n que m\u00e1s utiliza aplicaciones alojadas en internet, el Instituto de Acceso a la Informaci\u00f3n P\u00fablica y Protecci\u00f3n de Datos Personales (IAIP) exhort\u00f3 a la poblaci\u00f3n a orientar a menores de edad sobre una adecuada protecci\u00f3n de informaci\u00f3n personal en este [&hellip;]<\/p>\n","protected":false},"author":1,"featured_media":91488,"comment_status":"open","ping_status":"open","sticky":false,"template":"","format":"standard","meta":{"footnotes":""},"categories":[21],"tags":[],"class_list":["post-91487","post","type-post","status-publish","format-standard","has-post-thumbnail","hentry","category-estatal"],"blog_post_layout_featured_media_urls":{"thumbnail":["https:\/\/diariolanoticia.com.mx\/wp-content\/uploads\/2022\/04\/datos-personales-ninos-iaip-216x160.png",216,160,true],"full":["https:\/\/diariolanoticia.com.mx\/wp-content\/uploads\/2022\/04\/datos-personales-ninos-iaip.png",1728,2304,false]},"categories_names":{"21":{"name":"Estatal","link":"https:\/\/diariolanoticia.com.mx\/?cat=21"}},"tags_names":[],"comments_number":"0","wpmagazine_modules_lite_featured_media_urls":{"thumbnail":["https:\/\/diariolanoticia.com.mx\/wp-content\/uploads\/2022\/04\/datos-personales-ninos-iaip-216x160.png",216,160,true],"cvmm-medium":["https:\/\/diariolanoticia.com.mx\/wp-content\/uploads\/2022\/04\/datos-personales-ninos-iaip-300x300.png",300,300,true],"cvmm-medium-plus":["https:\/\/diariolanoticia.com.mx\/wp-content\/uploads\/2022\/04\/datos-personales-ninos-iaip-305x207.png",305,207,true],"cvmm-portrait":["https:\/\/diariolanoticia.com.mx\/wp-content\/uploads\/2022\/04\/datos-personales-ninos-iaip-400x600.png",400,600,true],"cvmm-medium-square":["https:\/\/diariolanoticia.com.mx\/wp-content\/uploads\/2022\/04\/datos-personales-ninos-iaip-600x600.png",600,600,true],"cvmm-large":["https:\/\/diariolanoticia.com.mx\/wp-content\/uploads\/2022\/04\/datos-personales-ninos-iaip-1024x1024.png",1024,1024,true],"cvmm-small":["https:\/\/diariolanoticia.com.mx\/wp-content\/uploads\/2022\/04\/datos-personales-ninos-iaip-130x95.png",130,95,true],"full":["https:\/\/diariolanoticia.com.mx\/wp-content\/uploads\/2022\/04\/datos-personales-ninos-iaip.png",1728,2304,false]},"_links":{"self":[{"href":"https:\/\/diariolanoticia.com.mx\/index.php?rest_route=\/wp\/v2\/posts\/91487","targetHints":{"allow":["GET"]}}],"collection":[{"href":"https:\/\/diariolanoticia.com.mx\/index.php?rest_route=\/wp\/v2\/posts"}],"about":[{"href":"https:\/\/diariolanoticia.com.mx\/index.php?rest_route=\/wp\/v2\/types\/post"}],"author":[{"embeddable":true,"href":"https:\/\/diariolanoticia.com.mx\/index.php?rest_route=\/wp\/v2\/users\/1"}],"replies":[{"embeddable":true,"href":"https:\/\/diariolanoticia.com.mx\/index.php?rest_route=%2Fwp%2Fv2%2Fcomments&post=91487"}],"version-history":[{"count":1,"href":"https:\/\/diariolanoticia.com.mx\/index.php?rest_route=\/wp\/v2\/posts\/91487\/revisions"}],"predecessor-version":[{"id":91489,"href":"https:\/\/diariolanoticia.com.mx\/index.php?rest_route=\/wp\/v2\/posts\/91487\/revisions\/91489"}],"wp:featuredmedia":[{"embeddable":true,"href":"https:\/\/diariolanoticia.com.mx\/index.php?rest_route=\/wp\/v2\/media\/91488"}],"wp:attachment":[{"href":"https:\/\/diariolanoticia.com.mx\/index.php?rest_route=%2Fwp%2Fv2%2Fmedia&parent=91487"}],"wp:term":[{"taxonomy":"category","embeddable":true,"href":"https:\/\/diariolanoticia.com.mx\/index.php?rest_route=%2Fwp%2Fv2%2Fcategories&post=91487"},{"taxonomy":"post_tag","embeddable":true,"href":"https:\/\/diariolanoticia.com.mx\/index.php?rest_route=%2Fwp%2Fv2%2Ftags&post=91487"}],"curies":[{"name":"wp","href":"https:\/\/api.w.org\/{rel}","templated":true}]}}