{"id":91565,"date":"2022-04-07T19:37:10","date_gmt":"2022-04-07T19:37:10","guid":{"rendered":"https:\/\/diariolanoticia.com.mx\/?p=91565"},"modified":"2022-04-07T19:37:12","modified_gmt":"2022-04-07T19:37:12","slug":"participa-uatx-en-lanzamiento-de-licenciatura-con-perspectiva-en-derechos-humanos","status":"publish","type":"post","link":"https:\/\/diariolanoticia.com.mx\/?p=91565","title":{"rendered":"Participa UATx en lanzamiento de licenciatura con perspectiva en derechos humanos"},"content":{"rendered":"\n<p>Producto de la promoci\u00f3n de la cultura de protecci\u00f3n a los derechos humanos, el Dr. Luis Gonz\u00e1lez Placencia, Rector de la Universidad Aut\u00f3noma de Tlaxcala (UATx) y Presidente del Consejo Regional Centro-Sur de la Asociaci\u00f3n Nacional de Universidades e Instituciones de Educaci\u00f3n Superior (ANUIES), form\u00f3 parte del lanzamiento de la Licenciatura en Derecho con perspectiva en Derechos Humanos, de la Academia Interamericana de Derechos Humanos, perteneciente a la Universidad Aut\u00f3noma de Coahuila (UAdeC).<\/p>\n\n\n\n<p>El Dr. Luis Gonz\u00e1lez Placencia, mencion\u00f3 que, la educaci\u00f3n superior tiene que moverse dentro de la perspectiva de g\u00e9nero, inclusi\u00f3n y ambiente, esto desde una perspectiva territorial, y resalt\u00f3 que esta implementaci\u00f3n del programa educativo es una lectura desde los derechos humanos, lo que implicar\u00e1 un avance importante, ya que, las y los abogados, se formar\u00e1n desde una visi\u00f3n mucho m\u00e1s amplia de lo que significa la relaci\u00f3n con la ciudadan\u00eda y el Estado.<\/p>\n\n\n\n<p>En su mensaje, la Senadora Olga Mar\u00eda del Carmen S\u00e1nchez Cordero D\u00e1vila, en su car\u00e1cter de madrina de este lanzamiento, destac\u00f3 que, es un hecho hist\u00f3rico para nuestro pa\u00eds lo que est\u00e1 haciendo la UAdeC, puesto que es de gran relevancia establecer un modelo de formaci\u00f3n profesional en derecho cuyo eje transversal, durante toda la carrera, est\u00e9 trazado por la perspectiva de derechos humanos y la dignidad humana, siendo una extraordinaria aportaci\u00f3n que servir\u00e1 de referente para el resto de las escuelas y facultades de derecho de todo el pa\u00eds.<\/p>\n\n\n\n<p>Asimismo, en representaci\u00f3n del Lic. Miguel \u00c1ngel Riquelme Sol\u00eds, Gobernador del Estado de Coahuila, el Lic. Valeriano Vald\u00e9s Cabello, enfatiz\u00f3 la importancia en que la educaci\u00f3n est\u00e1 basada en los derechos humanos, que sea cada vez m\u00e1s informativa, m\u00e1s formativa y m\u00e1s especializada, pues solo as\u00ed se podr\u00e1 lograr afianzar m\u00e1s esta cultura, no solo de la legalidad, sino tendiente a la promoci\u00f3n permanente y transversal de su respeto y de su garant\u00eda.<\/p>\n\n\n\n<p>En tanto, el Mtro. Alan Garc\u00eda Campos, Coordinador de la Unidad Legal y de An\u00e1lisis de la Oficina en M\u00e9xico del Alto Comisionado de las Naciones Unidas para los Derechos Humanos, subray\u00f3 que, en el \u00e1mbito del derecho, tendr\u00e1 un efecto potenciador de naturaleza abierta, din\u00e1mica y transformadora, y ello contribuir\u00e1 a inyectarle mayor credibilidad a una rama del conocimiento que est\u00e1 llamada a favorecer la equidad, la armon\u00eda, la solidaridad y la soluci\u00f3n pac\u00edfica institucional de nuestras diferencias, el trato justo, as\u00ed como el ejercicio de la tolerancia y el uso del di\u00e1logo y la raz\u00f3n como veh\u00edculo de entendimiento y comprensi\u00f3n entre los seres humanos.<\/p>\n\n\n\n<p>Para finalizar, la Dra. Irene Spingo, Directora General de la Academia Interamericana de Derechos Humanos, asent\u00f3 que, esta licenciatura, va en l\u00ednea con la pol\u00edtica del estado que se ha implementado y complementa la oferta educativa de la UAdeC, as\u00ed mismo respeta y cumple con uno de los objetivos del Plan Estatal de Derecho Humanos, que es tener ciudades con educaci\u00f3n en esta materia, siendo fundamental, ya que el pa\u00eds tiene una gran deuda con las v\u00edctimas.<\/p>\n","protected":false},"excerpt":{"rendered":"<p>Producto de la promoci\u00f3n de la cultura de protecci\u00f3n a los derechos humanos, el Dr. Luis Gonz\u00e1lez Placencia, Rector de la Universidad Aut\u00f3noma de Tlaxcala (UATx) y Presidente del Consejo Regional Centro-Sur de la Asociaci\u00f3n Nacional de Universidades e Instituciones de Educaci\u00f3n Superior (ANUIES), form\u00f3 parte del lanzamiento de la Licenciatura en Derecho con perspectiva [&hellip;]<\/p>\n","protected":false},"author":1,"featured_media":91566,"comment_status":"open","ping_status":"open","sticky":false,"template":"","format":"standard","meta":{"footnotes":""},"categories":[10],"tags":[],"class_list":["post-91565","post","type-post","status-publish","format-standard","has-post-thumbnail","hentry","category-educacion"],"blog_post_layout_featured_media_urls":{"thumbnail":["https:\/\/diariolanoticia.com.mx\/wp-content\/uploads\/2022\/04\/07-Participa-UATx-en-lanzamiento-de-licenciatura-con-perspectiva-en-derechos-humanos-216x160.jpg",216,160,true],"full":["https:\/\/diariolanoticia.com.mx\/wp-content\/uploads\/2022\/04\/07-Participa-UATx-en-lanzamiento-de-licenciatura-con-perspectiva-en-derechos-humanos.jpg",1420,946,false]},"categories_names":{"10":{"name":"Educaci\u00f3n","link":"https:\/\/diariolanoticia.com.mx\/?cat=10"}},"tags_names":[],"comments_number":"0","wpmagazine_modules_lite_featured_media_urls":{"thumbnail":["https:\/\/diariolanoticia.com.mx\/wp-content\/uploads\/2022\/04\/07-Participa-UATx-en-lanzamiento-de-licenciatura-con-perspectiva-en-derechos-humanos-216x160.jpg",216,160,true],"cvmm-medium":["https:\/\/diariolanoticia.com.mx\/wp-content\/uploads\/2022\/04\/07-Participa-UATx-en-lanzamiento-de-licenciatura-con-perspectiva-en-derechos-humanos-300x300.jpg",300,300,true],"cvmm-medium-plus":["https:\/\/diariolanoticia.com.mx\/wp-content\/uploads\/2022\/04\/07-Participa-UATx-en-lanzamiento-de-licenciatura-con-perspectiva-en-derechos-humanos-305x207.jpg",305,207,true],"cvmm-portrait":["https:\/\/diariolanoticia.com.mx\/wp-content\/uploads\/2022\/04\/07-Participa-UATx-en-lanzamiento-de-licenciatura-con-perspectiva-en-derechos-humanos-400x600.jpg",400,600,true],"cvmm-medium-square":["https:\/\/diariolanoticia.com.mx\/wp-content\/uploads\/2022\/04\/07-Participa-UATx-en-lanzamiento-de-licenciatura-con-perspectiva-en-derechos-humanos-600x600.jpg",600,600,true],"cvmm-large":["https:\/\/diariolanoticia.com.mx\/wp-content\/uploads\/2022\/04\/07-Participa-UATx-en-lanzamiento-de-licenciatura-con-perspectiva-en-derechos-humanos-1024x946.jpg",1024,946,true],"cvmm-small":["https:\/\/diariolanoticia.com.mx\/wp-content\/uploads\/2022\/04\/07-Participa-UATx-en-lanzamiento-de-licenciatura-con-perspectiva-en-derechos-humanos-130x95.jpg",130,95,true],"full":["https:\/\/diariolanoticia.com.mx\/wp-content\/uploads\/2022\/04\/07-Participa-UATx-en-lanzamiento-de-licenciatura-con-perspectiva-en-derechos-humanos.jpg",1420,946,false]},"_links":{"self":[{"href":"https:\/\/diariolanoticia.com.mx\/index.php?rest_route=\/wp\/v2\/posts\/91565","targetHints":{"allow":["GET"]}}],"collection":[{"href":"https:\/\/diariolanoticia.com.mx\/index.php?rest_route=\/wp\/v2\/posts"}],"about":[{"href":"https:\/\/diariolanoticia.com.mx\/index.php?rest_route=\/wp\/v2\/types\/post"}],"author":[{"embeddable":true,"href":"https:\/\/diariolanoticia.com.mx\/index.php?rest_route=\/wp\/v2\/users\/1"}],"replies":[{"embeddable":true,"href":"https:\/\/diariolanoticia.com.mx\/index.php?rest_route=%2Fwp%2Fv2%2Fcomments&post=91565"}],"version-history":[{"count":1,"href":"https:\/\/diariolanoticia.com.mx\/index.php?rest_route=\/wp\/v2\/posts\/91565\/revisions"}],"predecessor-version":[{"id":91567,"href":"https:\/\/diariolanoticia.com.mx\/index.php?rest_route=\/wp\/v2\/posts\/91565\/revisions\/91567"}],"wp:featuredmedia":[{"embeddable":true,"href":"https:\/\/diariolanoticia.com.mx\/index.php?rest_route=\/wp\/v2\/media\/91566"}],"wp:attachment":[{"href":"https:\/\/diariolanoticia.com.mx\/index.php?rest_route=%2Fwp%2Fv2%2Fmedia&parent=91565"}],"wp:term":[{"taxonomy":"category","embeddable":true,"href":"https:\/\/diariolanoticia.com.mx\/index.php?rest_route=%2Fwp%2Fv2%2Fcategories&post=91565"},{"taxonomy":"post_tag","embeddable":true,"href":"https:\/\/diariolanoticia.com.mx\/index.php?rest_route=%2Fwp%2Fv2%2Ftags&post=91565"}],"curies":[{"name":"wp","href":"https:\/\/api.w.org\/{rel}","templated":true}]}}