{"id":91771,"date":"2022-04-11T17:36:24","date_gmt":"2022-04-11T17:36:24","guid":{"rendered":"https:\/\/diariolanoticia.com.mx\/?p=91771"},"modified":"2022-04-11T17:36:24","modified_gmt":"2022-04-11T17:36:24","slug":"resultados-de-consulta-reflejan-que-amlo-es-respaldado-por-la-sociedad-destaca-miguel-barbosa","status":"publish","type":"post","link":"https:\/\/diariolanoticia.com.mx\/?p=91771","title":{"rendered":"Resultados de Consulta reflejan que AMLO es respaldado por la sociedad; destaca Miguel Barbosa"},"content":{"rendered":"\n<p>\ud83d\udd39El gobernador destac\u00f3 que Puebla est\u00e1 dentro de los cinco estados que m\u00e1s votos aport\u00f3 para la continuidad del mandatario federal<\/p>\n\n\n\n<p>\ud83d\udd39La oposici\u00f3n a\u00fan es d\u00e9bil y no est\u00e1 a la altura para contender con L\u00f3pez Obrador, sostuvo<\/p>\n\n\n\n<p>CIUDAD DE PUEBLA, Pue.- Al se\u00f1alar que los resultados de la Consulta Popular demuestran que Andr\u00e9s Manuel L\u00f3pez Obrador es un presidente respaldado por la sociedad, el gobernador Miguel Barbosa Huerta destac\u00f3 que Puebla est\u00e1 dentro de los cinco estados que m\u00e1s votos aport\u00f3 para la continuidad del mandatario federal.<\/p>\n\n\n\n<p>En la habitual videoconferencia de prensa, felicit\u00f3 a las y los poblanos que de manera responsable participaron en esta actividad organizada por el Instituto Nacional Electoral, la cual, apunt\u00f3, fue una importante experiencia de participaci\u00f3n ciudadana y pol\u00edtica a nivel internacional, en la que m\u00e1s de 15 millones de mexicanos decidieron por la continuidad de L\u00f3pez Obrador.<\/p>\n\n\n\n<p>\u201cFue un resultado extraordinario, felicito a los poblanos, poblanas que participaron, los que fueron y votaron en contra tambi\u00e9n los felicito por haber participado, felicito a todos los integrantes de casillas que actuaron con un compromiso mayor. El ejercicio fue extraordinario\u201d, expuso Barbosa Huerta.<\/p>\n\n\n\n<p>Refiri\u00f3 que los resultados no solo demuestran que M\u00e9xico tiene un gran l\u00edder como presidente y que los ciudadanos est\u00e1n satisfechos con su mandato, sino que hay una oposici\u00f3n incipiente que no acaba de aglutinarse, con una visi\u00f3n de sociedad distinta, a\u00fan d\u00e9bil y que no est\u00e1 a la altura para contender con L\u00f3pez Obrador.<\/p>\n\n\n\n<p>Por \u00faltimo, Barbosa Huerta a\u00f1adi\u00f3 que el presidente est\u00e1 por encima de partidos pol\u00edticos, a\u00fan sobre la fuerza pol\u00edtica a la que pertenece, pues insisti\u00f3 que fue la sociedad la que determin\u00f3 su continuidad.<\/p>\n","protected":false},"excerpt":{"rendered":"<p>\ud83d\udd39El gobernador destac\u00f3 que Puebla est\u00e1 dentro de los cinco estados que m\u00e1s votos aport\u00f3 para la continuidad del mandatario federal \ud83d\udd39La oposici\u00f3n a\u00fan es d\u00e9bil y no est\u00e1 a la altura para contender con L\u00f3pez Obrador, sostuvo CIUDAD DE PUEBLA, Pue.- Al se\u00f1alar que los resultados de la Consulta Popular demuestran que Andr\u00e9s Manuel [&hellip;]<\/p>\n","protected":false},"author":1,"featured_media":91770,"comment_status":"open","ping_status":"open","sticky":false,"template":"","format":"standard","meta":{"footnotes":""},"categories":[20],"tags":[52],"class_list":["post-91771","post","type-post","status-publish","format-standard","has-post-thumbnail","hentry","category-norte-de-puebla","tag-puebla"],"blog_post_layout_featured_media_urls":{"thumbnail":["https:\/\/diariolanoticia.com.mx\/wp-content\/uploads\/2022\/04\/img_9316-216x160.jpg",216,160,true],"full":["https:\/\/diariolanoticia.com.mx\/wp-content\/uploads\/2022\/04\/img_9316.jpg",1500,1000,false]},"categories_names":{"20":{"name":"Norte de Puebla","link":"https:\/\/diariolanoticia.com.mx\/?cat=20"}},"tags_names":{"52":{"name":"Puebla","link":"https:\/\/diariolanoticia.com.mx\/?tag=puebla"}},"comments_number":"0","wpmagazine_modules_lite_featured_media_urls":{"thumbnail":["https:\/\/diariolanoticia.com.mx\/wp-content\/uploads\/2022\/04\/img_9316-216x160.jpg",216,160,true],"cvmm-medium":["https:\/\/diariolanoticia.com.mx\/wp-content\/uploads\/2022\/04\/img_9316-300x300.jpg",300,300,true],"cvmm-medium-plus":["https:\/\/diariolanoticia.com.mx\/wp-content\/uploads\/2022\/04\/img_9316-305x207.jpg",305,207,true],"cvmm-portrait":["https:\/\/diariolanoticia.com.mx\/wp-content\/uploads\/2022\/04\/img_9316-400x600.jpg",400,600,true],"cvmm-medium-square":["https:\/\/diariolanoticia.com.mx\/wp-content\/uploads\/2022\/04\/img_9316-600x600.jpg",600,600,true],"cvmm-large":["https:\/\/diariolanoticia.com.mx\/wp-content\/uploads\/2022\/04\/img_9316-1024x1000.jpg",1024,1000,true],"cvmm-small":["https:\/\/diariolanoticia.com.mx\/wp-content\/uploads\/2022\/04\/img_9316-130x95.jpg",130,95,true],"full":["https:\/\/diariolanoticia.com.mx\/wp-content\/uploads\/2022\/04\/img_9316.jpg",1500,1000,false]},"_links":{"self":[{"href":"https:\/\/diariolanoticia.com.mx\/index.php?rest_route=\/wp\/v2\/posts\/91771","targetHints":{"allow":["GET"]}}],"collection":[{"href":"https:\/\/diariolanoticia.com.mx\/index.php?rest_route=\/wp\/v2\/posts"}],"about":[{"href":"https:\/\/diariolanoticia.com.mx\/index.php?rest_route=\/wp\/v2\/types\/post"}],"author":[{"embeddable":true,"href":"https:\/\/diariolanoticia.com.mx\/index.php?rest_route=\/wp\/v2\/users\/1"}],"replies":[{"embeddable":true,"href":"https:\/\/diariolanoticia.com.mx\/index.php?rest_route=%2Fwp%2Fv2%2Fcomments&post=91771"}],"version-history":[{"count":1,"href":"https:\/\/diariolanoticia.com.mx\/index.php?rest_route=\/wp\/v2\/posts\/91771\/revisions"}],"predecessor-version":[{"id":91772,"href":"https:\/\/diariolanoticia.com.mx\/index.php?rest_route=\/wp\/v2\/posts\/91771\/revisions\/91772"}],"wp:featuredmedia":[{"embeddable":true,"href":"https:\/\/diariolanoticia.com.mx\/index.php?rest_route=\/wp\/v2\/media\/91770"}],"wp:attachment":[{"href":"https:\/\/diariolanoticia.com.mx\/index.php?rest_route=%2Fwp%2Fv2%2Fmedia&parent=91771"}],"wp:term":[{"taxonomy":"category","embeddable":true,"href":"https:\/\/diariolanoticia.com.mx\/index.php?rest_route=%2Fwp%2Fv2%2Fcategories&post=91771"},{"taxonomy":"post_tag","embeddable":true,"href":"https:\/\/diariolanoticia.com.mx\/index.php?rest_route=%2Fwp%2Fv2%2Ftags&post=91771"}],"curies":[{"name":"wp","href":"https:\/\/api.w.org\/{rel}","templated":true}]}}