{"id":91813,"date":"2022-04-12T14:34:23","date_gmt":"2022-04-12T14:34:23","guid":{"rendered":"https:\/\/diariolanoticia.com.mx\/?p=91813"},"modified":"2022-04-12T14:34:24","modified_gmt":"2022-04-12T14:34:24","slug":"con-exito-celebro-la-sc-decima-edicion-del-festival-del-maiz-2022","status":"publish","type":"post","link":"https:\/\/diariolanoticia.com.mx\/?p=91813","title":{"rendered":"Con \u00e9xito, celebr\u00f3 la SC d\u00e9cima edici\u00f3n del festival del ma\u00edz 2022"},"content":{"rendered":"\n<p><em>*En Ixtenco se realizaron foros, expo-venta de artesan\u00edas, talleres, conferencias y diversas actividades art\u00edsticas<\/em><\/p>\n\n\n\n<p>Con una copiosa participaci\u00f3n se llev\u00f3 a cabo la d\u00e9cima edici\u00f3n del \u201cNgo r\u2019e deth\u00e4\u201d (Fiesta del Ma\u00edz) en el municipio de Ixtenco del 9 al 11 de abril, como parte de las acciones de fomento, defensa y preservaci\u00f3n de las semillas nativas.<\/p>\n\n\n\n<p>El Gobierno del Estado, a trav\u00e9s de la Secretar\u00eda de Cultura (SC) de Tlaxcala, apoy\u00f3 e impuls\u00f3 las actividades encaminadas a difundir la defensa del ma\u00edz originario, resalt\u00f3 su titular Antonio Mart\u00ednez Vel\u00e1zquez.<\/p>\n\n\n\n<p>\u201cRespeto mucho el trabajo que se ha hecho en Ixtenco en la \u00faltima d\u00e9cada para preservar el ma\u00edz; Tlaxcala es basti\u00f3n de la lucha en contra del transg\u00e9nico y vamos a seguir apoyando esa lucha. La actividad agraria es eminentemente cultural que brinda identidad y sentido a un pueblo. Estar aqu\u00ed y poder acompa\u00f1ar a la comunidad y ver sus planteamientos alrededor de la defensa, preservaci\u00f3n, investigaci\u00f3n y divulgaci\u00f3n del ma\u00edz nativo\u201d, explic\u00f3.<\/p>\n\n\n\n<p>Destac\u00f3 la importancia de la iniciativa comunitaria para que las y los campesinos, a trav\u00e9s de la expo\u2013venta, mostraran la diversidad de ma\u00edces que a la fecha se preservan en el municipio de Ixtenco y a lo largo del territorio estatal.<\/p>\n\n\n\n<p>El funcionario estatal subray\u00f3 el apoyo del coordinador del festival, Cornelio Hern\u00e1ndez Rojas y de la organizadora Ver\u00f3nica Bernardino Sangrado, quienes fomentan entre las nuevas generaciones la herencia cultural y alimentaria que preserva esta semilla, la cual ha representado con orgullo al estado y el pa\u00eds.&nbsp;<\/p>\n\n\n\n<p>En el foro se presentaron actividades art\u00edsticas, adem\u00e1s de conferencias con la participaci\u00f3n de varios investigadores que comparten los resultados de sus estudios realizados en torno a los productos derivados del campo.<\/p>\n\n\n\n<p>Con m\u00e1s de 40 expositores, la celebraci\u00f3n incluy\u00f3 la oferta de dulces tradicionales, bordados y tejidos que forman parte de la indumentaria tradicional de la comunidad Yumhu, \u00e1rea de gastronom\u00eda del ma\u00edz, talleres para ni\u00f1os, exposici\u00f3n de instrumentos agr\u00edcolas y metates para la molienda del ma\u00edz.<\/p>\n","protected":false},"excerpt":{"rendered":"<p>*En Ixtenco se realizaron foros, expo-venta de artesan\u00edas, talleres, conferencias y diversas actividades art\u00edsticas Con una copiosa participaci\u00f3n se llev\u00f3 a cabo la d\u00e9cima edici\u00f3n del \u201cNgo r\u2019e deth\u00e4\u201d (Fiesta del Ma\u00edz) en el municipio de Ixtenco del 9 al 11 de abril, como parte de las acciones de fomento, defensa y preservaci\u00f3n de las [&hellip;]<\/p>\n","protected":false},"author":1,"featured_media":91814,"comment_status":"open","ping_status":"open","sticky":false,"template":"","format":"standard","meta":{"footnotes":""},"categories":[21],"tags":[],"class_list":["post-91813","post","type-post","status-publish","format-standard","has-post-thumbnail","hentry","category-estatal"],"blog_post_layout_featured_media_urls":{"thumbnail":["https:\/\/diariolanoticia.com.mx\/wp-content\/uploads\/2022\/04\/110422_SC_FESTIVAL-MAIZ-1-216x160.jpeg",216,160,true],"full":["https:\/\/diariolanoticia.com.mx\/wp-content\/uploads\/2022\/04\/110422_SC_FESTIVAL-MAIZ-1.jpeg",1280,854,false]},"categories_names":{"21":{"name":"Estatal","link":"https:\/\/diariolanoticia.com.mx\/?cat=21"}},"tags_names":[],"comments_number":"0","wpmagazine_modules_lite_featured_media_urls":{"thumbnail":["https:\/\/diariolanoticia.com.mx\/wp-content\/uploads\/2022\/04\/110422_SC_FESTIVAL-MAIZ-1-216x160.jpeg",216,160,true],"cvmm-medium":["https:\/\/diariolanoticia.com.mx\/wp-content\/uploads\/2022\/04\/110422_SC_FESTIVAL-MAIZ-1-300x300.jpeg",300,300,true],"cvmm-medium-plus":["https:\/\/diariolanoticia.com.mx\/wp-content\/uploads\/2022\/04\/110422_SC_FESTIVAL-MAIZ-1-305x207.jpeg",305,207,true],"cvmm-portrait":["https:\/\/diariolanoticia.com.mx\/wp-content\/uploads\/2022\/04\/110422_SC_FESTIVAL-MAIZ-1-400x600.jpeg",400,600,true],"cvmm-medium-square":["https:\/\/diariolanoticia.com.mx\/wp-content\/uploads\/2022\/04\/110422_SC_FESTIVAL-MAIZ-1-600x600.jpeg",600,600,true],"cvmm-large":["https:\/\/diariolanoticia.com.mx\/wp-content\/uploads\/2022\/04\/110422_SC_FESTIVAL-MAIZ-1-1024x854.jpeg",1024,854,true],"cvmm-small":["https:\/\/diariolanoticia.com.mx\/wp-content\/uploads\/2022\/04\/110422_SC_FESTIVAL-MAIZ-1-130x95.jpeg",130,95,true],"full":["https:\/\/diariolanoticia.com.mx\/wp-content\/uploads\/2022\/04\/110422_SC_FESTIVAL-MAIZ-1.jpeg",1280,854,false]},"_links":{"self":[{"href":"https:\/\/diariolanoticia.com.mx\/index.php?rest_route=\/wp\/v2\/posts\/91813","targetHints":{"allow":["GET"]}}],"collection":[{"href":"https:\/\/diariolanoticia.com.mx\/index.php?rest_route=\/wp\/v2\/posts"}],"about":[{"href":"https:\/\/diariolanoticia.com.mx\/index.php?rest_route=\/wp\/v2\/types\/post"}],"author":[{"embeddable":true,"href":"https:\/\/diariolanoticia.com.mx\/index.php?rest_route=\/wp\/v2\/users\/1"}],"replies":[{"embeddable":true,"href":"https:\/\/diariolanoticia.com.mx\/index.php?rest_route=%2Fwp%2Fv2%2Fcomments&post=91813"}],"version-history":[{"count":1,"href":"https:\/\/diariolanoticia.com.mx\/index.php?rest_route=\/wp\/v2\/posts\/91813\/revisions"}],"predecessor-version":[{"id":91815,"href":"https:\/\/diariolanoticia.com.mx\/index.php?rest_route=\/wp\/v2\/posts\/91813\/revisions\/91815"}],"wp:featuredmedia":[{"embeddable":true,"href":"https:\/\/diariolanoticia.com.mx\/index.php?rest_route=\/wp\/v2\/media\/91814"}],"wp:attachment":[{"href":"https:\/\/diariolanoticia.com.mx\/index.php?rest_route=%2Fwp%2Fv2%2Fmedia&parent=91813"}],"wp:term":[{"taxonomy":"category","embeddable":true,"href":"https:\/\/diariolanoticia.com.mx\/index.php?rest_route=%2Fwp%2Fv2%2Fcategories&post=91813"},{"taxonomy":"post_tag","embeddable":true,"href":"https:\/\/diariolanoticia.com.mx\/index.php?rest_route=%2Fwp%2Fv2%2Ftags&post=91813"}],"curies":[{"name":"wp","href":"https:\/\/api.w.org\/{rel}","templated":true}]}}