{"id":92295,"date":"2022-04-20T14:21:21","date_gmt":"2022-04-20T14:21:21","guid":{"rendered":"https:\/\/diariolanoticia.com.mx\/?p=92295"},"modified":"2022-04-20T14:21:22","modified_gmt":"2022-04-20T14:21:22","slug":"declara-lxiv-legislatura-heraldo-de-la-educacion-y-justicia-ambiental-al-dr-ricardo-lorenzetti","status":"publish","type":"post","link":"https:\/\/diariolanoticia.com.mx\/?p=92295","title":{"rendered":"Declara LXIV Legislatura \u00abHeraldo de la Educaci\u00f3n y Justicia Ambiental\u00bb al Dr. Ricardo Lorenzetti"},"content":{"rendered":"\n<p>Las y los diputados integrantes de la LXIV Legislatura del Congreso del Estado de Tlaxcala, aprobaron por mayor\u00eda de votos la iniciativa con car\u00e1cter de dictamen con proyecto de acuerdo para declarar \u00abHeraldo de la Educaci\u00f3n y Justicia Ambiental\u00bb al Dr. Ricardo Lorenzetti, por los servicios eminentes prestados en beneficio del bien colectivo de los tlaxcaltecas en la materializaci\u00f3n de un efectivo derecho ambiental.<\/p>\n\n\n\n<p>En la vig\u00e9sima sexta sesi\u00f3n ordinaria las diputadas Marcela Gonz\u00e1lez Castillo y Laura Alejandra Ram\u00edrez Ortiz, dieron lectura al dictamen presentado por la Comisi\u00f3n de Educaci\u00f3n, Cultura, Ciencia y Tecnolog\u00eda y de la Comisi\u00f3n de Medio Ambiente y Recursos Naturales, mismas que ellas presiden.<\/p>\n\n\n\n<p>En la m\u00e1xima tribuna de la entidad, las congresistas fundamentaron &nbsp;que gracias a las aportaciones de Ricardo Lorenzetti, las cuales no est\u00e1n dirigidas a determinado pa\u00eds o regi\u00f3n, sino, que constituyen contribuciones para el fortalecimiento de un derecho fundamental de todas las personas, como lo es el preservar y proteger el medio ambiente, liberarlo de contaminaci\u00f3n, o mejorarlo en caso de estar afectado, mediante la lucha de contra la contaminaci\u00f3n, la preservaci\u00f3n de la biodiversidad y la protecci\u00f3n de los recursos naturales, para que exista un entorno humanamente saludable.<\/p>\n\n\n\n<p>Es por ello, que el Congreso Local otorgar\u00e1 dicho t\u00edtulo a quien tambi\u00e9n fue nombrado embajador de buena voluntad por la justicia ambiental de las Am\u00e9ricas en 2016 por la Secretar\u00eda de la Organizaci\u00f3n de los Estados Americanos (OEA), como s\u00edmbolo de gratitud por la promoci\u00f3n de los derechos ambientales.<\/p>\n\n\n\n<p>La diputada Alejandra Ram\u00edrez Ortiz destac\u00f3 que a ra\u00edz de la pandemia por Sars-Cov 2 se acrecent\u00f3 la crisis ambiental que existe en el mundo, se\u00f1alando que a partir de que lleg\u00f3 a los hogares de las familias, \u00abse tom\u00f3 conciencia de que una guerra biol\u00f3gica o una inundaci\u00f3n, o un tornado, o un calentamiento o las migraciones masivas, son imposibles de detener\u00bb.<\/p>\n\n\n\n<p>Es por ello, que el Congreso del Estado de manera muy especial busca reconocer \u00abla teor\u00eda de Derecho Ambiental que plantea el Dr. Lorenzetti, la que resulta ser una espl\u00e9ndida obra que tienen un especial atractivo acad\u00e9mico, obra que fue editada en M\u00e9xico, en la cual reconoce como sujeto a la naturaleza.<\/p>\n\n\n\n<p>Adem\u00e1s, cuenta con gran trayectoria en temas ambientalistas y de justicia ecolog\u00eda el Dr. Ricardo Lorenzetti, como Ministro de la Suprema Corte de Justicia de la Naci\u00f3n Argentina, jurista y acad\u00e9mico de gran trayectoria, galardonado con distintos premios nacionales e internacionales, con 3 nombramientos de &nbsp;Doctor Honoris Causa, otorgados por distintas academias, conferencista mundial y autor de m\u00e1s de 40 libros sobre temas ambientales y de derecho, que han sido publicados en distintos pa\u00edses.<\/p>\n\n\n\n<p>Cabe recalcar que este reconocimiento ser\u00e1 entregado el 23 de abril de 2022 por las comisiones unidas de Educaci\u00f3n, Cultura, Ciencia y Tecnolog\u00eda y la de Medio Ambiente y Recurso Naturales.&nbsp;<\/p>\n","protected":false},"excerpt":{"rendered":"<p>Las y los diputados integrantes de la LXIV Legislatura del Congreso del Estado de Tlaxcala, aprobaron por mayor\u00eda de votos la iniciativa con car\u00e1cter de dictamen con proyecto de acuerdo para declarar \u00abHeraldo de la Educaci\u00f3n y Justicia Ambiental\u00bb al Dr. Ricardo Lorenzetti, por los servicios eminentes prestados en beneficio del bien colectivo de los [&hellip;]<\/p>\n","protected":false},"author":1,"featured_media":92296,"comment_status":"open","ping_status":"open","sticky":false,"template":"","format":"standard","meta":{"footnotes":""},"categories":[22],"tags":[],"class_list":["post-92295","post","type-post","status-publish","format-standard","has-post-thumbnail","hentry","category-congreso"],"blog_post_layout_featured_media_urls":{"thumbnail":["https:\/\/diariolanoticia.com.mx\/wp-content\/uploads\/2022\/04\/VOTACION-PLENO-LXIV-LEGISLATURA-2-216x160.jpg",216,160,true],"full":["https:\/\/diariolanoticia.com.mx\/wp-content\/uploads\/2022\/04\/VOTACION-PLENO-LXIV-LEGISLATURA-2.jpg",1024,768,false]},"categories_names":{"22":{"name":"Congreso","link":"https:\/\/diariolanoticia.com.mx\/?cat=22"}},"tags_names":[],"comments_number":"0","wpmagazine_modules_lite_featured_media_urls":{"thumbnail":["https:\/\/diariolanoticia.com.mx\/wp-content\/uploads\/2022\/04\/VOTACION-PLENO-LXIV-LEGISLATURA-2-216x160.jpg",216,160,true],"cvmm-medium":["https:\/\/diariolanoticia.com.mx\/wp-content\/uploads\/2022\/04\/VOTACION-PLENO-LXIV-LEGISLATURA-2-300x300.jpg",300,300,true],"cvmm-medium-plus":["https:\/\/diariolanoticia.com.mx\/wp-content\/uploads\/2022\/04\/VOTACION-PLENO-LXIV-LEGISLATURA-2-305x207.jpg",305,207,true],"cvmm-portrait":["https:\/\/diariolanoticia.com.mx\/wp-content\/uploads\/2022\/04\/VOTACION-PLENO-LXIV-LEGISLATURA-2-400x600.jpg",400,600,true],"cvmm-medium-square":["https:\/\/diariolanoticia.com.mx\/wp-content\/uploads\/2022\/04\/VOTACION-PLENO-LXIV-LEGISLATURA-2-600x600.jpg",600,600,true],"cvmm-large":["https:\/\/diariolanoticia.com.mx\/wp-content\/uploads\/2022\/04\/VOTACION-PLENO-LXIV-LEGISLATURA-2.jpg",1024,768,false],"cvmm-small":["https:\/\/diariolanoticia.com.mx\/wp-content\/uploads\/2022\/04\/VOTACION-PLENO-LXIV-LEGISLATURA-2-130x95.jpg",130,95,true],"full":["https:\/\/diariolanoticia.com.mx\/wp-content\/uploads\/2022\/04\/VOTACION-PLENO-LXIV-LEGISLATURA-2.jpg",1024,768,false]},"_links":{"self":[{"href":"https:\/\/diariolanoticia.com.mx\/index.php?rest_route=\/wp\/v2\/posts\/92295","targetHints":{"allow":["GET"]}}],"collection":[{"href":"https:\/\/diariolanoticia.com.mx\/index.php?rest_route=\/wp\/v2\/posts"}],"about":[{"href":"https:\/\/diariolanoticia.com.mx\/index.php?rest_route=\/wp\/v2\/types\/post"}],"author":[{"embeddable":true,"href":"https:\/\/diariolanoticia.com.mx\/index.php?rest_route=\/wp\/v2\/users\/1"}],"replies":[{"embeddable":true,"href":"https:\/\/diariolanoticia.com.mx\/index.php?rest_route=%2Fwp%2Fv2%2Fcomments&post=92295"}],"version-history":[{"count":1,"href":"https:\/\/diariolanoticia.com.mx\/index.php?rest_route=\/wp\/v2\/posts\/92295\/revisions"}],"predecessor-version":[{"id":92297,"href":"https:\/\/diariolanoticia.com.mx\/index.php?rest_route=\/wp\/v2\/posts\/92295\/revisions\/92297"}],"wp:featuredmedia":[{"embeddable":true,"href":"https:\/\/diariolanoticia.com.mx\/index.php?rest_route=\/wp\/v2\/media\/92296"}],"wp:attachment":[{"href":"https:\/\/diariolanoticia.com.mx\/index.php?rest_route=%2Fwp%2Fv2%2Fmedia&parent=92295"}],"wp:term":[{"taxonomy":"category","embeddable":true,"href":"https:\/\/diariolanoticia.com.mx\/index.php?rest_route=%2Fwp%2Fv2%2Fcategories&post=92295"},{"taxonomy":"post_tag","embeddable":true,"href":"https:\/\/diariolanoticia.com.mx\/index.php?rest_route=%2Fwp%2Fv2%2Ftags&post=92295"}],"curies":[{"name":"wp","href":"https:\/\/api.w.org\/{rel}","templated":true}]}}