{"id":92366,"date":"2022-04-21T14:32:24","date_gmt":"2022-04-21T14:32:24","guid":{"rendered":"https:\/\/diariolanoticia.com.mx\/?p=92366"},"modified":"2022-04-21T14:32:24","modified_gmt":"2022-04-21T14:32:24","slug":"se-realiza-iii-conversatorio-sobre-la-ley-ganadera-en-el-congreso-del-estado","status":"publish","type":"post","link":"https:\/\/diariolanoticia.com.mx\/?p=92366","title":{"rendered":"Se realiza III Conversatorio sobre la Ley Ganadera en el Congreso del Estado"},"content":{"rendered":"\n<p>Integrantes del Cuerpo Colegiado Multidisciplinario 1910 y el Colegio de M\u00e9dicos Veterinarios Zootecnistas de Tlaxcala A.C., llevaron a cabo en el Patio Vitral del Congreso del Estado el III Conversatorio sobre An\u00e1lisis y Presupuesto de la Reforma a la Ley Ganadera, con el objetivo de presentar propuestas por especialistas para actualizar el marco jur\u00eddico acorde a las necesidades del sector ganadero y agropecuario en general.<\/p>\n\n\n\n<p>Durante el desarrollo de este foro se expusieron temas de gran importancia, por ejemplo, establecer medidas de atenci\u00f3n para el cuidado y preservaci\u00f3n de las abejas a partir de la apicultura y la activaci\u00f3n de protocolos de polinizaci\u00f3n.<\/p>\n\n\n\n<p>Los ponentes tambi\u00e9n analizaron el acceso a la salud p\u00fablica de las y los veterinarios, al ser el primer contacto ante enfermedades zootecnistas; y la necesidad de cumplir con las normas de atenci\u00f3n a animales con alguna afecci\u00f3n para evitar contagios biol\u00f3gico-infecciosos.<\/p>\n\n\n\n<p>Los especialistas tambi\u00e9n abordaron las leyes a nivel federal y estatal en la materia, sobre todo lo referente para el para el bienestar animal, su repercusi\u00f3n en la salud p\u00fablica y procesos productivos; as\u00ed como las mujeres en el sector primario, centinelas ante las enfermedades zoosanitarias, br\u00facela y tuberculosis.<\/p>\n\n\n\n<p>Al conversatorio acudi\u00f3 el presidente de la Mesa Directiva del Congreso del Estado, el diputado Miguel \u00c1ngel Caballero Yonca, quien dio la bienvenida a las y los organizadores y asistentes, al tiempo que reconoci\u00f3 el trabajo coordinado para lograr avances en materia legislativa y social, por lo que se&nbsp; comprometi\u00f3 en apoyar las problem\u00e1ticas desde su trinchera.<\/p>\n\n\n\n<p>Tambi\u00e9n se cont\u00f3 con la presencia titular de la Secretar\u00eda de Impulso Agropecuario, Rafael de la Pe\u00f1a Bernal; del presidente de Tlaxcala a Caballo, Juan Carlos Valdez Hern\u00e1ndez; de los integrantes del Cuerpo Colegiado Multidisciplinario 1910, Ra\u00fal Cuapantecatl Matlalcuatzi y Oscar Romero P\u00e9rez, as\u00ed como el delegado de la SADER en Tlaxcala, Misael del Razo Hern\u00e1ndez.&nbsp;<\/p>\n","protected":false},"excerpt":{"rendered":"<p>Integrantes del Cuerpo Colegiado Multidisciplinario 1910 y el Colegio de M\u00e9dicos Veterinarios Zootecnistas de Tlaxcala A.C., llevaron a cabo en el Patio Vitral del Congreso del Estado el III Conversatorio sobre An\u00e1lisis y Presupuesto de la Reforma a la Ley Ganadera, con el objetivo de presentar propuestas por especialistas para actualizar el marco jur\u00eddico acorde [&hellip;]<\/p>\n","protected":false},"author":1,"featured_media":92367,"comment_status":"open","ping_status":"open","sticky":false,"template":"","format":"standard","meta":{"footnotes":""},"categories":[22],"tags":[],"class_list":["post-92366","post","type-post","status-publish","format-standard","has-post-thumbnail","hentry","category-congreso"],"blog_post_layout_featured_media_urls":{"thumbnail":["https:\/\/diariolanoticia.com.mx\/wp-content\/uploads\/2022\/04\/Tercer-Convesartorio-6-216x160.jpg",216,160,true],"full":["https:\/\/diariolanoticia.com.mx\/wp-content\/uploads\/2022\/04\/Tercer-Convesartorio-6.jpg",1280,853,false]},"categories_names":{"22":{"name":"Congreso","link":"https:\/\/diariolanoticia.com.mx\/?cat=22"}},"tags_names":[],"comments_number":"0","wpmagazine_modules_lite_featured_media_urls":{"thumbnail":["https:\/\/diariolanoticia.com.mx\/wp-content\/uploads\/2022\/04\/Tercer-Convesartorio-6-216x160.jpg",216,160,true],"cvmm-medium":["https:\/\/diariolanoticia.com.mx\/wp-content\/uploads\/2022\/04\/Tercer-Convesartorio-6-300x300.jpg",300,300,true],"cvmm-medium-plus":["https:\/\/diariolanoticia.com.mx\/wp-content\/uploads\/2022\/04\/Tercer-Convesartorio-6-305x207.jpg",305,207,true],"cvmm-portrait":["https:\/\/diariolanoticia.com.mx\/wp-content\/uploads\/2022\/04\/Tercer-Convesartorio-6-400x600.jpg",400,600,true],"cvmm-medium-square":["https:\/\/diariolanoticia.com.mx\/wp-content\/uploads\/2022\/04\/Tercer-Convesartorio-6-600x600.jpg",600,600,true],"cvmm-large":["https:\/\/diariolanoticia.com.mx\/wp-content\/uploads\/2022\/04\/Tercer-Convesartorio-6-1024x853.jpg",1024,853,true],"cvmm-small":["https:\/\/diariolanoticia.com.mx\/wp-content\/uploads\/2022\/04\/Tercer-Convesartorio-6-130x95.jpg",130,95,true],"full":["https:\/\/diariolanoticia.com.mx\/wp-content\/uploads\/2022\/04\/Tercer-Convesartorio-6.jpg",1280,853,false]},"_links":{"self":[{"href":"https:\/\/diariolanoticia.com.mx\/index.php?rest_route=\/wp\/v2\/posts\/92366","targetHints":{"allow":["GET"]}}],"collection":[{"href":"https:\/\/diariolanoticia.com.mx\/index.php?rest_route=\/wp\/v2\/posts"}],"about":[{"href":"https:\/\/diariolanoticia.com.mx\/index.php?rest_route=\/wp\/v2\/types\/post"}],"author":[{"embeddable":true,"href":"https:\/\/diariolanoticia.com.mx\/index.php?rest_route=\/wp\/v2\/users\/1"}],"replies":[{"embeddable":true,"href":"https:\/\/diariolanoticia.com.mx\/index.php?rest_route=%2Fwp%2Fv2%2Fcomments&post=92366"}],"version-history":[{"count":1,"href":"https:\/\/diariolanoticia.com.mx\/index.php?rest_route=\/wp\/v2\/posts\/92366\/revisions"}],"predecessor-version":[{"id":92368,"href":"https:\/\/diariolanoticia.com.mx\/index.php?rest_route=\/wp\/v2\/posts\/92366\/revisions\/92368"}],"wp:featuredmedia":[{"embeddable":true,"href":"https:\/\/diariolanoticia.com.mx\/index.php?rest_route=\/wp\/v2\/media\/92367"}],"wp:attachment":[{"href":"https:\/\/diariolanoticia.com.mx\/index.php?rest_route=%2Fwp%2Fv2%2Fmedia&parent=92366"}],"wp:term":[{"taxonomy":"category","embeddable":true,"href":"https:\/\/diariolanoticia.com.mx\/index.php?rest_route=%2Fwp%2Fv2%2Fcategories&post=92366"},{"taxonomy":"post_tag","embeddable":true,"href":"https:\/\/diariolanoticia.com.mx\/index.php?rest_route=%2Fwp%2Fv2%2Ftags&post=92366"}],"curies":[{"name":"wp","href":"https:\/\/api.w.org\/{rel}","templated":true}]}}